{"id":10008,"date":"2019-02-08T11:49:42","date_gmt":"2019-02-08T09:49:42","guid":{"rendered":"http:\/\/www.nollendorfblog.de\/?p=10008"},"modified":"2019-03-02T12:03:20","modified_gmt":"2019-03-02T10:03:20","slug":"vier-einfache-fragen-an-peter-kraus-zu-andreas-gabalier-2","status":"publish","type":"post","link":"https:\/\/www.nollendorfblog.de\/?p=10008","title":{"rendered":"Save the Date: Gro\u00dfe Community-Gala zu 10 Jahre Nollendorfblog am 28. Mai im Tipi am Kanzleramt"},"content":{"rendered":"\n<p><\/p>\n\n\n\n<p>Liebe Leserinnen und Leser des Nollendorfblogs,<\/p>\n\n\n\n<p>das Nollendorfblog wird in diesem Fr\u00fchjahr zehn Jahre alt. In dieser Zeit ist viel passiert. Als ich dieses Blog 2009 begonnen habe, war sich die Gesellschaft weitgehend dar\u00fcber einig, dass es f\u00fcr LGBTI nun immer besser w\u00fcrde, dass alles, was es noch zu erreichen gab, nur noch eine Frage der Zeit sei. Und ja, es hat sich viel verbessert. Schaut man zum Vergleich noch ein paar Jahrzehnte zur\u00fcck, dann hat sich sogar mehr getan, als sich die meisten von uns je vorstellen konnten.<\/p>\n\n\n\n<p>Und doch, das wissen wir heute: Es war eben nicht vor allem eine Frage der Zeit. Das, was wir erstritten haben, kam nicht von selbst, es ist vor allem das Ergebnis eines langen Kampfes unserer Community. Und noch etwas haben wir in den letzten zehn Jahren gelernt: Wir haben die Sicherheit verloren, dass alles immer besser wird. Vieles ist auch schlechter geworden, die Grenzen des Sagbaren verschieben sich gegen uns und andere Minderheiten. Wir m\u00fcssen heute wieder \u00fcber Dinge diskutieren, die wir schon l\u00e4ngst dachten, &#8222;abgehakt&#8220; zu haben. Wenn wir heute auf die n\u00e4chsten zehn Jahre Blicken, dann ist es anders als vor zehn Jahren: Es wird immer besser, alles eine Frage der Zeit, das war einmal.<\/p>\n\n\n\n<p>Aber auch innerhalb der Community hat sich einiges ver\u00e4ndert. Einige von uns sind sogar der Meinung, dass es Community nicht mehr braucht. Oder dass Community nicht mehr &#8222;funktioniert&#8220;.<\/p>\n\n\n\n<p>Wer dieses Blog liest, wei\u00df, dass ich das anders sehe. Ich glaube fest an unsere Community. Vielleicht sogar mehr denn je. Ja, es muss Ver\u00e4nderungen geben, ja, alle Gewissheiten m\u00fcssen \u00fcberdacht werden. Aber war das nicht immer so?<\/p>\n\n\n\n<p>Seit fast nun einem Jahr bin ich auf Lesereise mit meinem Buch, das auch diesem Blog basiert. Wenn ich unterwegs bin, erfahre ich jeden Abend  in kleinen wie gro\u00dfen Orten in Deutschland, wie stark unsere Community ist, was f\u00fcr gro\u00dfartige Leute wir haben. Ich erlebe und bin \u00fcberw\u00e4ltigt davon, wie dort gearbeitet, wie dort vor Ort Gesellschaft ver\u00e4ndert wird.  Und wie dort auch verstanden wird, wie divers wir sein m\u00fcssen, weil verstanden wird, wie divers wir sind. <br><\/p>\n\n\n\n<p>Nein, die n\u00e4chsten zehn Jahre werden nicht einfach, sowohl, was die Konflikte nach innen, als auch die nach au\u00dfen betrifft. Aber ich bin mir sicher: Wenn jemand darauf vorbereitet ist, dann unsere Community. Lasst uns \u00fcber sie streiten. Aber lasst sie uns nicht kaputtreden!<\/p>\n\n\n\n<p>In diesem Blog soll in den n\u00e4chsten Wochen deshalb vermehrt darum gehen, wie wir unsere Community st\u00e4rken und weiterentwickeln k\u00f6nnen. Aber der Jahrestag ist auch eine gute Gelegenheit, einmal von online auf offline zu wechseln:<br><\/p>\n\n\n\n<p>Ich m\u00f6chte das 10-j\u00e4hrige Bestehen dieses Blogs mit einem Community-Fest feiern, ein Abend, an dem wir zur\u00fcckblicken auf die Ereignisse des letzten Jahrzehnts, aber auch dar\u00fcber reden, was nun zu tun ist. Wie hat sich die Gesellschaft in den letzten zehn Jahren ver\u00e4ndert? Was bedeutet das f\u00fcr LGBTI aber auch f\u00fcr andere Minderheiten?<\/p>\n\n\n\n<p>Es wird Begenung und Wiedersehen mit wichtigen AkteurInnen, mit <br>prominenten Talk-G\u00e4sten aus Politik, Kultur und der queeren Community.<\/p>\n\n\n\n<p>Aber nat\u00fcrlich wird auch gefeiert mit vielen illustren musikalischen Showacts, die von Florian Ludewig (\u201eMalediva\u201c) am  Piano begleitet werden. <\/p>\n\n\n\n<p>Wer alles dabei sein wird, wird hier am 1. M\u00e4rz bekannt gegeben, dann startet auch der Vorverkauf.<\/p>\n\n\n\n<p>Ich w\u00fcrde mich freuen, m\u00f6glichst viele von Euch dort zu sehen. Deswegen meine Bitte: Save the Date: 28. Mai, Tipi am Kanzleramt am 20.00 Uhr.<br><\/p>\n\n\n<p><strong>Wir brauchen Deine Hilfe! Das Nollendorfblog bleibt werbefrei und unabh\u00e4ngig durch die freiwillige Unterst\u00fctzung seiner Leserinnen und Leser.<br \/><\/strong><\/p>\n<p><!-- \/wp:post-content --><\/p>\n<p><!-- wp:separator --><\/p>\n<hr class=\"wp-block-separator\" \/>\n<p><!-- \/wp:separator --><\/p>\n<p><!-- wp:image {\"id\":8740,\"align\":\"left\",\"linkDestination\":\"custom\"} --><\/p>\n<div class=\"wp-block-image\">\n<figure class=\"alignleft\"><a href=\"https:\/\/steadyhq.com\/de\/nollendorfblog\"><img loading=\"lazy\" decoding=\"async\" width=\"442\" height=\"82\" class=\"wp-image-8740\" src=\"https:\/\/www.nollendorfblog.de\/wp-content\/uploads\/2018\/02\/Steady-nollendorfblog-klein.png\" alt=\"\" srcset=\"https:\/\/www.nollendorfblog.de\/wp-content\/uploads\/2018\/02\/Steady-nollendorfblog-klein.png 442w, https:\/\/www.nollendorfblog.de\/wp-content\/uploads\/2018\/02\/Steady-nollendorfblog-klein-300x56.png 300w\" sizes=\"auto, (max-width: 442px) 100vw, 442px\" \/><\/a><\/figure>\n<\/div>\n<p><!-- \/wp:image --><\/p>\n<p><!-- wp:paragraph --><\/p>\n<p>Mehr dazu:\u00a0<a href=\"https:\/\/www.nollendorfblog.de\/?p=8291\">Das Nollendorfblog braucht Deine Unterst\u00fctzung.<\/a><\/p>\n<hr \/>\n<p>\u00a0<\/p>\n<p><!-- \/wp:paragraph --><\/p>","protected":false},"excerpt":{"rendered":"<p>Es wird Begenung und Wiedersehen mit wichtigen AkteurInnen, mit prominenten Talk-G\u00e4sten aus Politik, Kultur und der queeren Community. Aber nat\u00fcrlich wird auch gefeiert mit vielen illustren musikalischen Showacts.<\/p>\n","protected":false},"author":1,"featured_media":10010,"comment_status":"closed","ping_status":"closed","sticky":false,"template":"","format":"standard","meta":{"footnotes":""},"categories":[165,55],"tags":[93],"class_list":["post-10008","post","type-post","status-publish","format-standard","has-post-thumbnail","hentry","category-165","category-community","tag-andreas-gabalier"],"_links":{"self":[{"href":"https:\/\/www.nollendorfblog.de\/index.php?rest_route=\/wp\/v2\/posts\/10008","targetHints":{"allow":["GET"]}}],"collection":[{"href":"https:\/\/www.nollendorfblog.de\/index.php?rest_route=\/wp\/v2\/posts"}],"about":[{"href":"https:\/\/www.nollendorfblog.de\/index.php?rest_route=\/wp\/v2\/types\/post"}],"author":[{"embeddable":true,"href":"https:\/\/www.nollendorfblog.de\/index.php?rest_route=\/wp\/v2\/users\/1"}],"replies":[{"embeddable":true,"href":"https:\/\/www.nollendorfblog.de\/index.php?rest_route=%2Fwp%2Fv2%2Fcomments&post=10008"}],"version-history":[{"count":7,"href":"https:\/\/www.nollendorfblog.de\/index.php?rest_route=\/wp\/v2\/posts\/10008\/revisions"}],"predecessor-version":[{"id":10017,"href":"https:\/\/www.nollendorfblog.de\/index.php?rest_route=\/wp\/v2\/posts\/10008\/revisions\/10017"}],"wp:featuredmedia":[{"embeddable":true,"href":"https:\/\/www.nollendorfblog.de\/index.php?rest_route=\/wp\/v2\/media\/10010"}],"wp:attachment":[{"href":"https:\/\/www.nollendorfblog.de\/index.php?rest_route=%2Fwp%2Fv2%2Fmedia&parent=10008"}],"wp:term":[{"taxonomy":"category","embeddable":true,"href":"https:\/\/www.nollendorfblog.de\/index.php?rest_route=%2Fwp%2Fv2%2Fcategories&post=10008"},{"taxonomy":"post_tag","embeddable":true,"href":"https:\/\/www.nollendorfblog.de\/index.php?rest_route=%2Fwp%2Fv2%2Ftags&post=10008"}],"curies":[{"name":"wp","href":"https:\/\/api.w.org\/{rel}","templated":true}]}}