{"id":10039,"date":"2019-02-17T00:50:14","date_gmt":"2019-02-16T22:50:14","guid":{"rendered":"http:\/\/www.nollendorfblog.de\/?p=10039"},"modified":"2019-03-02T12:17:10","modified_gmt":"2019-03-02T10:17:10","slug":"vier-einfache-fragen-an-peter-kraus-zu-andreas-gabalier-2-2-2","status":"publish","type":"post","link":"https:\/\/www.nollendorfblog.de\/?p=10039","title":{"rendered":"SPIEGEL-Redakteur Walter Mayr muss w\u00e4hrend Kardinal-Interview mal kurz auf Toilette"},"content":{"rendered":"\n<p style=\"text-align:right\">Vorschaufoto: Ausschnitt aus dem SPIEGEL Nr. 8 \/ 16.02.2019<\/p>\n\n\n\n<p>SPIEGEL-Redakteur Walter Mayr, geboren 1960, hat in seinem Leben schon viel erlebt. Wie man auf SPIEGEL ONLINE <a href=\"http:\/\/www.spiegel.de\/impressum\/autor-738.html\">nachlesen kann<\/a>, berichtete er &#8222;als Reporter von den Kriegen im ehemaligen Jugoslawien und \u00fcber Krisenherde weltweit.&#8220; Er war SPIEGEL-B\u00fcroleiter in Wien und Moskau, seit 2013 ist er es in Rom. Er ist zusammen mit f\u00fcnf anderen Journalisten Tr\u00e4ger des Henri Nannen Preises und war 2016 auf der Shortlist des Europ\u00e4ischen Pressepreises.<\/p>\n\n\n\n<p>Ein Mann mit vielen Verdiensten also. Doch in Erinnerung behalten wird man ihn wohl vor allem wegen eines kleines Malheurs, eines, das gemeinhin keinen gr\u00f6\u00dferen Schaden anrichtet. Aber Mayr hatte richtig Pech. Doch der Reihe nach.<\/p>\n\n\n\n<p>F\u00fcr den aktuellen SPIEGEL <a href=\"http:\/\/www.spiegel.de\/plus\/gerhard-ludwig-mueller-kritisiert-papst-franziskus-als-haette-gott-selbst-gesprochen-a-00000000-0002-0001-0000-000162407662\">interviewte<\/a> Walter Mayr den als Papstkritiker bekannten deutschen Kurienkardinal Gerhard Ludwig M\u00fcller, ehemaliger Bischof von Regensburg und als Pr\u00e4fekt der Glaubenskongregation bis 2017 oberster H\u00fcter der katholischen Glaubensdoktrin. Die Kongregation ist die ehemalige Inquisitionsbeh\u00f6rde, sie hat die Aufgabe, die Kirche vor <br>abweichenden Lehren zu sch\u00fctzen. Der Kardinal ist also mit allen Wassern gewaschen. Aber das ist nat\u00fcrlich f\u00fcr einen erfahrenen SPIEGEL-Journalisten kein Problem. Normalerweise.<\/p>\n\n\n\n<p>Doch diesmal kam alles anders. Das Interview hatte erst vor wenigen Minuten begonnen. Es ging um den Missbrauchsskandal innerhalb der katholischen Kirche, M\u00fcller hatte gerade bestritten, dass es eine der Hauptursachen hierf\u00fcr der &#8222;Klerikalismus&#8220; sei, also wie Meyr es beschreibt, im &#8222;selbstherrlichen Gebahren katholischer W\u00fcrdentr\u00e4ger.&#8220; M\u00fcller gibt nicht dem System die Schuld, sondern nur den einzelnen W\u00fcrdentr\u00e4gern: &#8222;Die Ursache liegt im verdorbenen Charakter des T\u00e4ters, das hat nichts mit dem Amt zu tun.&#8220;<\/p>\n\n\n\n<p>Dann fragt Mayr:<\/p>\n\n\n\n<blockquote class=\"wp-block-quote is-layout-flow wp-block-quote-is-layout-flow\"><p>Sie behaupten unter anderem, er gebe einen Zusammenhang zwischen Missbrauch und Homosexualit\u00e4t. Wie kommen Sie darauf?<\/p><p><\/p><\/blockquote>\n\n\n\n<p>Mayer weiss also von den kruden Thesen des Kardinals. Und wie man den SPIEGEL kennt, ist er nun richtig gut darauf vorbereitet, diese auseinanderzupfl\u00fccken. Doch der Kardinal liefert nicht nur seine Schwule-sind-schuld-These. Er setzt sogar noch einen drauf:<\/p>\n\n\n\n<blockquote class=\"wp-block-quote is-layout-flow wp-block-quote-is-layout-flow\"><p>\u00dcbrigens bin ich der Meinung, dass kein Mensch gottgewollt als Homosexueller geboren wird, wir werden geboren als Mann und Frau.<\/p><\/blockquote>\n\n\n\n<p>Gut, mag man meinen, dass ein solcher Satz beim SPIEGEL f\u00e4llt. Gut, dass da jemand gegen\u00fcber sitzt, der versteht, auf wie vielen Ebenen ein solcher Satz hinterfragt werden kann und muss. Einmal nat\u00fcrlich, weil der Satz aussagt, dass homosexuelle M\u00e4nner keine M\u00e4nner und homosexuelle Frauen keine Frauen sind. Desweiteren nat\u00fcrlich auch, weil &#8211; Gott hin oder her &#8211; Homosexualit\u00e4t nicht etwas ist, was man sich einfach so aussucht, aber genau das impliziert ja dieser Satz. Und nat\u00fcrlich wei\u00df ein SPIEGEL-Redakteur auch, welche Relevanz ein solcher Satz zur Zeit in Deutschland hat, gerade jetzt, wo dar\u00fcber gestritten wird, wie man am besten m\u00f6glichst bald Konversationstherapien verbieten kann, also Homoheilung, die sogar der konservative Gesundheitsminister Jens Spahn als &#8222;K\u00f6rtperverletzung&#8220; gebrandmarkt hat, und deren h\u00e4ufigster Grund Glaubensm\u00e4nner wie M\u00fcller sind, die Homosexualit\u00e4t als umkehrbar, also &#8222;heilbar&#8220; betrachten. Und vor allem nat\u00fcrlich, weil dieser Satz in Kombination mit der vorher ge\u00e4u\u00dferten Schwule-sind-Verbrecher-These eine besondere Dringlichkeit bekommt, weil er ja so verstanden werden kann, dass man Schwule heilen muss, um Verbrechen zu verhindern.<\/p>\n\n\n\n<p>Gut also, dass ein solcher Satz beim SPIEGEL f\u00e4llt. Dumm nur, dass der SPIEGEL-Mann ihn gar nicht mitbekommen hat. Anders scheint die Sache jedefalls nicht erkl\u00e4rlich: Mayr war w\u00e4hrend dieses Satzes ganz offensichtlich austreten, hatte ganz offensichtlich vergessen, vor dem Interview noch schnell auf Toilette zu gehen. So har nur das Aufnahmeger\u00e4t mitgeschnitten, was M\u00fcller da alles gesagt hat, und was Mayr -h\u00e4tte er es mitbekommen &#8211; selbstverst\u00e4ndlich umgehend hinterfragt h\u00e4tte. So aber bleiben die M\u00fcllerschen Bombens\u00e4tze von jeglichem Journalismus verschont, werden einfach so im SPIEGEL abgetippt und gedruckt, als w\u00e4ren sie keine Bombens\u00e4tze, so als w\u00e4ren sie keiner einzigen Nachfrage Wert.<\/p>\n\n\n\n<p>Vielleicht sollte es man bei solchen Interviews beim SPIEGEL machen wie in der kommerziellen Luftfahrt im Cockpit: Zur Sicherheit Immer ein zweiter Mann dabei. Oder noch besser: Eine Frau.<\/p>\n\n\n\n<p><strong>SAVE THE DATE: Am 28. Mai findet im Tipi Am Kanzleramt die gro\u00dfe Community Gala anl\u00e4sslich von 10 Jahren Nollendorfblog statt. <\/strong><\/p>\n\n\n\n<p><a href=\"https:\/\/www.nollendorfblog.de\/?p=10008\"><strong>Hier weitere Informationen. <\/strong><\/a><\/p>\n\n\n\n<figure class=\"wp-block-image\"><img loading=\"lazy\" decoding=\"async\" width=\"596\" height=\"363\" src=\"https:\/\/www.nollendorfblog.de\/wp-content\/uploads\/2019\/02\/Screenshot-35.png\" alt=\"\" class=\"wp-image-10010\" srcset=\"https:\/\/www.nollendorfblog.de\/wp-content\/uploads\/2019\/02\/Screenshot-35.png 596w, https:\/\/www.nollendorfblog.de\/wp-content\/uploads\/2019\/02\/Screenshot-35-300x183.png 300w\" sizes=\"auto, (max-width: 596px) 100vw, 596px\" \/><\/figure>\n\n\n<p><strong>Wir brauchen Deine Hilfe! Das Nollendorfblog bleibt werbefrei und unabh\u00e4ngig durch die freiwillige Unterst\u00fctzung seiner Leserinnen und Leser.<br><\/strong><\/p>\n<p><!-- \/wp:post-content --><\/p>\n<p><!-- wp:separator --><\/p>\n<hr class=\"wp-block-separator\">\n<p><!-- \/wp:separator --><\/p>\n<p><!-- wp:image {\"id\":8740,\"align\":\"left\",\"linkDestination\":\"custom\"} --><\/p>\n<div class=\"wp-block-image\">\n<figure class=\"alignleft\"><a href=\"https:\/\/steadyhq.com\/de\/nollendorfblog\"><img loading=\"lazy\" decoding=\"async\" width=\"442\" height=\"82\" class=\"wp-image-8740\" src=\"https:\/\/www.nollendorfblog.de\/wp-content\/uploads\/2018\/02\/Steady-nollendorfblog-klein.png\" alt=\"\" srcset=\"https:\/\/www.nollendorfblog.de\/wp-content\/uploads\/2018\/02\/Steady-nollendorfblog-klein.png 442w, https:\/\/www.nollendorfblog.de\/wp-content\/uploads\/2018\/02\/Steady-nollendorfblog-klein-300x56.png 300w\" sizes=\"auto, (max-width: 442px) 100vw, 442px\" \/><\/a><\/figure>\n<\/div>\n<p><!-- \/wp:image --><\/p>\n<p><!-- wp:paragraph --><\/p>\n<p>Mehr dazu:&nbsp;<a href=\"https:\/\/www.nollendorfblog.de\/?p=8291\">Das Nollendorfblog braucht Deine Unterst\u00fctzung.<\/a><\/p>\n<hr>\n<p><\/p>\n<p><!-- \/wp:paragraph --><\/p>","protected":false},"excerpt":{"rendered":"<p>Gut , dass ein solcher Satz beim SPIEGEL f\u00e4llt. Dumm nur, dass der SPIEGEL-Mann Meyr ihn gar nicht mitbekommen hat.<\/p>\n","protected":false},"author":1,"featured_media":10042,"comment_status":"closed","ping_status":"closed","sticky":false,"template":"","format":"standard","meta":{"footnotes":""},"categories":[165,74,166],"tags":[94,38],"class_list":["post-10039","post","type-post","status-publish","format-standard","has-post-thumbnail","hentry","category-165","category-medien","category-print","tag-kirche","tag-spiegel"],"_links":{"self":[{"href":"https:\/\/www.nollendorfblog.de\/index.php?rest_route=\/wp\/v2\/posts\/10039","targetHints":{"allow":["GET"]}}],"collection":[{"href":"https:\/\/www.nollendorfblog.de\/index.php?rest_route=\/wp\/v2\/posts"}],"about":[{"href":"https:\/\/www.nollendorfblog.de\/index.php?rest_route=\/wp\/v2\/types\/post"}],"author":[{"embeddable":true,"href":"https:\/\/www.nollendorfblog.de\/index.php?rest_route=\/wp\/v2\/users\/1"}],"replies":[{"embeddable":true,"href":"https:\/\/www.nollendorfblog.de\/index.php?rest_route=%2Fwp%2Fv2%2Fcomments&post=10039"}],"version-history":[{"count":27,"href":"https:\/\/www.nollendorfblog.de\/index.php?rest_route=\/wp\/v2\/posts\/10039\/revisions"}],"predecessor-version":[{"id":10080,"href":"https:\/\/www.nollendorfblog.de\/index.php?rest_route=\/wp\/v2\/posts\/10039\/revisions\/10080"}],"wp:featuredmedia":[{"embeddable":true,"href":"https:\/\/www.nollendorfblog.de\/index.php?rest_route=\/wp\/v2\/media\/10042"}],"wp:attachment":[{"href":"https:\/\/www.nollendorfblog.de\/index.php?rest_route=%2Fwp%2Fv2%2Fmedia&parent=10039"}],"wp:term":[{"taxonomy":"category","embeddable":true,"href":"https:\/\/www.nollendorfblog.de\/index.php?rest_route=%2Fwp%2Fv2%2Fcategories&post=10039"},{"taxonomy":"post_tag","embeddable":true,"href":"https:\/\/www.nollendorfblog.de\/index.php?rest_route=%2Fwp%2Fv2%2Ftags&post=10039"}],"curies":[{"name":"wp","href":"https:\/\/api.w.org\/{rel}","templated":true}]}}