{"id":10111,"date":"2019-03-01T01:17:54","date_gmt":"2019-02-28T23:17:54","guid":{"rendered":"http:\/\/www.nollendorfblog.de\/?p=10111"},"modified":"2019-03-03T08:10:00","modified_gmt":"2019-03-03T06:10:00","slug":"vier-einfache-fragen-an-peter-kraus-zu-andreas-gabalier-2-2-2-2-2","status":"publish","type":"post","link":"https:\/\/www.nollendorfblog.de\/?p=10111","title":{"rendered":"10-Jahre-Nollendorfblog-Gala am 28.5. im Tipi: Das sind die G\u00e4ste &#8230;"},"content":{"rendered":"\n<blockquote style=\"text-align:right\" class=\"wp-block-quote is-style-default is-layout-flow wp-block-quote-is-layout-flow\"><p>Das Nollendorfblog wird in diesem Fr\u00fchjahr zehn Jahre alt. In dieser Zeit ist viel passiert. Als ich dieses Blog 2009 begonnen habe, war sich die Gesellschaft weitgehend dar\u00fcber einig, dass es f\u00fcr LGBTI nun immer besser w\u00fcrde, dass alles, was es noch zu erreichen gab, nur noch eine Frage der Zeit sei. Und ja, es hat sich viel verbessert. Schaut man zum Vergleich noch ein paar Jahrzehnte zur\u00fcck, dann hat sich sogar mehr getan, als sich die meisten von uns je vorstellen konnten.<\/p><p>Und doch, das wissen wir heute: Es war eben nicht vor allem eine Frage der Zeit. Das, was wir erstritten haben, kam nicht von selbst, es ist vor allem das Ergebnis eines langen Kampfes unserer Community. Und noch etwas haben wir in den letzten zehn Jahren gelernt: Wir haben die Sicherheit verloren, dass alles immer besser wird.  <br>Nein, die n\u00e4chsten zehn Jahre werden nicht einfach, sowohl, was die  Konflikte nach innen, als auch die nach au\u00dfen betrifft. Aber ich bin mir  sicher: Wenn jemand darauf vorbereitet ist, dann unsere Community.  Lasst uns \u00fcber sie streiten. Aber lasst sie uns nicht kaputtreden! (&#8230;)<br><br>Ich  m\u00f6chte das 10-j\u00e4hrige Bestehen dieses Blogs mit einem Community-Fest feiern, ein Abend, an dem wir zur\u00fcckblicken auf die Ereignisse des  letzten Jahrzehnts, aber auch dar\u00fcber reden, was nun zu tun ist. <\/p><cite>Nollendorfblog vom 8. Februar 2019<\/cite><\/blockquote>\n\n\n\n<p><br><\/p>\n\n\n\n<p>Der Vorverkauf hat begonnen! Anl\u00e4sslich von 10 Jahren Nollendorfblog findet am 28. Mai im Tipi am Kanzleramt eine gro\u00dfe Community-Gala mit Talk und Musik statt. Es wird eine bunte Show, Begegnung und Wiedersehen mit wichtigen AkteurInnen, mit prominenten Talk-G\u00e4sten aus Politik, Kultur und der queeren Community.  Wir wollen feiern, aber auch diskutieren:  Wie hat sich die Gesellschaft in den letzten zehn Jahren ver\u00e4ndert hat und was bedeutet das f\u00fcr LGBTI aber auch f\u00fcr andere Minderheiten?<\/p>\n\n\n\n<p>Ich bin froh und stolz, Euch meine famosen B\u00fchneng\u00e4ste bekannt geben zu k\u00f6nnen (wie Ihr seht: Es wird spannend; und ein langer Abend &#8230;):<\/p>\n\n\n\n<p><strong>Ralf K\u00f6nig &#8211; Barrie Kosky &#8211; Katharina Franck &#8211; Klaus Lederer &#8211; Tessa Ganserer &#8211; Sigrid Grajek &#8211; Hendryk Ekdahl &#8211; Kerstin Polte &#8211; Ludique!\u00a0 &#8211; Desiree Klaeukens &#8211; Alfonso Pantisano &#8211; Ryan Stecken &#8230;. sowie Daniel Philipp Witte und Ricardo Frenzel Baudisch mit Highlights aus der \u201eOperette f\u00fcr zwei schwule Ten\u00f6re\u201c.<\/strong><\/p>\n\n\n\n<p><strong> Am Fl\u00fcgel: Florian Ludewig  &#8211;  Special Guest: Martin Schulz (\u00c4nderungen m\u00f6glich) <\/strong> <\/p>\n\n\n\n<p>Im Gespr\u00e4ch mit dem langj\u00e4hrigen EU-Parlamentspr\u00e4sidenten Martin Schulz wird es u.a. um den schwierigen Weg zur \u201eEhe f\u00fcr alle\u201c und den Umgang mit dem Rechtspopulismus gehen, der in ganz Europa gegen Minderheitenrechte mobil macht; mit Ralf K\u00f6nig, dem <a href=\"https:\/\/www.rowohlt.de\/hardcover\/ralf-koenig-herbst-in-der-hose.html\">&#8222;vielfach preisgekr\u00f6nten Meister des intelligenten deutschen Comics&#8220; (aktuelles Buch: \u201eHerbst in der Hose\u201c)<\/a> auch dar\u00fcber, dass auch schwule M\u00e4nner \u00e4lter werden und darum, ob und wie die Szene \u00fcber sich selber lachen kann.<\/p>\n\n\n\n<figure class=\"wp-block-image\"><img loading=\"lazy\" decoding=\"async\" width=\"902\" height=\"503\" src=\"https:\/\/www.nollendorfblog.de\/wp-content\/uploads\/2019\/02\/Screenshot-40.png\" alt=\"\" class=\"wp-image-10121\" srcset=\"https:\/\/www.nollendorfblog.de\/wp-content\/uploads\/2019\/02\/Screenshot-40.png 902w, https:\/\/www.nollendorfblog.de\/wp-content\/uploads\/2019\/02\/Screenshot-40-300x167.png 300w, https:\/\/www.nollendorfblog.de\/wp-content\/uploads\/2019\/02\/Screenshot-40-768x428.png 768w\" sizes=\"auto, (max-width: 902px) 100vw, 902px\" \/><figcaption><strong>K<strong>atharina Franck, Martin Schulz, Tessa Ganse<\/strong><strong>rer, Ralf K\u00f6nig, <br>Hendryk Ekdahl, Barrie Kosky, Ryan Stecken, Klaus Lederer<\/strong><\/strong><\/figcaption><\/figure>\n\n\n\n<p style=\"font-size:10px;text-align:right\">(c) Fotocredits: 1:Judith Rahner; 2: -; 3:-; 4: Ralf K\u00f6nig\/vvg-k\u00f6ln;  5: J. Jackie Baier; 6: Jan Windszus Photography; 7: Amanda Rebholz; 8: DiG\/Trialon  <\/p>\n\n\n\n<p><br><\/p>\n\n\n\n<p>Erstmals auf einer Veranstaltung in Berlin wird die bayerische Landtagsabgeordnete Tessa Ganserer nach ihrem <a href=\"https:\/\/www.shz.de\/deutschland-welt\/politik\/Tessa-Ganserer-ist-erste-transidente-Abgeordnete-in-Deutschland-id22251252.html\">Coming Ou<\/a>t als erstes deutsches transidentes Parlamentsmitglied \u00fcber ihren politischen Kampf berichten. Berlins Kultursenator und B\u00fcrgermeister Klaus Lederer, der immer wieder nicht nur leidenschaftlich <a href=\"https:\/\/www.siegessaeule.de\/no_cache\/newscomments\/article\/3987-wie-homophob-ist-die-linke-herr-lederer.html\">gegen Homophobie<\/a>, sondern auch gegen Antisemitismus streitet, ist ebenso mit dabei wie der Intendant und Chefregisseur der Komischen Oper Berlin, Barrie Kosky, der international Furore macht mit <a href=\"https:\/\/www.komische-oper-berlin.de\/wir\/ensemble\/barrie-kosky\/\">seinem Haus<\/a>, das immer wieder j\u00fcdische, queere und diverse Aspekte betont, sowie Katharina Franck, die mit den Rainbirds und \u201eBlueprint\u201c ihre Karriere begann, und vor Kurzen mit <a href=\"https:\/\/www.katharinafranck.de\/done\/katharina-franck-musik-musik\/\">\u201eMusik! Musik!\u201c<\/a>&nbsp; ihr 17. Album ver\u00f6ffentlicht hat.<\/p>\n\n\n\n<figure class=\"wp-block-image\"><img loading=\"lazy\" decoding=\"async\" width=\"895\" height=\"572\" src=\"https:\/\/www.nollendorfblog.de\/wp-content\/uploads\/2019\/02\/Screenshot-39.png\" alt=\"\" class=\"wp-image-10122\" srcset=\"https:\/\/www.nollendorfblog.de\/wp-content\/uploads\/2019\/02\/Screenshot-39.png 895w, https:\/\/www.nollendorfblog.de\/wp-content\/uploads\/2019\/02\/Screenshot-39-300x192.png 300w, https:\/\/www.nollendorfblog.de\/wp-content\/uploads\/2019\/02\/Screenshot-39-768x491.png 768w\" sizes=\"auto, (max-width: 895px) 100vw, 895px\" \/><figcaption><strong>Florian Ludewig, Ludique!, Kerstin Polte, Alfonso Pantisano, Ricardo Frenzel Baudisch, Desiree Klaeukens, Daniel Philipp Witte, Sigrid Grayek<\/strong><\/figcaption><\/figure>\n\n\n\n<p style=\"font-size:10px;text-align:right\">(c) Fotocredits: 1:Robert Becker; 2: Anna Hondong; 3: Arno; 4: Julian Laidig; 5: -; 6: ; 7: ; 8: Guido Woller<\/p>\n\n\n\n<p>Weitere Talkg\u00e4ste sind der Enough is Enough Co-Gr\u00fcnder <a href=\"https:\/\/www.fr.de\/politik\/schwule-sau-immer-noch-schimpfwort-11084913.html\">Alfonso Pantisano<\/a> zum Thema \u201eAktivismus\u201c sowie die Regisseurin und Drehbuchautorin<a href=\"https:\/\/www.kerstinpolte.com\/\"> Kerstin Polte)<\/a> <a href=\"https:\/\/filmloewin.de\/interview-kerstin-polte-ueber-wer-hat-eigentlich-die-liebe-erfunden\/\">(&#8222;Wer hat eigentlich die Liebe erfunden&#8220;)<\/a>, mit der ich \u00fcber eines meiner Lieblingsthemen in diesem Blog sprechen werde: queer in den <a href=\"https:\/\/www.nollendorfblog.de\/?cat=74\">Medien<\/a>!<br><br>Aber gefeiert wird nat\u00fcrlich auch! Das Musikprogramm ist ein einmaliges Zusammentreffen h\u00f6chst unterschiedlicher K\u00fcnstlerinnen und K\u00fcnstler:<\/p>\n\n\n\n<p><br>Schauspielerin, Kabarettistin, S\u00e4ngerin und Allesk\u00f6nnerin <a href=\"https:\/\/www.sigridgrajek.de\/\">Sigrid Grajek<\/a>, <a href=\"http:\/\/worldofludique.com\/\">\u201eLudique!\u201c<\/a>, der \u201equeere Erfolg aus Amsterdam\u201c (Siegess\u00e4ule), S\u00e4nger und \u201eHafen\u201c-Legende Hendryk Ekdahl, die <a href=\"https:\/\/de.wikipedia.org\/wiki\/Desiree_Klaeukens\">preisgekr\u00f6nte<\/a> S\u00e4ngerin und Liedermacherin <a href=\"http:\/\/www.klaeukens.de\/\">Desiree Klaeukens<\/a>, <a href=\"https:\/\/www.queer.de\/bild-des-tages.php?einzel=1622\">AktivistIn<\/a> und <a href=\"https:\/\/www.tvmovie.de\/news\/dsds-kult-kandidat-ryan-stecken-kommt-fuer-staffel-14-wieder-91340\">S\u00e4ngerIn<\/a> Ryan Stecken, sowie die S\u00e4nger <a href=\"http:\/\/www.danielpwitte.de\/Daniel_Philipp_Witte\/Willkommen.html\">Daniel Philipp Witte<\/a> und <a href=\"http:\/\/www.ricardofrenzelbaudisch.de\/index2.php\/musiktheater\/\">Ricardo Frenzel Baudisch<\/a> mit Highlights aus der <a href=\"http:\/\/www.onlinekram.com\/operette-fr-zwei-schwule-tenre\">\u201eOperette f\u00fcr zwei schwule Ten\u00f6re\u201c<\/a>. Die musikalische Leitung hat <a href=\"http:\/\/www.korff-ludewig.de\/#wir\">Florian Ludewig<\/a> (\u201eMalediva\u201c), der auch die K\u00fcnstlerInnen am Piano begleitet.<\/p>\n\n\n\n<p>Ich w\u00fcrde mich freuen, m\u00f6glichst viele von Euch bei diesem besonderen Abend zu sehen. Demn\u00e4chst geht auch die Plakat- und Flyerpromo los, also sichert Euch am besten schon jetzt die besten Kategorien!<\/p>\n\n\n\n<p>(Tickets ab 17.00 Euro &#8211; Tel.: 030 390 665 50 &#8211; Fax: 030398 384 36-E-Mail: <a href=\"mailto:tickets@tipi-am-kanzleramt.de\">tickets@tipi-am-kanzleramt.de<\/a> , <a href=\"https:\/\/www.tipi-am-kanzleramt.de\/de\/programm\/programmuebersicht\/10-jahre-nollendorfblog.html\">Homepage &amp; Infos<\/a>)<\/p>\n\n\n\n<hr class=\"wp-block-separator\"\/>\n\n\n\n<p><\/p>\n\n\n\n<figure class=\"wp-block-image\"><img loading=\"lazy\" decoding=\"async\" width=\"596\" height=\"363\" src=\"https:\/\/www.nollendorfblog.de\/wp-content\/uploads\/2019\/02\/Screenshot-35.png\" alt=\"\" class=\"wp-image-10010\" srcset=\"https:\/\/www.nollendorfblog.de\/wp-content\/uploads\/2019\/02\/Screenshot-35.png 596w, https:\/\/www.nollendorfblog.de\/wp-content\/uploads\/2019\/02\/Screenshot-35-300x183.png 300w\" sizes=\"auto, (max-width: 596px) 100vw, 596px\" \/><\/figure>\n\n\n<p><strong>Wir brauchen Deine Hilfe! Das Nollendorfblog bleibt werbefrei und unabh\u00e4ngig durch die freiwillige Unterst\u00fctzung seiner Leserinnen und Leser.<br><\/strong><\/p>\n<p><!-- \/wp:post-content --><\/p>\n<p><!-- wp:separator --><\/p>\n<hr class=\"wp-block-separator\">\n<p><!-- \/wp:separator --><\/p>\n<p><!-- wp:image {\"id\":8740,\"align\":\"left\",\"linkDestination\":\"custom\"} --><\/p>\n<div class=\"wp-block-image\">\n<figure class=\"alignleft\"><a href=\"https:\/\/steadyhq.com\/de\/nollendorfblog\"><img loading=\"lazy\" decoding=\"async\" width=\"442\" height=\"82\" class=\"wp-image-8740\" src=\"https:\/\/www.nollendorfblog.de\/wp-content\/uploads\/2018\/02\/Steady-nollendorfblog-klein.png\" alt=\"\" srcset=\"https:\/\/www.nollendorfblog.de\/wp-content\/uploads\/2018\/02\/Steady-nollendorfblog-klein.png 442w, https:\/\/www.nollendorfblog.de\/wp-content\/uploads\/2018\/02\/Steady-nollendorfblog-klein-300x56.png 300w\" sizes=\"auto, (max-width: 442px) 100vw, 442px\" \/><\/a><\/figure>\n<\/div>\n<p><!-- \/wp:image --><\/p>\n<p><!-- wp:paragraph --><\/p>\n<p>Mehr dazu:&nbsp;<a href=\"https:\/\/www.nollendorfblog.de\/?p=8291\">Das Nollendorfblog braucht Deine Unterst\u00fctzung.<\/a><\/p>\n<hr>\n<p><!-- \/wp:paragraph --><\/p>","protected":false},"excerpt":{"rendered":"<p>Lasst uns feiern, lasst uns diskutieren! Der Vorverkauf f\u00fcr die gro\u00dfe Community-Gala hat begonnen: Jetzt die besten Kategorien sichern! <\/p>\n","protected":false},"author":1,"featured_media":10103,"comment_status":"closed","ping_status":"closed","sticky":false,"template":"","format":"standard","meta":{"footnotes":""},"categories":[165,55],"tags":[],"class_list":["post-10111","post","type-post","status-publish","format-standard","has-post-thumbnail","hentry","category-165","category-community"],"_links":{"self":[{"href":"https:\/\/www.nollendorfblog.de\/index.php?rest_route=\/wp\/v2\/posts\/10111","targetHints":{"allow":["GET"]}}],"collection":[{"href":"https:\/\/www.nollendorfblog.de\/index.php?rest_route=\/wp\/v2\/posts"}],"about":[{"href":"https:\/\/www.nollendorfblog.de\/index.php?rest_route=\/wp\/v2\/types\/post"}],"author":[{"embeddable":true,"href":"https:\/\/www.nollendorfblog.de\/index.php?rest_route=\/wp\/v2\/users\/1"}],"replies":[{"embeddable":true,"href":"https:\/\/www.nollendorfblog.de\/index.php?rest_route=%2Fwp%2Fv2%2Fcomments&post=10111"}],"version-history":[{"count":45,"href":"https:\/\/www.nollendorfblog.de\/index.php?rest_route=\/wp\/v2\/posts\/10111\/revisions"}],"predecessor-version":[{"id":10180,"href":"https:\/\/www.nollendorfblog.de\/index.php?rest_route=\/wp\/v2\/posts\/10111\/revisions\/10180"}],"wp:featuredmedia":[{"embeddable":true,"href":"https:\/\/www.nollendorfblog.de\/index.php?rest_route=\/wp\/v2\/media\/10103"}],"wp:attachment":[{"href":"https:\/\/www.nollendorfblog.de\/index.php?rest_route=%2Fwp%2Fv2%2Fmedia&parent=10111"}],"wp:term":[{"taxonomy":"category","embeddable":true,"href":"https:\/\/www.nollendorfblog.de\/index.php?rest_route=%2Fwp%2Fv2%2Fcategories&post=10111"},{"taxonomy":"post_tag","embeddable":true,"href":"https:\/\/www.nollendorfblog.de\/index.php?rest_route=%2Fwp%2Fv2%2Ftags&post=10111"}],"curies":[{"name":"wp","href":"https:\/\/api.w.org\/{rel}","templated":true}]}}