{"id":10279,"date":"2019-03-06T20:18:50","date_gmt":"2019-03-06T18:18:50","guid":{"rendered":"http:\/\/www.nollendorfblog.de\/?p=10279"},"modified":"2019-09-22T12:31:15","modified_gmt":"2019-09-22T10:31:15","slug":"akks-aeusserung-zum-witz-die-kritiker-machen-unsere-tradition-kaputt","status":"publish","type":"post","link":"https:\/\/www.nollendorfblog.de\/?p=10279","title":{"rendered":"AKKs \u00c4u\u00dferung zum Witz: Seit heute ist sie Populistin pur."},"content":{"rendered":"\n<blockquote class=\"wp-block-quote is-layout-flow wp-block-quote-is-layout-flow\"><p> &#8222;Sie k\u00f6nnen nicht verstehen, dass sich Menschen davon beleidigt f\u00fchlen?&#8220;:<\/p><p>Nein, das kann ich nicht verstehen, und ich kann vor allem nicht verstehen, mit welcher Hysterie das zum Teil diskutiert worden ist. Das macht im \u00fcbrigen etwas kaputt, was eine gute Tradition in Deutschland ist: n\u00e4mlich Karneval und Fastnacht &#8211; eine Zeit, in der man eben gerade nicht jedes Wort auf die Goldwaage legt, und ich glaube, wir sollten diese Tradition nicht einfach \u00fcber Bord werfen.&#8220; <\/p><\/blockquote>\n\n\n\n<p>Ihre erste Reaktion<a href=\"https:\/\/www.ndr.de\/fernsehen\/sendungen\/land_und_leute\/Nordmagazin-Land-und-Leute,sendung875600.html?fbclid=IwAR2TXJ0vcoPBZqSLAk7m2ZyA72cPLyA2RQpX0dMJXxGC9NDALkOrfRxuBbE\"> im Interview vor ihrer Rede<\/a> beim politischen Aschermittwoch  in Demmin. Keine Entschuldigung. Kein Wort an die Betroffenen. Im Gegenteil: Annegret Kramp-Karrenbauer teilt weiter aus. Man hat sie bewusst falsch verstanden. Ihre Kritiker sind hysterisch: Sie machen unsere Karnevalstradition kaputt. <\/p>\n\n\n\n<p>Angriff nach vorne also.  Sie nutzt die ganze Sache zur weiteren Spaltung. Doch selbst wenn das stimmen w\u00fcrde, selbst wenn man sie so offensichtlich falsch verstanden h\u00e4tte, ist diese Erkl\u00e4rung an Zynik nicht zu \u00fcberbieten. <\/p>\n\n\n\n<p>Denn: Warum hat sie das nicht vor drei Tagen schon gesagt? Warum gewartet, bis die Diskussion so scharf geworden ist, dass sie sie selbst hysterisch nennt? Sie z\u00fcndelt, wartet ab, bis es richtig brennt  und beschwert sich dann \u00fcber den Brandgeruch. <\/p>\n\n\n\n<p>Nein, sie wollte genau so verstanden werden, und &#8211; noch schlimme &#8211; sie wollte sich zum Opfer einer Diskussion machen, die sie selbst angeheizt hat. <\/p>\n\n\n\n<p>Vor allem aber: Wie erkl\u00e4rt sie das all ihren Unterst\u00fctzern, also all denen, die sie in den letzten Tagen daf\u00fcr in Schutz genommen haben, dass sie einen Minderheitenwitz gemacht hat? Wie erkl\u00e4rt sie das denen, die gesagt haben, dass solche Witze okay seien? Wie erkl\u00e4rt sie das der Landwirtschaftministerin Kl\u00f6ckner, die ja sogar gesagt hatte, dass man solche Minderheitenwitze machen <em>m\u00fcsse<\/em>?<\/p>\n\n\n\n<p>Wie erkl\u00e4rt sie nun all diesen Leuten, die sie daf\u00fcr gerechtfertigt hatten, dass sie einen Minderheitenwitz gemacht hatte, dass die eigentliche Rechtfertigung nun hei\u00dft, dass sie keinen Minderheitenwitz gemacht hat? <\/p>\n\n\n\n<p>Doch wahrscheinlich wird auch das keine Rolle mehr spielen. Mit Kramp-Karrenbauer wird es immer mehr wie bei Trump: Alle haben gesehen, was sie gesagt hat, und trotzdem werden ihre Fans sie daf\u00fcr feiern, wie dreist sie nun das Gegenteil behauptet.  Seit heute ist Kramp-Karrenbauer endg\u00fcltig Populistin pur.   <\/p>\n\n\n\n<p><a href=\"https:\/\/www.nollendorfblog.de\/?p=10181\"><strong>Hier der Ursprungsbeitrag zum Thema: Stoppt Kramp-Karrenbauer!<\/strong><\/a><\/p>\n\n\n\n<p><a href=\"https:\/\/www.nollendorfblog.de\/?tag=annegret-kramp-karrenbauer\"><strong>Hier eine \u00dcbersicht aller Beitr\u00e4ge zu Kramp-Karrenbauer<\/strong><\/a><\/p>\n\n\n<p><!--StartFragment--><\/p>\n\n\n<p><\/p>\n\n\n<p><!--EndFragment--><\/p>\n\n\n<p><br><\/p>\n","protected":false},"excerpt":{"rendered":"<p>Alle haben gesehen, was sie gesagt hat und trotzdem werden ihre Fans sie daf\u00fcr feiern, wie dreist sie nun das Gegenteil behauptet. Seit heute ist Kramp-Karrenbauer endg\u00fcltig Populistin pur. <\/p>\n","protected":false},"author":1,"featured_media":10280,"comment_status":"closed","ping_status":"closed","sticky":false,"template":"","format":"standard","meta":{"footnotes":""},"categories":[165,1],"tags":[114,87],"class_list":["post-10279","post","type-post","status-publish","format-standard","has-post-thumbnail","hentry","category-165","category-politik","tag-annegret-kramp-karrenbauer","tag-cdu-csu"],"_links":{"self":[{"href":"https:\/\/www.nollendorfblog.de\/index.php?rest_route=\/wp\/v2\/posts\/10279","targetHints":{"allow":["GET"]}}],"collection":[{"href":"https:\/\/www.nollendorfblog.de\/index.php?rest_route=\/wp\/v2\/posts"}],"about":[{"href":"https:\/\/www.nollendorfblog.de\/index.php?rest_route=\/wp\/v2\/types\/post"}],"author":[{"embeddable":true,"href":"https:\/\/www.nollendorfblog.de\/index.php?rest_route=\/wp\/v2\/users\/1"}],"replies":[{"embeddable":true,"href":"https:\/\/www.nollendorfblog.de\/index.php?rest_route=%2Fwp%2Fv2%2Fcomments&post=10279"}],"version-history":[{"count":15,"href":"https:\/\/www.nollendorfblog.de\/index.php?rest_route=\/wp\/v2\/posts\/10279\/revisions"}],"predecessor-version":[{"id":10995,"href":"https:\/\/www.nollendorfblog.de\/index.php?rest_route=\/wp\/v2\/posts\/10279\/revisions\/10995"}],"wp:featuredmedia":[{"embeddable":true,"href":"https:\/\/www.nollendorfblog.de\/index.php?rest_route=\/wp\/v2\/media\/10280"}],"wp:attachment":[{"href":"https:\/\/www.nollendorfblog.de\/index.php?rest_route=%2Fwp%2Fv2%2Fmedia&parent=10279"}],"wp:term":[{"taxonomy":"category","embeddable":true,"href":"https:\/\/www.nollendorfblog.de\/index.php?rest_route=%2Fwp%2Fv2%2Fcategories&post=10279"},{"taxonomy":"post_tag","embeddable":true,"href":"https:\/\/www.nollendorfblog.de\/index.php?rest_route=%2Fwp%2Fv2%2Ftags&post=10279"}],"curies":[{"name":"wp","href":"https:\/\/api.w.org\/{rel}","templated":true}]}}