{"id":10302,"date":"2019-03-08T16:34:02","date_gmt":"2019-03-08T14:34:02","guid":{"rendered":"http:\/\/www.nollendorfblog.de\/?p=10302"},"modified":"2021-07-12T09:17:50","modified_gmt":"2021-07-12T07:17:50","slug":"akks-aeusserung-zum-witz-die-kritiker-machen-unsere-tradition-kaputt-2-2","status":"publish","type":"post","link":"https:\/\/www.nollendorfblog.de\/?p=10302","title":{"rendered":"Wie die WELT mir einen Nazi-Vergleich zu AKK unterjubelt"},"content":{"rendered":"\n<p style=\"font-size:11px;text-align:right\"> Foto: WELT-Journalist und Buchautot Robin Alexander \u00a9 <a href=\"https:\/\/de.wikipedia.org\/wiki\/Robin_Alexander#\/media\/File:Robin_Alexander_2016-09-30.jpg\">Gudrun Senger&nbsp;\/&nbsp;Verlagsgruppe Random House<\/a>&nbsp;\/&nbsp;CC-<a href=\"https:\/\/creativecommons.org\/licenses\/by-sa\/3.0\/de\/deed.en\">BY-SA 3.0 (DE) <\/a><\/p>\n\n\n\n<p>DIE WELT hat versucht, die Ereignisse der letzten Tage um den AKK-<a href=\"https:\/\/www.welt.de\/politik\/deutschland\/plus189900475\/Annegret-Kramp-Karrenbauer-an-Deutlichkeit-nicht-zu-ueberbieten.html\">Karnevalswitz nachzuzeichnen<\/a>. Ohne mein Blog namentlich zu nennen, erkl\u00e4rt Robin Alexander, Vize-Chefredakteur Politik der WELT-Gruppe, dessen Rolle in dieser ganzen Sache so :<\/p>\n\n\n\n<blockquote class=\"wp-block-quote is-layout-flow wp-block-quote-is-layout-flow\"><p>&#8230; In dieser Geschlechterfrotzelei mit gebrauchsfeministischem Einschlag fiel auch ein Witz, in dem das &#8222;dritte Geschlecht&#8220; vorkam. Ansto\u00df nahm niemand der 1500 Zuschauer im Saal, darunter zahlreiche Journalisten, und niemand der Fersehzuschauer. Erst Tage sp\u00e4ter schlug ein Berliner Aktivist Alarm, der Kramp-Karrenbauer schon  lange kritisiert und ihr wegen ihrer Ablehnung der Ehe f\u00fcr Homosexuelle &#8222;v\u00f6lkischen Wahn&#8220; vorwirft. Der gleiche Autor nahm auch den Karnevalswitz der CDU-Vorsitzenden zum Anlass f\u00fcr einen Nazi-Vergleich und fragte: &#8222;Hat es das seit 1945 schon gegeben?&#8220;<br><\/p><\/blockquote>\n\n\n\n<p>Womit fangen wir an? Vielleicht mit dem Hinweis, dass sich hier ein Autor \u00fcber diese Dinge schreibt, der immer noch darauf besteht, die Ehe f\u00fcr alle die &#8222;Ehe f\u00fcr Homosexuelle&#8220; zu nennen.  Zum anderen damit, dass es Unfug ist, dass ich Kramp-Karrenbauer wegen ihrer Ehe f\u00fcr alle-Ablehnung f\u00fcr alle &#8222;v\u00f6lkischen Wahn&#8220; vorgeworfen habe. Ich habe in diesem Blog immer wieder darauf hingewiesen, dass ich die Ablehnung, auch wenn ich sie f\u00fcr homophob halte, f\u00fcr eine legitime Position im demokratischen Diskurs halte. Ich habe Kramp-Karrenbauer nicht ihre Ablehnung vorgeworfen, sondern wie sie diese begr\u00fcndet. <a href=\"https:\/\/www.nollendorfblog.de\/?p=7895\">Geschrieben hatte ich <\/a><\/p>\n\n\n\n<blockquote class=\"wp-block-quote is-layout-flow wp-block-quote-is-layout-flow\"><p> <br>Ihre  [Kramp-Karrenbauers]  Aussage, hinsichtlich der Ehe f\u00fcr alle m\u00fcsse man im Blick behalten,<\/p><p><br> \u201edass das Fundament unseres gesellschaftlichen Zusammenhalts dadurch nicht schleichend erodiert.\u201c<\/p><p><br> hat nichts mit konservativen Reflexen oder religi\u00f6sen \u00dcberzeugungen  zu tun. Nein, in ihr steckt v\u00f6lkisches Gedankengut, hinter ihr steht ein  Gesellschafts- und Menschenbild, das den Fortbestand dieser  Gesellschaft an eine normative Idee kn\u00fcpft und gleichzeitig eine  Minderheit und deren Gleichwertigkeit als Gefahr f\u00fcr den Fortbestand  dieser Gesellschaft definiert. Gesellschaft funktioniert so nat\u00fcrlich  nicht und hat nie so funktioniert. Das Wahnhafte ihrer Idee richtet sich  dabei nicht nur gegen die homosexuellen Volksfeinde, sondern auch gegen  alle anderen, deren famili\u00e4res Wertekonstrukt ja nach Kramp-Karrenbauer  nicht von Verantwortung und Zuneigung gepr\u00e4gt ist, sondern von deren  \u00dcberwindung, denn in ihrem Denken entsteht der Zusammenhalt der  Gesellschaft nicht aus menschlichen Werten, sondern offensichtlich  aufgrund einer staatlichen Verabredung. <\/p><\/blockquote>\n\n\n\n<p>Aber nun zum Nazi-Vergleich. Robin Alexander behauptet (Hervorhebung durch mich):<\/p>\n\n\n\n<blockquote class=\"wp-block-quote is-layout-flow wp-block-quote-is-layout-flow\"><p> Der gleiche Autor nahm auch den Karnevalswitz der CDU-Vorsitzenden zum Anlass f\u00fcr einen Nazi-Vergleich und fragte: <strong>&#8222;Hat es das seit 1945 schon  gegeben?&#8220; <\/strong><\/p><\/blockquote>\n\n\n\n<p>tats\u00e4chlich hatte <a href=\"https:\/\/www.nollendorfblog.de\/?p=10181\">ich geschrieben<\/a>:<br><\/p>\n\n\n\n<blockquote class=\"wp-block-quote is-layout-flow wp-block-quote-is-layout-flow\"><p> Und auch f\u00fcr den Kampf ums Kanzleramt scheint sie sich ihrer Strategie  treu zu bleiben: Nirgendwo trumpft sie so auf bei wie beim  Treten gegen  Minderheiten.  <strong>Hat es das nach 1945 schon einmal gegeben, dass ein aussichtsreicher  Bewerber, eine aussichtsreiche Bewerberin um das Kanzleramt so  hemmungslos diese niederen Instinkte bedient?<\/strong> Ich habe noch den  Strau\u00df-Wahlkampf 1980 erlebt, der wohl einer der h\u00e4rtesten und  polarisierensten war. Ja, man kann die Zeiten nicht vergleichen und doch  behaupte ich, dass selbst einem Franz Josef Strau\u00df so etwas nicht  passiert w\u00e4re, dass dieser ein Niveau hatte, um eine Grenze wusste, die  man nicht \u00fcbertritt: Sich genau auf Kosten einer der Minderheiten zu  profilieren, die aufgrund der <a href=\"https:\/\/www.buzzfeed.com\/de\/julianeloeffler\/operationen-intersex-intergeschlechtlich-kinder-deutschland\">Missst\u00e4nde<\/a>  in dieser Gesellschaft besonders versetzlich ist. Und diese dann auch  noch genau da zu bespotten, wo sie am verletzlichsten ist.<\/p><\/blockquote>\n\n\n\n<p>Also nicht nur, dass er meinen Satz an entscheidender Stelle einfach selbst zu Ende f\u00fchrt. Obwohl ich hier ganz klar die \u00c4u\u00dferungen Kramp-Karrenbauers mit \u00c4u\u00dferungen der Zeit nach 1945 und nicht davor abgleiche, unterstellt er mir hier einen &#8222;Nazi-Vergleich&#8220;. Oder h\u00e4lt er etwa Strau\u00df f\u00fcr einen Nazi? Oder ist schon die Einleitung &#8222;seit 1945&#8220; per se als eine, die einen Nazi-Vergleich einleitet? Oder gilt das nur, wenn die b\u00f6se Homolobby das macht? <\/p>\n\n\n\n<p>Denn er selbst schreibt am 8. M\u00e4rz 2018 in einem Artikel zum Thema Werbeverbot f\u00fcr Abtreibungen \u00fcber den damaligen Unions-Franktionschef Volker Kauder (Hervorhebung durch mich):<\/p>\n\n\n\n<blockquote class=\"wp-block-quote is-layout-flow wp-block-quote-is-layout-flow\"><p>Dem Vernehmen nach hat er  erkl\u00e4rt, er sei irritiert. Aber Kauder tat nicht, was jeder Vorsitzende  jeder Fraktion<strong> seit 1945<\/strong> in so einer Situation getan h\u00e4tte: Auf den  Koalitionsvertrag verweisen, einen Koalitionsausschuss einberufen und  notfalls mit dem Ende der Koalition drohen. <\/p><\/blockquote>\n\n\n\n<p>Aber ich sch\u00e4tze mal, das ist etwas ganz anderes. <\/p>\n\n\n\n<p>Doch der stellvertetende WELT-Chefredakteur Politik hat mir nicht nur einen Nazi-Vergleich untergejubelt. Er hat nicht nur mein Zitat in einen falschen Zusammenhang ger\u00fcckt, sondern auch in einen falschen Zeitablauf. Und damit die Schilderung des Ablaufs um die Aufregung um das Kramp-Karrenbauer-Zitat in einem entscheidenden Punkt verf\u00e4lscht. <\/p>\n\n\n\n<p>In meinem Originalpost auf Facebook, mit der ich den AKK-Witz &#8222;\u00f6ffentlich gemacht&#8220; und kritisiert hatte, der dann zur Emp\u00f6rung  und dann zur Berichterstattung auf <a href=\"https:\/\/www.queer.de\/detail.php?article_id=33098\">queer.de, <\/a>und nachfolgend dann auf allen News-Seiten f\u00fchrte, tauchte der  &#8222;seit 1945&#8220;-Satz \u00fcberhaupt nicht auf. Er entstand erst am n\u00e4chsten Morgen meinem &#8222;Stoppt Kramp-Karrenbauer&#8220;-Text in einer l\u00e4ngeren Bewertung . <\/p>\n\n\n\n<p>Doch das ist f\u00fcr einen WELT-Text wahrscheinlich zu komplex. Dann doch lieber die Legende vom Homo&#8211;Sprachpolizei-Aktivisten, der mit einem irren Nazivergleich auf die gr\u00f6\u00dftm\u00f6gliche Emp\u00f6rung setzt. Die man seinen Lesern dann zur gr\u00f6\u00dftm\u00f6glichen Emp\u00f6rung serviert. <br><\/p>\n\n\n\n<p><a href=\"https:\/\/www.nollendorfblog.de\/?p=10181\"><strong>Hier der Ursprungsbeitrag zum Thema: Stoppt Kramp-Karrenbauer!<\/strong><\/a><\/p>\n\n\n\n<p><a href=\"https:\/\/www.nollendorfblog.de\/?tag=annegret-kramp-karrenbauer\"><strong>Hier eine \u00dcbersicht aller Beitr\u00e4ge zu Kramp-Karrenbauer<\/strong><\/a><\/p>\n\n\n\n<hr class=\"wp-block-separator\"\/>\n\n\n<p><!--StartFragment--><\/p>\n<p><strong>Bitte mach mit! <\/strong>Als unabh\u00e4ngiges und werbefreies Blog brauchen wir Deine Hilfe. Hier kannst Du uns auf <span style=\"color: #000000;\"><strong><a style=\"color: #000000;\" href=\"https:\/\/www.paypal.com\/donate\/?token=Sx7UO35_SDcAJtU34UUHgtD5jyv1zex9ZEMhfnkmUSKCOtBwgAd3VhsSD8v7GsW2W2ygw0&amp;country.x=DE&amp;locale.x=de_DE\">Paypa<\/a>l<\/strong><\/span> unterst\u00fctzen. Oder hier ein <strong>freiwilliges Unterst\u00fctzerabo<\/strong> abschlie\u00dfen: <strong><br \/><\/strong><\/p>\n<p><!-- \/wp:post-content --><\/p>\n<p><!-- wp:separator --><\/p>\n<hr class=\"wp-block-separator\" \/>\n<p><!-- \/wp:separator --><\/p>\n<p><!-- wp:image {\"id\":8740,\"align\":\"left\",\"linkDestination\":\"custom\"} --><\/p>\n<div class=\"wp-block-image\">\n<figure class=\"alignleft\"><a href=\"https:\/\/steadyhq.com\/de\/nollendorfblog\"><img loading=\"lazy\" decoding=\"async\" width=\"442\" height=\"82\" class=\"wp-image-8740\" src=\"https:\/\/www.nollendorfblog.de\/wp-content\/uploads\/2018\/02\/Steady-nollendorfblog-klein.png\" alt=\"\" srcset=\"https:\/\/www.nollendorfblog.de\/wp-content\/uploads\/2018\/02\/Steady-nollendorfblog-klein.png 442w, https:\/\/www.nollendorfblog.de\/wp-content\/uploads\/2018\/02\/Steady-nollendorfblog-klein-300x56.png 300w\" sizes=\"auto, (max-width: 442px) 100vw, 442px\" \/><\/a><\/figure>\n<\/div>\n<p><!-- \/wp:image --><\/p>\n<p><!-- wp:paragraph --><\/p>\n<p>Mehr dazu:\u00a0<a href=\"https:\/\/www.nollendorfblog.de\/?p=8291\">Das Nollendorfblog braucht Deine Unterst\u00fctzung.<\/a><\/p>\n<hr \/><!--EndFragment-->\n<p>\u00a0<\/p>\n<p><!--StartFragment--><\/p>\n<p><!-- wp:paragraph --><\/p>\n<p><strong>10 Jahre Nollendorfblog \u2013 Gro\u00dfe Community-Gala im Tipi am Kanzleramt am 28. Mai 2019. U.a. mit Ralf K\u00f6nig \u2013 Barrie Kosky \u2013 Katharina Franck \u2013 Klaus Lederer \u2013 Tessa Ganserer \u2013 Sigrid Grajek \u2013 Hendryk Ekdahl \u2013 Kerstin Polte \u2013 Ludique!\u00a0 \u2013 Desiree Klaeukens \u2013 Alfonso Pantisano \u2013 Ryan Stecken \u2026. sowie Daniel Philipp Witte und Ricardo Frenzel Baudisch mit Highlights aus der \u201eOperette f\u00fcr zwei schwule Ten\u00f6re\u201c. Am Fl\u00fcgel: Florian Ludewig \u2013 Special Guest: Martin Schulz (\u00c4nderungen m\u00f6glich) <\/strong><\/p>\n<p><!-- \/wp:paragraph --><\/p>\n<p><!-- wp:paragraph --><\/p>\n<p><strong><a href=\"https:\/\/www.tipi-am-kanzleramt.de\/de\/programm\/programmuebersicht\/10-jahre-nollendorfblog.html\">Tickets hier<\/a><\/strong><a href=\"https:\/\/www.tipi-am-kanzleramt.de\/de\/programm\/programmuebersicht\/10-jahre-nollendorfblog.html\">.<\/a><\/p>\n<p><!-- \/wp:paragraph --><\/p>\n<p><!-- wp:image {\"id\":10103} --><\/p>\n<figure class=\"wp-block-image\"><img loading=\"lazy\" decoding=\"async\" width=\"1005\" height=\"560\" class=\"wp-image-10103\" src=\"https:\/\/www.nollendorfblog.de\/wp-content\/uploads\/2019\/02\/Screenshot-36-1.png\" alt=\"\" srcset=\"https:\/\/www.nollendorfblog.de\/wp-content\/uploads\/2019\/02\/Screenshot-36-1.png 1005w, https:\/\/www.nollendorfblog.de\/wp-content\/uploads\/2019\/02\/Screenshot-36-1-300x167.png 300w, https:\/\/www.nollendorfblog.de\/wp-content\/uploads\/2019\/02\/Screenshot-36-1-768x428.png 768w\" sizes=\"auto, (max-width: 1005px) 100vw, 1005px\" \/><\/figure>\n<p><!-- \/wp:image --><\/p>\n<p><!--EndFragment--><\/p>\n<p><!-- wp:paragraph --><\/p>\n<p>\u00a0<\/p>\n<p><!-- \/wp:paragraph --><\/p>","protected":false},"excerpt":{"rendered":"<p>Robin Aleander, stellvertetender WELT-Chefredakteur Politik, hat mir nicht nur einen Nazi-Vergleich untergejubelt. Er hat nicht nur mein Zitat in einen falschen Zusammenhang ger\u00fcckt, sondern auch in einen falschen Zeitablauf.<br \/>\n Foto: \u00a9 Gudrun Senger \/ Verlagsgruppe Random House \/ CC-BY-SA 3.0 (DE)<\/p>\n","protected":false},"author":1,"featured_media":10305,"comment_status":"closed","ping_status":"closed","sticky":false,"template":"","format":"standard","meta":{"footnotes":""},"categories":[165,173,1,166],"tags":[114,202,35],"class_list":["post-10302","post","type-post","status-publish","format-standard","has-post-thumbnail","hentry","category-165","category-das-wichigste-aus-zehn-jahren","category-politik","category-print","tag-annegret-kramp-karrenbauer","tag-robin-alexander","tag-welt"],"_links":{"self":[{"href":"https:\/\/www.nollendorfblog.de\/index.php?rest_route=\/wp\/v2\/posts\/10302","targetHints":{"allow":["GET"]}}],"collection":[{"href":"https:\/\/www.nollendorfblog.de\/index.php?rest_route=\/wp\/v2\/posts"}],"about":[{"href":"https:\/\/www.nollendorfblog.de\/index.php?rest_route=\/wp\/v2\/types\/post"}],"author":[{"embeddable":true,"href":"https:\/\/www.nollendorfblog.de\/index.php?rest_route=\/wp\/v2\/users\/1"}],"replies":[{"embeddable":true,"href":"https:\/\/www.nollendorfblog.de\/index.php?rest_route=%2Fwp%2Fv2%2Fcomments&post=10302"}],"version-history":[{"count":28,"href":"https:\/\/www.nollendorfblog.de\/index.php?rest_route=\/wp\/v2\/posts\/10302\/revisions"}],"predecessor-version":[{"id":10351,"href":"https:\/\/www.nollendorfblog.de\/index.php?rest_route=\/wp\/v2\/posts\/10302\/revisions\/10351"}],"wp:featuredmedia":[{"embeddable":true,"href":"https:\/\/www.nollendorfblog.de\/index.php?rest_route=\/wp\/v2\/media\/10305"}],"wp:attachment":[{"href":"https:\/\/www.nollendorfblog.de\/index.php?rest_route=%2Fwp%2Fv2%2Fmedia&parent=10302"}],"wp:term":[{"taxonomy":"category","embeddable":true,"href":"https:\/\/www.nollendorfblog.de\/index.php?rest_route=%2Fwp%2Fv2%2Fcategories&post=10302"},{"taxonomy":"post_tag","embeddable":true,"href":"https:\/\/www.nollendorfblog.de\/index.php?rest_route=%2Fwp%2Fv2%2Ftags&post=10302"}],"curies":[{"name":"wp","href":"https:\/\/api.w.org\/{rel}","templated":true}]}}