{"id":10358,"date":"2019-03-17T16:09:12","date_gmt":"2019-03-17T14:09:12","guid":{"rendered":"http:\/\/www.nollendorfblog.de\/?p=10358"},"modified":"2019-04-02T09:22:23","modified_gmt":"2019-04-02T07:22:23","slug":"alternative-fakten-und-verschwoerungsfimmel-die-geburt-der-annegret-trump-karrenbauer","status":"publish","type":"post","link":"https:\/\/www.nollendorfblog.de\/?p=10358","title":{"rendered":"Alternative Fakten und Verschw\u00f6rungsfimmel: Die Geburt der Annegret Trump-Karrenbauer"},"content":{"rendered":"\n<p>Nach ihrem Karnevalswitz \u00fcber intersexuelle Menschen und dem Angriff auf ihre Kritiker am Aschermittwoch sind die Beliebtheitswerte der CDU-Vorsitzenden Annegret Kramp-Karrenbauer laut ZDF-Politbarometer <a href=\"https:\/\/www.queer.de\/detail.php?article_id=33202\">eingebrochen<\/a>. Die Deutschen halten sie nun mehrheitlich als Kanzlerin ungeeignet.<\/p>\n\n\n\n<p>Das Interessante an dieser Befragung ist, dass nach vorherige Umfragen (hier u.a. <a href=\"https:\/\/www.rtl.de\/cms\/witze-im-karneval-was-geht-und-was-nicht-4302727.html\">bei RTL<\/a>) die \u00fcberw\u00e4ltigende Mehrheit der Befragten der Meinung war, dass sich AKK nicht f\u00fcr diesen Witz entschuldigen m\u00fcsse. Es gibt also offensichtlich ein differenziertes Meinungsbild in dieser Sache: Die Deutschen finden den Witz als solchen nicht so schlimm, sind aber offenbar trotzdem dar\u00fcber irritiert, dass eine voraussichtliche Bewerberin um das Kanzleramt es so sehr n\u00f6tig hat, ihr Profil dadurch zu st\u00e4rken, indem sie nach unten tritt. <\/p>\n\n\n\n<p>Die Affaire um den Witz bedeutet offensichtlich eine Z\u00e4sur in der \u00f6ffentlichn Beurteilung Kramp-Karrenbauers, auch da sie einen grunds\u00e4tzlichen Unterschied zu Merkel deutlich gemacht hat. <\/p>\n\n\n\n<p>Im <a href=\"https:\/\/www.spiegel.de\/plus\/annegret-kramp-karrenbauer-nach-buettenrede-gerutscht-gestanden-a-00000000-0002-0001-0000-000162787636\">SPIEGEL schrieb<\/a> Dirk Kurbjuweit  :<\/p>\n\n\n\n<blockquote class=\"wp-block-quote is-layout-flow wp-block-quote-is-layout-flow\"><p>Es  sind nicht viele Worte, aber sie sto\u00dfen die CDU ein St\u00fcck weiter aus  der liberalen Mitte, in die Merkel eingedrungen war. Und da sich  Annegret Kramp-Karrenbauer alles genau \u00fcberlegt hat, wird sie das so  wollen.<\/p><p>Damit wird der Karneval 2019, etwas \u00fcberraschend, zu einem wichtigen Datum der deutschen Politik.<\/p><\/blockquote>\n\n\n\n<p>Es ist aber nicht nur die inhaltliche Grenzverschiebung, die den AKK-Witz und seine Rechtfertigung zu einem wichtigen Datum machen. Mindestens ebenso beachtlich ist die rhetorische: AKK hat erstmalig den gesamten rechtspopulistischen Werkzeugkasten genutzt. Sie hat quasi ihr &#8222;Donald-Trump-Diplom&#8220; bestanden. Es ist die Geburtsstunde der Annegret Trump-Karrenbauer. <\/p>\n\n\n\n<p>Um aufzuzeigen, wie musterg\u00fcltig sich ihre Wandlung zur Rechtspopulistin vollzieht, habe ich hier die wichtigsten Kriterien zusammengetragen.  Es sind sechs<a href=\"https:\/\/www.nollendorfblog.de\/?p=10181\"> (weitere)<\/a> Gr\u00fcnde, warum diese Frau nie Bundeskanzlerin werden darf: <\/p>\n\n\n\n<p><strong>1.: Feuer l\u00f6schen, die mal selbst gelegt hat.<\/strong><\/p>\n\n\n\n<p><del>AKK <\/del>ATK beschwert sich \u00fcber die riesige Aufregung, die ihr Witz entfacht hat. Dabei hatte sie es in der Hand, diese fr\u00fchzeitig zu beenden. Denn wenn sie darauf besteht, \u00fcberhaupt keinen Witz \u00fcber intersexuelle Menschen gemacht haben zu wollen, h\u00e4tte sie dies ja umgehend klarstellen k\u00f6nnen. Wollte sie aber nicht. Sie wollte diese Aufregung, und sie wollte sie riesengro\u00df,  um sich dann \u00fcber die Aufregung und ihr Ausma\u00df echauffieren zu k\u00f6nnen. Wenn diese Aufregung ihrer Meinung nach Schaden angerichtet hat, dann wollte sie diesen Schaden.  <del>A<\/del>K<del>K <\/del>ATK  ist also eine politische Pyromanin, nicht nur eine Brandstifterin, sondern eine, die es m\u00f6glichst lange brennen l\u00e4sst. <\/p>\n\n\n\n<p><strong>2.: Dinge bestreiten, die jeder gesehen hat<\/strong><\/p>\n\n\n\n<p>Populisten werden nicht daf\u00fcr gefeiert, wie gut sie die Wahrheit erkl\u00e4ren k\u00f6nnen. Populisten werden daf\u00fcr gefeiert, wie egal ihnen die Wahrheit ist.  Trump schadet es nicht, dauernd zu behaupten, Dinge nicht gesagt zu haben, von denen jeder gesehen hat, dass er sie gesagt hat. <\/p>\n\n\n\n<p>Im Gegenteil: Wahre St\u00e4rke, wahre Verehrung durch ihre Anh\u00e4nger erwerben sich die Rechtspopulisten durch das Aufzeigen, wie immun sie gegen die Wahrheit sind. Stolz f\u00fchren sie vor, wie sehr sie sich trauen, einfach zu erz\u00e4hlen, dass das, was alle gesehen haben, gar nicht stattgefunden hat. Egal ob das Narrativ des Witzes &#8211; wie sie behauptet -gegen M\u00e4ner ging:  Jeder hatte gesehen, dass die eigentliche Pointe, das, was sie l\u00e4cherlich gemacht hat, ganz eindeutig gegen das &#8222;dritte Geschlecht&#8220; ausgerichtet war. Und es war ja eben nicht so, dass nur ihre Gegner sie genau so verstanden hatten. Auch fast alle ihre <a href=\"https:\/\/www.queer.de\/detail.php?article_id=33103\">Unterst\u00fctzer<\/a>, also alle,<span style=\"text-decoration: underline;\"> <\/span>die sie f\u00fcr diesen Witz verteidigt hatten, verteidigten sie daf\u00fcr, dass es m\u00f6glich sein m\u00fcsse, einen Witz gegen das &#8222;dritte Geschlecht&#8220; machen zu d\u00fcrfen. <\/p>\n\n\n\n<p><strong> 3. Alternative Fakten nachplappern<\/strong><\/p>\n\n\n\n<p>So wie Trump sich nicht zu schade ist, irgendwelchen Unsinn nachzuplappern, den er bei FOX-News gesehen hat, so macht es <del>AKK<\/del> AKT mit dem deutschen faktenresistenten Equivalent, der BILD-Zeitung. Diese hatte \u00fcber die Karnevalstage so getan, als w\u00fcrden nun in Deutschland erstmalig Indianerkost\u00fcme verboten,<a href=\"https:\/\/bildblog.de\/107986\/indianer-kostueme-an-fasching-bild-verwechselt-bitten-und-verbieten\/\"> was ernsthaft niemand gefordert hatte<\/a>, und trotzdem erst von BILD und dann von <del>AKK<\/del> ATK einfach mal so behauptet wurde. Sie schafft also eine gr\u00f6\u00dftm\u00f6gliche Emp\u00f6rung um etwas, was quasi nicht stattgefunden hat. Um dann \u00fcber die Emp\u00f6rung zu emp\u00f6ren, die sie selber angezettelt hat.<\/p>\n\n\n\n<p><strong>4.  Mehr Sexismus wagen!<\/strong><\/p>\n\n\n\n<p>Eigentlich ist es ja so: Wenn ein Typ einer Frau einfach so in den Schritt greift, dann ist das nicht nur eine enorme sexistische Grenz\u00fcberschreitung, sondern auch ganz sch\u00f6n eklig und verkrampft. Doch in der Populismus-Sexismus-Logik funktioniert das genau andersherum: Nicht der \u00fcbergriffige T\u00e4ter ist verkrampft, sondern das Opfer, das sich wehrt. Im Beispiel die Frau, die sich gegen den Typen stellt. In der trumpschen <del>AKK<\/del> ATK-Logik, die von ihr angegriffene Minderheit und alle, die Empathie mit ihr empfinden. Trump sagt: Was habt ihr denn, war doch nur <a href=\"https:\/\/www.politico.com\/story\/2017\/12\/12\/trump-timeline-sexual-misconduct-allegations-defense-292146\">Locker-Room-Talk<\/a>! Seine deutsche Sch\u00fclerin sagt: &#8222;Heute sind wir das verkrampfteste Volk der Welt&#8220;. Well done, Annegret!<br><\/p>\n\n\n\n<p><strong>4. &#8222;Haben wir keine wirklichen Probleme?&#8220;<\/strong><\/p>\n\n\n\n<p>Nat\u00fcrlich hat niemand, der AKK f\u00fcr diesen Witz kritisiert hat, behauptet, dass es keine wichtigeren Probleme in diesem Land gibt. Dass sie trotzdem so tut, als sei dem so, zeigt, wie selbstverst\u00e4ndlich sie mittlerweile im Basisgerede der Rechtpopulisten zu Hause ist: <a href=\"https:\/\/de.wikipedia.org\/wiki\/Whataboutism\">Whataboutism<\/a> ohne rot zu werden. <\/p>\n\n\n\n<p><strong>5. Ohne Verschw\u00f6rung geht nichts <\/strong><\/p>\n\n\n\n<p>Ob <del>AKKs<\/del> ATKs Leute wirklich an eine Verschw\u00f6rung glauben, ist r\u00e4tselhaft und nur schwer zu glauben. Aber offensichtlich gaben sie sich alle M\u00fche, eine in die Welt zu setzen. Der <a href=\"https:\/\/www.spiegel.de\/plus\/annegret-kramp-karrenbauer-nach-buettenrede-gerutscht-gestanden-a-00000000-0002-0001-0000-000162787636\">SPIEGEL jedenfalls<\/a> ist darauf angesprungen: <\/p>\n\n\n\n<blockquote class=\"wp-block-quote is-layout-flow wp-block-quote-is-layout-flow\"><p>Dann kam der Shitstorm, und Kramp-Karrenbauer war \u00fcberrascht, dass aus einem so kleinen Witz eine so gro\u00dfe Sache werden kann. H\u00e4tte sie aber ahnen k\u00f6nnen, wenn sie die Debatten der vergangenen Jahre zu diesem Thema verfolgt h\u00e4tte, gerade im Internet.<\/p><p>Ihre Leute haben dann mal dort nachgeschaut, wie der Shitstorm entstanden ist, und hatten den Eindruck, hier h\u00e4tten Aktivisten eine Welle ausgel\u00f6st, die geschickt gesteuert wurde und deshalb wuchs und wuchs. Kramp-Karrenbauers Leute fanden aber auch Wellenbrecher, vor allem von der CDU-Basis, die sich gegen den Shitstorm und vor die Parteichefin stellten. Und vor diesem Hintergrund hat Kramp-Karrenbauer sich entschieden.<\/p><\/blockquote>\n\n\n\n<p>Wer<a href=\"https:\/\/bildblog.de\/107848\/das-versagen-der-medien-bei-akks-spott-ueber-intersexuelle-menschen\/\"> tats\u00e4chlich nachgeschaut<\/a> hat, wie die ganze Sache losgegangen ist, kann unm\u00f6glich an einen Plan, eine &#8222;geschickte Steuerung&#8220; glauben. Mein oft zitierter Facebook-Post ist ja noch online und wer nur auf die allerersten Kommentare schaut, der sieht, wie etwa der gr\u00fcne Bundestagsabgeordnete Sven Lehmann bei mir nachfragt, wo dieser Witz stattgefunden hat. Lehmann hatte dann einen offenen Brief an AKK geschrieben, der (wie der Bericht auf queer.de) die &#8222;Welle&#8220; wachsen lie\u00df. Mit der Andeutung,  es habe hier eine Absprache, eine Steuerung gegeben, suggeriert das Umfeld von <del>AKK<\/del> ATK auch, Lehmann h\u00e4tte diese Frage nur vorget\u00e4uscht. <\/p>\n\n\n\n<p>Es ist nicht nur das homophobe Bild der konspirativen Homolobby, das <del>A<\/del>K<del>Ks<\/del> ATKs Leute hier beschw\u00f6ren. Es ist vor allem die Behauptung, dass die Aufregung \u00fcber diesen Witz nicht echt gewesen sein kann, dass sie nur zustande kam, weil es hier eine Verabredung, eine geheime Planung gegeben hat. Das unterstellt nebenbei nicht nur einem Bundestagsabgeordneten, sondern auch der Seite queer.de (die nach meinem Post den ersten Beitrag zum Thema verfasst hatte), sich vor den Karren von &#8222;Aktivisten&#8220; spannen zu lassen. Es degradiert eine Newsseite zum Kampagnenmedium, was um so dreister ist, da der queer.de Bericht n\u00fcchtern und journalistisch sachlich \u00fcber den Witz berichtet hatte ( &#8222;<a href=\"https:\/\/www.queer.de\/detail.php?article_id=33098\">AKK macht sich \u00fcber intergeschlechtliche Menschen lustig<\/a>&#8222;). <\/p>\n\n\n\n<p>Vor allem aber entwertet es den Protest der Opfer, also der intersexuellen Menschen, die sich \u00fcber diese \u00c4u\u00dferungen geschockt gezeigt hatten: Alles nur Kampagne. Alles nur Aktivistengeschreie. <\/p>\n\n\n\n<p>Und damit zum letzten Punkt:<\/p>\n\n\n\n<p><strong>6: Minderheiten im Regen stehen lassen!<\/strong><\/p>\n\n\n\n<p>Trotz allem: Auch wenn sie sie nicht angegriffen haben will, Annegret Trump-Karrenbauer h\u00e4tte sich vor die Minderheit stellen m\u00fcssen, die sich durch ihren Witz getroffen gef\u00fchlt hat. Sie h\u00e4tte sagen k\u00f6nnen, dass es nicht ihre Absicht war. Aber sie h\u00e4tte zumindest zur Kenntnis nehmen m\u00fcssen, dass es zu Verletzungen gef\u00fchrt hat, ganz egal, was ihr Anteil dabei gewesen ist. <\/p>\n\n\n\n<p>Doch so etwas machen Rechtspopulisten eben nicht. Rechtspopulisten ist das nicht nur egal. Sie sind auch noch stolz darauf. Und ja: Donald Trump ist ein ganz anderes Kaliber. Um so schlimmer, dass die Vorsitzende der CDU sich ihn als Lehrmeister ausgesucht hat. Shame on you, Annegret Trump-Karrenbauer!<\/p>\n\n\n\n<p><a href=\"https:\/\/www.nollendorfblog.de\/?p=10181\"><strong>Hier der Ursprungsbeitrag zum Thema: Stoppt Kramp-Karrenbauer!<\/strong><\/a><\/p>\n\n\n\n<p><a href=\"https:\/\/www.nollendorfblog.de\/?tag=annegret-kramp-karrenbauer\"><strong>Hier eine \u00dcbersicht aller Beitr\u00e4ge zu Kramp-Karrenbauer<\/strong><\/a><\/p>\n\n\n\n<hr class=\"wp-block-separator\"\/>\n\n\n<p><!--StartFragment--><\/p>\n<p><strong>Bitte mach mit! <\/strong>Als unabh\u00e4ngiges und werbefreies Blog brauchen wir Deine Hilfe. Hier kannst Du uns auf <span style=\"color: #000000;\"><strong><a style=\"color: #000000;\" href=\"https:\/\/www.paypal.com\/donate\/?token=Sx7UO35_SDcAJtU34UUHgtD5jyv1zex9ZEMhfnkmUSKCOtBwgAd3VhsSD8v7GsW2W2ygw0&amp;country.x=DE&amp;locale.x=de_DE\">Paypa<\/a>l<\/strong><\/span> unterst\u00fctzen. Oder hier ein <strong>freiwilliges Unterst\u00fctzerabo<\/strong> abschlie\u00dfen: <strong><br><\/strong><\/p>\n<p><!-- \/wp:post-content --><\/p>\n<p><!-- wp:separator --><\/p>\n<hr class=\"wp-block-separator\">\n<p><!-- \/wp:separator --><\/p>\n<p><!-- wp:image {\"id\":8740,\"align\":\"left\",\"linkDestination\":\"custom\"} --><\/p>\n<div class=\"wp-block-image\">\n<figure class=\"alignleft\"><a href=\"https:\/\/steadyhq.com\/de\/nollendorfblog\"><img loading=\"lazy\" decoding=\"async\" width=\"442\" height=\"82\" class=\"wp-image-8740\" src=\"https:\/\/www.nollendorfblog.de\/wp-content\/uploads\/2018\/02\/Steady-nollendorfblog-klein.png\" alt=\"\" srcset=\"https:\/\/www.nollendorfblog.de\/wp-content\/uploads\/2018\/02\/Steady-nollendorfblog-klein.png 442w, https:\/\/www.nollendorfblog.de\/wp-content\/uploads\/2018\/02\/Steady-nollendorfblog-klein-300x56.png 300w\" sizes=\"auto, (max-width: 442px) 100vw, 442px\" \/><\/a><\/figure>\n<\/div>\n<p><!-- \/wp:image --><\/p>\n<p><!-- wp:paragraph --><\/p>\n<p>Mehr dazu:&nbsp;<a href=\"https:\/\/www.nollendorfblog.de\/?p=8291\">Das Nollendorfblog braucht Deine Unterst\u00fctzung.<\/a><\/p>\n<hr><!--EndFragment--><p><\/p>\n<h3>10 Jahre Nollendorfblog: Lasst uns feiern &#8230;<\/h3>\n<p><!--StartFragment--><\/p>\n<p><!-- wp:paragraph --><\/p>\n<p><strong>Die gro\u00dfe Community-Gala im Tipi am Kanzleramt am 28. Mai 2019. U.a. mit Ralf K\u00f6nig \u2013 Barrie Kosky \u2013 Katharina Franck \u2013 Klaus Lederer \u2013 Tessa Ganserer \u2013 Sigrid Grajek \u2013 Hendryk Ekdahl \u2013 Kerstin Polte \u2013 Ludique!&nbsp; \u2013 Desiree Klaeukens \u2013 Alfonso Pantisano \u2013 Ryan Stecken \u2026. sowie Daniel Philipp Witte und Ricardo Frenzel Baudisch mit Highlights aus der \u201eOperette f\u00fcr zwei schwule Ten\u00f6re\u201c. Am Fl\u00fcgel: Florian Ludewig \u2013 Special Guest: Martin Schulz (\u00c4nderungen m\u00f6glich) <\/strong><\/p>\n<p><!-- \/wp:paragraph --><\/p>\n<p><!-- wp:paragraph --><\/p>\n<p><strong><a href=\"https:\/\/www.tipi-am-kanzleramt.de\/de\/programm\/programmuebersicht\/10-jahre-nollendorfblog.html\">Tickets hier<\/a><\/strong><a href=\"https:\/\/www.tipi-am-kanzleramt.de\/de\/programm\/programmuebersicht\/10-jahre-nollendorfblog.html\">.<\/a><\/p>\n<p><!-- \/wp:paragraph --><\/p>\n<p><!-- wp:image {\"id\":10103} --><\/p>\n<figure class=\"wp-block-image\"><img loading=\"lazy\" decoding=\"async\" width=\"1005\" height=\"560\" class=\"wp-image-10103\" src=\"https:\/\/www.nollendorfblog.de\/wp-content\/uploads\/2019\/02\/Screenshot-36-1.png\" alt=\"\" srcset=\"https:\/\/www.nollendorfblog.de\/wp-content\/uploads\/2019\/02\/Screenshot-36-1.png 1005w, https:\/\/www.nollendorfblog.de\/wp-content\/uploads\/2019\/02\/Screenshot-36-1-300x167.png 300w, https:\/\/www.nollendorfblog.de\/wp-content\/uploads\/2019\/02\/Screenshot-36-1-768x428.png 768w\" sizes=\"auto, (max-width: 1005px) 100vw, 1005px\" \/><\/figure>\n<p><!-- \/wp:image --><\/p>\n<p><!--EndFragment--><\/p>\n<p><!-- wp:paragraph --><\/p>\n<p><\/p>\n<p><!-- \/wp:paragraph --><\/p>\n<p><!--EndFragment--><\/p>\n<p><!-- wp:paragraph --><\/p>\n<p><!-- \/wp:paragraph --><\/p>\n<p><!-- wp:paragraph --><\/p>\n<p><\/p>\n<p><!-- \/wp:paragraph --><\/p>","protected":false},"excerpt":{"rendered":"<p>Aus AKK wird AKT: So hat die CDU-Vorsitzende ihr &#8222;Donald-Trump-Diplom&#8220; bestanden. Sechs (weitere) Gr\u00fcnde, warum diese Frau nicht Bundeskanzlerin werden darf. <\/p>\n","protected":false},"author":1,"featured_media":10375,"comment_status":"closed","ping_status":"closed","sticky":false,"template":"","format":"standard","meta":{"footnotes":""},"categories":[173,1],"tags":[114,36,87,38],"class_list":["post-10358","post","type-post","status-publish","format-standard","has-post-thumbnail","hentry","category-das-wichigste-aus-zehn-jahren","category-politik","tag-annegret-kramp-karrenbauer","tag-bild","tag-cdu-csu","tag-spiegel"],"_links":{"self":[{"href":"https:\/\/www.nollendorfblog.de\/index.php?rest_route=\/wp\/v2\/posts\/10358","targetHints":{"allow":["GET"]}}],"collection":[{"href":"https:\/\/www.nollendorfblog.de\/index.php?rest_route=\/wp\/v2\/posts"}],"about":[{"href":"https:\/\/www.nollendorfblog.de\/index.php?rest_route=\/wp\/v2\/types\/post"}],"author":[{"embeddable":true,"href":"https:\/\/www.nollendorfblog.de\/index.php?rest_route=\/wp\/v2\/users\/1"}],"replies":[{"embeddable":true,"href":"https:\/\/www.nollendorfblog.de\/index.php?rest_route=%2Fwp%2Fv2%2Fcomments&post=10358"}],"version-history":[{"count":35,"href":"https:\/\/www.nollendorfblog.de\/index.php?rest_route=\/wp\/v2\/posts\/10358\/revisions"}],"predecessor-version":[{"id":10406,"href":"https:\/\/www.nollendorfblog.de\/index.php?rest_route=\/wp\/v2\/posts\/10358\/revisions\/10406"}],"wp:featuredmedia":[{"embeddable":true,"href":"https:\/\/www.nollendorfblog.de\/index.php?rest_route=\/wp\/v2\/media\/10375"}],"wp:attachment":[{"href":"https:\/\/www.nollendorfblog.de\/index.php?rest_route=%2Fwp%2Fv2%2Fmedia&parent=10358"}],"wp:term":[{"taxonomy":"category","embeddable":true,"href":"https:\/\/www.nollendorfblog.de\/index.php?rest_route=%2Fwp%2Fv2%2Fcategories&post=10358"},{"taxonomy":"post_tag","embeddable":true,"href":"https:\/\/www.nollendorfblog.de\/index.php?rest_route=%2Fwp%2Fv2%2Ftags&post=10358"}],"curies":[{"name":"wp","href":"https:\/\/api.w.org\/{rel}","templated":true}]}}