{"id":10421,"date":"2019-05-11T12:29:23","date_gmt":"2019-05-11T10:29:23","guid":{"rendered":"http:\/\/www.nollendorfblog.de\/?p=10421"},"modified":"2019-05-11T13:03:17","modified_gmt":"2019-05-11T11:03:17","slug":"alternative-fakten-und-verschwoerungsfimmel-die-geburt-der-annegret-trump-karrenbauer-2","status":"publish","type":"post","link":"https:\/\/www.nollendorfblog.de\/?p=10421","title":{"rendered":"Verbotsparteien CSU und SPD: Weg mit dem Entwurf zum Transsexuellengesetz!"},"content":{"rendered":"\n<p>Konservative\nund neue Rechte haben es geschafft, emanzipatorische Anliegen dadurch\nzu diskreditieren, dass sie das Streben nach mehr Freiheit zum\nGegenteil der Freiheit verkl\u00e4ren: Zum Verbot. Nicht nur die GR\u00dcNEN\nwurden somit erfolgreich zur Verbotspartei deklariert. Die\n\u201eLinksgr\u00fcnversifften\u201c wollen angeblich anderen vorschreiben, was\ndiese zu denken, zu sagen und zu tun haben.<\/p>\n\n\n\n<p>Dieses Narrativ der angeblichen Spach-, Denk- und Tu-Verbote ist\nso m\u00e4chtig, dass die links-gr\u00fcnen Kreise dem oft kaum etwas\nentgegenzusetzen haben. Seit dem Kommunikationsdesater um den\n\u201eVeggie-Day\u201c w\u00e4hrend der vorletzten Bundestagswahl herrscht die\nAngst, als strenger Tugendw\u00e4chter und Moralist dazustehen. Dabei\nstehen nat\u00fcrlich die wahren Tugendw\u00e4chter und Moralisten weiterhin\nauf der anderen Seite des politischen Spektrums, auch wenn sie es\ngeschafft haben, ihr Spie\u00dfertum als fortschrittliche Geste\ndazustellen.<\/p>\n\n\n\n<p>Es ist daher Zeit, die Dinge wieder geradezur\u00fccken:<\/p>\n\n\n\n<p>Die wahren Spie\u00dfer sind etwa nicht die, die herabw\u00fcrdigende\nWitze \u00fcber Minderheiten kritisieren, sondern die, die diese Witze\nmachen. Die wahren Verbotsparteien, sind nicht die, die zur Rettung\nder Umwelt die Kosten f\u00fcr dieser Rettung denen aufb\u00fcrden wollen,\ndie sie verursachen. Freiheit bedeutet, in einer m\u00f6glichst\nunzert\u00f6rten Umwelt aufwachsen zu d\u00fcrfen, und nicht, diese nach\nBelieben weiter zu zerst\u00f6ren zu d\u00fcrfen.<\/p>\n\n\n\n<p>Die wahren Verbotsparteien sind nicht die, die die\nFreiheitsoptionen wahren wollen. Die wahren Verbotsparteien sind die,\ndie Menschen das Recht auf Selbstbestimmung verweigern, und nicht\ndie, die um Selbstbestimmung k\u00e4mpfen: So sind Verbotsparteien etwa\ndie, die Aufkl\u00e4rung zur Vielfalt verbieten wollen. Verbotsparteien\nsind die, die die Ehe f\u00fcr alle verbieten wollten, also Menschen\nverbieten wollten, den zu heiraten, den sie lieben.<\/p>\n\n\n\n<p>Und jetzt kommen wir zum Punkt: Verbotsparteien sind die, die\nMenschen verbieten wollen, ihr Geschlecht selbst zu bestimmen. Denn\ngenau darum geht es im Referentenentwurf von Innenministerium (CSU)\nund Justizministerium (SPD) zur \u00dcberarbeitung des\nTranssexuellengesetztes, der am Mittwoch von <a href=\"http:\/\/_wp_link_placeholder\/\">Buzzfeed\nNews<\/a> ver\u00f6ffentlicht wurde. Statt dieses Gesetz einfach\nabzuschaffen, also Menschen es in Freiheit selbst zu \u00fcberlassen,\n\u00fcber ihre Identit\u00e4t zu entscheiden, sollen nun weiterhin Schikanen\ndiese Menschen bevormunden.<\/p>\n\n\n\n<p>Wer wirklich f\u00fcr Freiheit ist, darf diese trans Menschen nicht verwehren. Der Referentenentwurf zeigt das Gesicht eines \u00fcbergriffigen, autorit\u00e4ren Staates. Wer nicht in einem solchen leben m\u00f6chte, darf den Kampf dagegen nicht trans Menschen \u00fcberlassen.  <br><\/p>\n\n\n<p><!--StartFragment--><\/p>\n<hr>\n<p><strong>Bitte mach mit! <\/strong>Als unabh\u00e4ngiges und werbefreies Blog brauchen wir Deine Hilfe. Hier kannst Du uns auf <span style=\"color: #000000;\"><strong><a style=\"color: #000000;\" href=\"https:\/\/www.paypal.com\/donate\/?token=Sx7UO35_SDcAJtU34UUHgtD5jyv1zex9ZEMhfnkmUSKCOtBwgAd3VhsSD8v7GsW2W2ygw0&amp;country.x=DE&amp;locale.x=de_DE\">Paypa<\/a>l<\/strong><\/span> unterst\u00fctzen. Oder hier ein <strong>freiwilliges Unterst\u00fctzerabo<\/strong> abschlie\u00dfen: <strong><br><\/strong><\/p>\n<p><!-- \/wp:post-content --><\/p>\n<p><!-- wp:separator --><\/p>\n<hr class=\"wp-block-separator\">\n<p><!-- \/wp:separator --><\/p>\n<p><!-- wp:image {\"id\":8740,\"align\":\"left\",\"linkDestination\":\"custom\"} --><\/p>\n<div class=\"wp-block-image\">\n<figure class=\"alignleft\"><a href=\"https:\/\/steadyhq.com\/de\/nollendorfblog\"><img loading=\"lazy\" decoding=\"async\" width=\"442\" height=\"82\" class=\"wp-image-8740\" src=\"https:\/\/www.nollendorfblog.de\/wp-content\/uploads\/2018\/02\/Steady-nollendorfblog-klein.png\" alt=\"\" srcset=\"https:\/\/www.nollendorfblog.de\/wp-content\/uploads\/2018\/02\/Steady-nollendorfblog-klein.png 442w, https:\/\/www.nollendorfblog.de\/wp-content\/uploads\/2018\/02\/Steady-nollendorfblog-klein-300x56.png 300w\" sizes=\"auto, (max-width: 442px) 100vw, 442px\" \/><\/a><\/figure>\n<\/div>\n<p><!-- \/wp:image --><\/p>\n<p><!-- wp:paragraph --><\/p>\n<p>Mehr dazu:&nbsp;<a href=\"https:\/\/www.nollendorfblog.de\/?p=8291\">Das Nollendorfblog braucht Deine Unterst\u00fctzung.<\/a><\/p>\n<hr>\n<p><!--EndFragment--><\/p>\n<h3>Noch zwei Wochen bis zur die gro\u00dfen Community Gala zu 10 Jahren Nollendorfblog am 28. Mai im Tipi am Kanzleramt<\/h3>\n<h3>Hier geht\u00b4s lang &#8230;.<\/h3>\n<p><!--StartFragment--><\/p>\n<p><!-- wp:paragraph --><\/p>\n<p><strong>Die gro\u00dfe Community-Gala im Tipi am Kanzleramt am 28. Mai 2019. U.a. mit Ralf K\u00f6nig \u2013 Barrie Kosky \u2013 Katharina Franck \u2013 Klaus Lederer \u2013 Tessa Ganserer \u2013 Sigrid Grajek \u2013 Hendryk Ekdahl \u2013 Kerstin Polte \u2013 Ludique!&nbsp; \u2013 Desiree Klaeukens \u2013 Alfonso Pantisano \u2013 Ryan Stecken \u2026. sowie Daniel Philipp Witte und Ricardo Frenzel Baudisch mit Highlights aus der \u201eOperette f\u00fcr zwei schwule Ten\u00f6re\u201c. Am Fl\u00fcgel: Florian Ludewig \u2013 Special Guest: Martin Schulz (\u00c4nderungen m\u00f6glich) <\/strong><\/p>\n<p><!-- \/wp:paragraph --><\/p>\n<p><!-- wp:paragraph --><\/p>\n<p><strong><a href=\"https:\/\/www.tipi-am-kanzleramt.de\/de\/programm\/programmuebersicht\/10-jahre-nollendorfblog.html\">Tickets hier<\/a><\/strong><a href=\"https:\/\/www.tipi-am-kanzleramt.de\/de\/programm\/programmuebersicht\/10-jahre-nollendorfblog.html\">.<\/a><\/p>\n<p><!-- \/wp:paragraph --><\/p>\n<p><!-- wp:image {\"id\":10103} --><\/p>\n<figure class=\"wp-block-image\"><img loading=\"lazy\" decoding=\"async\" width=\"1005\" height=\"560\" class=\"wp-image-10103\" src=\"https:\/\/www.nollendorfblog.de\/wp-content\/uploads\/2019\/02\/Screenshot-36-1.png\" alt=\"\" srcset=\"https:\/\/www.nollendorfblog.de\/wp-content\/uploads\/2019\/02\/Screenshot-36-1.png 1005w, https:\/\/www.nollendorfblog.de\/wp-content\/uploads\/2019\/02\/Screenshot-36-1-300x167.png 300w, https:\/\/www.nollendorfblog.de\/wp-content\/uploads\/2019\/02\/Screenshot-36-1-768x428.png 768w\" sizes=\"auto, (max-width: 1005px) 100vw, 1005px\" \/><\/figure>\n<p><!-- \/wp:image --><\/p>\n<p><!--EndFragment--><\/p>\n<p><!-- wp:paragraph --><\/p>\n<p><!-- \/wp:paragraph --><\/p>\n<p><!--EndFragment--><\/p>\n<p><!-- wp:paragraph --><\/p>\n<p><!-- \/wp:paragraph --><\/p>\n<p><!-- wp:paragraph --><\/p>\n<p><!-- \/wp:paragraph --><\/p>\n<p><!-- wp:separator --><\/p>\n<hr class=\"wp-block-separator\">\n<p><!-- \/wp:separator --><\/p>","protected":false},"excerpt":{"rendered":"<p>Wer wirklich f\u00fcr Freiheit ist, darf diese trans Menschen nicht verwehren. Der Referentenentwurf zeigt das Gesicht eines \u00fcbergriffigen autorit\u00e4ren Staates. Wer nicht in einem solchen leben m\u00f6chte, darf den Kampf dagegen nicht trans Menschen \u00fcberlassen.<\/p>\n","protected":false},"author":1,"featured_media":10429,"comment_status":"closed","ping_status":"closed","sticky":false,"template":"","format":"standard","meta":{"footnotes":""},"categories":[55,1,141],"tags":[87,89],"class_list":["post-10421","post","type-post","status-publish","format-standard","has-post-thumbnail","hentry","category-community","category-politik","category-trans","tag-cdu-csu","tag-spd"],"_links":{"self":[{"href":"https:\/\/www.nollendorfblog.de\/index.php?rest_route=\/wp\/v2\/posts\/10421","targetHints":{"allow":["GET"]}}],"collection":[{"href":"https:\/\/www.nollendorfblog.de\/index.php?rest_route=\/wp\/v2\/posts"}],"about":[{"href":"https:\/\/www.nollendorfblog.de\/index.php?rest_route=\/wp\/v2\/types\/post"}],"author":[{"embeddable":true,"href":"https:\/\/www.nollendorfblog.de\/index.php?rest_route=\/wp\/v2\/users\/1"}],"replies":[{"embeddable":true,"href":"https:\/\/www.nollendorfblog.de\/index.php?rest_route=%2Fwp%2Fv2%2Fcomments&post=10421"}],"version-history":[{"count":11,"href":"https:\/\/www.nollendorfblog.de\/index.php?rest_route=\/wp\/v2\/posts\/10421\/revisions"}],"predecessor-version":[{"id":10437,"href":"https:\/\/www.nollendorfblog.de\/index.php?rest_route=\/wp\/v2\/posts\/10421\/revisions\/10437"}],"wp:featuredmedia":[{"embeddable":true,"href":"https:\/\/www.nollendorfblog.de\/index.php?rest_route=\/wp\/v2\/media\/10429"}],"wp:attachment":[{"href":"https:\/\/www.nollendorfblog.de\/index.php?rest_route=%2Fwp%2Fv2%2Fmedia&parent=10421"}],"wp:term":[{"taxonomy":"category","embeddable":true,"href":"https:\/\/www.nollendorfblog.de\/index.php?rest_route=%2Fwp%2Fv2%2Fcategories&post=10421"},{"taxonomy":"post_tag","embeddable":true,"href":"https:\/\/www.nollendorfblog.de\/index.php?rest_route=%2Fwp%2Fv2%2Ftags&post=10421"}],"curies":[{"name":"wp","href":"https:\/\/api.w.org\/{rel}","templated":true}]}}