{"id":10869,"date":"2019-09-08T19:32:53","date_gmt":"2019-09-08T17:32:53","guid":{"rendered":"http:\/\/www.nollendorfblog.de\/?p=10869"},"modified":"2019-11-12T21:17:03","modified_gmt":"2019-11-12T19:17:03","slug":"warum-annegret-trump-karrenbauer-nie-kanzlerin-dieses-landes-werden-darf","status":"publish","type":"post","link":"https:\/\/www.nollendorfblog.de\/?p=10869","title":{"rendered":"Chemtrails? Aliens? Homolobby? Was Ole von Beust Annegret Trump-Karrenbauer fragen sollte."},"content":{"rendered":"\n<p style=\"text-align:right\" class=\"has-small-font-size\">Vorschaufoto: CDU \/ Laurence Chaperon<\/p>\n\n\n\n<p>Annegret Trump-Karrenbauer hat hart daran gearbeitet hat, sich die LGBTI-Community zum Feind zu machen. Und wer sie in Talk-Shows beobachtet, kann sehen, wie stolz sie darauf ist, wie sehr sie ihre homophoben Glaubenss\u00e4tze dazu benutzt, um Prinzipienfestigkeit zu demonstrieren. <\/p>\n\n\n\n<p>Deswegen wird es jetzt an diesem Donnerstag spannend:  <\/p>\n\n\n\n<p>Auf dem Empfang der &#8222;Lesben und Schwulen in der Union&#8220; (LSU) im Konrad Adenauer Haus stellt sich Annegret Trump-Karrenbauer dem Homo-Thema. Der (schwule) ehemalige  Hamburger B\u00fcrgermeister Ole von Beust wird mit ihr dort auf offener B\u00fchne diskutieren, und nat\u00fcrlich darf erwartet werden, dass er die homofeindlichen Positionen seiner Parteichefin zur Sprache bringt, auch wenn er diese vielleicht nicht so benennen wird.  <\/p>\n\n\n\n<p>Zu erwarten ist: Trump-Karrenbauer wird  irgendwie auf die Kritiker zugehen, wird nicht &#8211; wie bisher &#8211; weiter eskalieren. Anders macht dieser Termin \u00fcberhaupt keinen Sinn. Sie wird also entweder irgendwie zur\u00fcckrudern oder wenigstens versuchen, ihre Standpunkte verst\u00e4ndlich zu machen, wird sich also bem\u00fchen zumindest im Ton weniger aggressiv, weniger unerbittlich zu sein. <\/p>\n\n\n\n<p>Die Frage ist aber: Selbst wenn sie ihre Aussagen relativieren sollte, selbst wenn sie sich etwa zu Respekt f\u00fcr gleichgeschlechtliche Ehen durchringen k\u00f6nnte, oder diese zumindest in weniger abwertenden Worten beschreiben w\u00fcrde: Spielte das \u00fcberhaupt noch eine Rolle? Selbst wenn sie sich ein Mea culpa abringen w\u00fcrde, w\u00fcrde ihr dann irgendjemand in diesem Land glauben, das dies nicht ein rein taktisches w\u00e4re?<\/p>\n\n\n\n<p>Nat\u00fcrlich ist es okay, ja sogar notwendig, dass Politiker ihre Positionen \u00e4ndern. Es ist okay, weil sich ja die \u00dcberzeugung \u00e4ndern kann. Aber es ist auch okay aus taktischen Gr\u00fcnden. So funktioniert eben Politik. (Auch wenn die Erkenntnis nat\u00fcrlich f\u00fcr die CDU niederschmetternd sein m\u00fcsste, dass die taktischen F\u00e4higkeiten ihrer Vorsitzenden derartig reduziert sind, dass sie auf deren niederste, billigste Form, dem gezielten Abwerten von Minderheiten zur\u00fcckgreifen muss, um das Profil ihrer Partei zu sch\u00e4rfen).<\/p>\n\n\n\n<p>Man kann erst gegen den Mindestlohn sein und dann daf\u00fcr. Weil man f\u00fcr diese Position gew\u00e4hlt werden will. Oder mit bestimmten Parteien koalitionsf\u00e4hig werden oder bleiben will. Oder weil man sich davon \u00fcberzeugen konnte, dass die zun\u00e4chst angenommenen negativen Auswirkungen doch geringer sind als die Vorteile. <\/p>\n\n\n\n<p>Aber Trump-Karrenbauers Position zur Ehe f\u00fcr alle verbietet sich eine solche Neubewertung, wenn sie sich nicht komplett l\u00e4cherlich machen will. Nur zur Erinnerung: Sie hat die Gleichstellung Homosexueller als Gefahr f\u00fcr die Zukunft der Gesellschaft erkl\u00e4rt. Ihr entscheidendes Argument gegen die Ehe f\u00fcr alle ist nicht ihr christlicher Glaube, nicht (wie bei Merkel) eine Wertvorstellung, nach der  die Ehe auf Mann und Frau beschr\u00e4nkt sein sollte. Nein, Trump-Karrenbauer geht in ihrer Argumentation einen ganz entscheidenden Schritt weiter. <\/p>\n\n\n\n<p>W\u00f6rtlich meinte sie, man m\u00fcsse hinsichtlich der Ehe f\u00fcr alle im Blick behalten,<\/p>\n\n\n\n<blockquote class=\"wp-block-quote is-layout-flow wp-block-quote-is-layout-flow\"><p> \u201edass das Fundament unseres gesellschaftlichen Zusammenhalts dadurch nicht schleichend erodiert.\u201c <\/p><\/blockquote>\n\n\n\n<p>So einen Satz, erst recht, wenn man ihn zwei Jahre lang immer wieder verteidigt hat, kann man nicht mal eben abr\u00e4umen, mit: Oops, war doch nicht so gemeint. Hinter einem solchen Satz steht ein Welt- und Gesellschaftsbild, ein total irres Welt- und Gesellschaftsbild nat\u00fcrlich, das davon zeugt, nicht im Ansatz verstanden zu haben, wie Gesellschaft, wie Zusammenhalt, wie gesellschaftlicher Zusammenhalt funktioniert.  <em>(Mehr dazu hier: <a href=\"https:\/\/www.nollendorfblog.de\/?p=7895\">&#8222;Der v\u00f6lkische Wahn der Annegret Kramp-Karrenbauer&#8220;<\/a>)<\/em><\/p>\n\n\n\n<p>Trump-Karrenbauer fordert in diesem Zusammenhang gerne Respekt f\u00fcr ihre \u00dcberzeugungen ein, so, als ob ihr irgendjemand verbieten wollen w\u00fcrde, Unsinn zu glauben. Nat\u00fcrlich darf sie Unsinn glauben. Jeder darf glauben, was er will. Die meisten von uns glauben an Dinge, die von den allermeisten Menschen n\u00fcchtern betrachtet als absurd angesehen werden. Die Gedanken, die Meinungen sind frei. Jeder darf post-faktisch denken, ja, sogar an Verschw\u00f6rungstheorien glauben und daran, dass die Juden oder die Homos durch zu viel Rechte das Wohl der Gesellschaft gef\u00e4hrden.<\/p>\n\n\n\n<p>Aber d\u00fcrfen wir auch zulassen, dass Politiker ihre Entscheidungen und Positionen postfaktisch begr\u00fcnden? Auch das. Aber w\u00e4hlen d\u00fcrfen wir sie daf\u00fcr auf gar keinen Fall.<em> (Mehr dazu hier: &#8222;<a href=\"https:\/\/www.nollendorfblog.de\/?p=10358\">Alternative Fakten und Verschw\u00f6rungsfimmel: Die Geburt der Annegret Trump-Karrenbauer<\/a>&#8222;)<\/em><\/p>\n\n\n\n<p>Und was, wenn nun Trump-Karrenbauer jetzt am Donnerstag doch glaubhaft machen will, dass sich auf einmal ihre innersten \u00dcberzeugungen in den letzten zwei Jahren fundamental gewandelt haben? Dass die Homos also nun auf einmal doch keine Gefahr sind, dass sie sich das alles nur eingebildet hat?<\/p>\n\n\n\n<p>Nun, in dem Fall sollte Ole von Beust seine Parteichefin in den Arm nehmen, sie ganz fest dr\u00fccken. Bei jedem, der glaubhaft erkl\u00e4rt, nun kein Rassist, kein Antisemit, kein Homophobiker mehr sein zu wollen, sollten wir das tun. Und trotzdem: Ich w\u00fcrde von Ole van Beust erwarten, dass er weiter nachfragt, sich genau erkl\u00e4ren l\u00e4sst, wie sich Trump-Karrenbauer (die man in diesem Fall ruhig wieder Kramp-Karrenbauer nennen sollte) das denn so vorgestellt hat, mit der Gesellschaft, die durch die Ehe f\u00fcr alle aus den Fugen zu geraten droht:<\/p>\n\n\n\n<p>Wie genau h\u00e4tte diese Zersetzung geschehen sollen? Also, konkret:  Welche Kr\u00e4fte f\u00fchren \u00fcber die \u201eHomoehe\u201c zur bef\u00fcrchteten Zerbr\u00f6selung  der Gesellschaft? Wie soll \/ sollte das ganze ihrer Meinung nach  vonstattengehen?  Verschw\u00f6rerisch? Volkspsychologisch? Esoterisch? Mit  offener Gewalt durch die Homolobby? Mithilfe von Chemtrails? Aliens?  <\/p>\n\n\n\n<p>Ja, all dies klingt verr\u00fcckt. Doch die CDU-Parteivorsitzende wirklich ernst zu nehmen, bedeutet, ihr Verantwortung f\u00fcr ihre eigenen Worte zuzutrauen, hei\u00dft konkret nachzufragen, sie nicht damit durchkommen lassen, dass dies eben ihre \u00dcberzeugung sei, oder gewesen sei. Sondern wissen zu wollen, worauf diese \u00dcberzeugung fu\u00dfen, von welchen Erkenntnissen sie da getrieben ist. <\/p>\n\n\n\n<p>Es gibt eigentlich nur zwei M\u00f6glichkeiten: Sie meint (bzw. meinte) das wirklich Ernst, und dann muss sie endlich erkl\u00e4ren, was es damit auf sich hat und von welchen gesellschaftlichen Zersetzungsprozessen sie da spricht.  Schlie\u00dflich geht es ja nach ihrer Aussage um nichts weniger als den Fortbestand unserer Gesellschaft!  Oder es war doch nicht so ernst gemeint, einfach mal so dahergeredet, einfach mal so einer Minderheit vor den Bus geworfen. <\/p>\n\n\n\n<p>Das zu kl\u00e4ren sollte nicht nur Homosexuelle interessieren, denn es geht ganz grunds\u00e4tzlich darum, wie ernst man die Vorsitzende der gr\u00f6\u00dften Regierungspartei und m\u00f6gliche Kanzlerkandidatin \u00fcberhaupt nehmen kann. <\/p>\n\n\n\n<p>Andererseits: So oder so soll Trump-Karrenbauer und die von ihr gepr\u00e4gte CDU in Zukunft keine Rolle mehr spielen. Und zwar gem\u00e4\u00df ihrer eigene Aussagen! In einem Beitrag f\u00fcr die <a href=\"https:\/\/www.faz.net\/aktuell\/politik\/inland\/annegret-kramp-karrenbauer-bruecken-bauen-in-bewegten-zeiten-16370267.html\">FAZ forderte sie<\/a> f\u00fcr ihre Partei:<\/p>\n\n\n\n<blockquote class=\"wp-block-quote is-layout-flow wp-block-quote-is-layout-flow\"><p> &#8222;&#8230;keine Zusammenarbeit mit Parteien, die ausgrenzen, spalten, mit ihrer  Sprache und Haltung das gesellschaftliche Klima vergiften und Rassismus  und Ressentiments sch\u00fcren.&#8220;<\/p><\/blockquote>\n\n\n\n<p>Die Parteivorsitzende verbietet sich ihrer Partei also eine Zusammenarbeit mit sich selbst. Wenn das mal keine gute Nachricht ist.   \u2666  <\/p>\n\n\n\n<p><strong>Bitte mach mit!&nbsp;<\/strong>Als unabh\u00e4ngiges und werbefreies Blog brauchen wir Deine Hilfe. Hier kannst Du uns auf&nbsp;<strong><a href=\"https:\/\/www.paypal.com\/donate\/?token=Sx7UO35_SDcAJtU34UUHgtD5jyv1zex9ZEMhfnkmUSKCOtBwgAd3VhsSD8v7GsW2W2ygw0&amp;country.x=DE&amp;locale.x=de_DE\">Paypa<\/a>l<\/strong>&nbsp;unterst\u00fctzen. Oder hier ein&nbsp;<strong>freiwilliges Unterst\u00fctzerabo<\/strong>&nbsp;abschlie\u00dfen:<\/p>\n\n\n\n<hr class=\"wp-block-separator\"\/>\n\n\n\n<figure class=\"wp-block-image\"><a href=\"https:\/\/steadyhq.com\/de\/nollendorfblog\"><img loading=\"lazy\" decoding=\"async\" width=\"442\" height=\"82\" src=\"https:\/\/www.nollendorfblog.de\/wp-content\/uploads\/2018\/02\/Steady-nollendorfblog-klein.png\" alt=\"\" class=\"wp-image-8740\" srcset=\"https:\/\/www.nollendorfblog.de\/wp-content\/uploads\/2018\/02\/Steady-nollendorfblog-klein.png 442w, https:\/\/www.nollendorfblog.de\/wp-content\/uploads\/2018\/02\/Steady-nollendorfblog-klein-300x56.png 300w\" sizes=\"auto, (max-width: 442px) 100vw, 442px\" \/><\/a><\/figure>\n\n\n\n<p><em>Mehr dazu:&nbsp;<\/em><em><a href=\"https:\/\/www.nollendorfblog.de\/?p=8291\">Das Nollendorfblog braucht Deine Unterst\u00fctzung<\/a><\/em><\/p>\n\n\n\n<hr class=\"wp-block-separator\"\/>\n\n\n\n<p class=\"has-medium-font-size\"><a href=\"https:\/\/www.nollendorfblog.de\/?tag=annegret-kramp-karrenbauer\"><strong>Alle Beitr\u00e4ge \u00fcber Kramp (Trump)- Karrenbauer hier im \u00dcberblick.<\/strong><\/a><\/p>\n\n\n\n<p><\/p>\n\n\n\n<p>Hinweis: Der Titel dieses Blogbeitrages wurde ge\u00e4ndert. Urspr\u00fcnglich lautete er &#8222;Warum Annegret Trump-Karrenbauer nie Kanzlerin dieses Landes werden darf.&#8220;<\/p>\n","protected":false},"excerpt":{"rendered":"<p>Die CDU-Parteivorsitzende wirklich ernst zu nehmen, bedeutet, ihr Verantwortung f\u00fcr ihre eigenen Worte zuzutrauen,<\/p>\n","protected":false},"author":1,"featured_media":10906,"comment_status":"closed","ping_status":"open","sticky":false,"template":"","format":"standard","meta":{"footnotes":""},"categories":[165,1],"tags":[114],"class_list":["post-10869","post","type-post","status-publish","format-standard","has-post-thumbnail","hentry","category-165","category-politik","tag-annegret-kramp-karrenbauer"],"_links":{"self":[{"href":"https:\/\/www.nollendorfblog.de\/index.php?rest_route=\/wp\/v2\/posts\/10869","targetHints":{"allow":["GET"]}}],"collection":[{"href":"https:\/\/www.nollendorfblog.de\/index.php?rest_route=\/wp\/v2\/posts"}],"about":[{"href":"https:\/\/www.nollendorfblog.de\/index.php?rest_route=\/wp\/v2\/types\/post"}],"author":[{"embeddable":true,"href":"https:\/\/www.nollendorfblog.de\/index.php?rest_route=\/wp\/v2\/users\/1"}],"replies":[{"embeddable":true,"href":"https:\/\/www.nollendorfblog.de\/index.php?rest_route=%2Fwp%2Fv2%2Fcomments&post=10869"}],"version-history":[{"count":55,"href":"https:\/\/www.nollendorfblog.de\/index.php?rest_route=\/wp\/v2\/posts\/10869\/revisions"}],"predecessor-version":[{"id":10929,"href":"https:\/\/www.nollendorfblog.de\/index.php?rest_route=\/wp\/v2\/posts\/10869\/revisions\/10929"}],"wp:featuredmedia":[{"embeddable":true,"href":"https:\/\/www.nollendorfblog.de\/index.php?rest_route=\/wp\/v2\/media\/10906"}],"wp:attachment":[{"href":"https:\/\/www.nollendorfblog.de\/index.php?rest_route=%2Fwp%2Fv2%2Fmedia&parent=10869"}],"wp:term":[{"taxonomy":"category","embeddable":true,"href":"https:\/\/www.nollendorfblog.de\/index.php?rest_route=%2Fwp%2Fv2%2Fcategories&post=10869"},{"taxonomy":"post_tag","embeddable":true,"href":"https:\/\/www.nollendorfblog.de\/index.php?rest_route=%2Fwp%2Fv2%2Ftags&post=10869"}],"curies":[{"name":"wp","href":"https:\/\/api.w.org\/{rel}","templated":true}]}}