{"id":1088,"date":"2013-03-01T15:38:01","date_gmt":"2013-03-01T13:38:01","guid":{"rendered":"http:\/\/www.nollendorfblog.de\/?p=1088"},"modified":"2019-03-02T13:21:36","modified_gmt":"2019-03-02T11:21:36","slug":"die-homophobie-der-konservativen-gleicht-der-logik-des-antisemitismus","status":"publish","type":"post","link":"https:\/\/www.nollendorfblog.de\/?p=1088","title":{"rendered":"Die Homophobie der &#8222;Konservativen&#8220; gleicht der Logik des Antisemitismus"},"content":{"rendered":"<div id=\"_mcePaste\" style=\"position: absolute; left: -10000px; top: 0px; width: 1px; height: 1px; overflow: hidden;\">\n<p>&nbsp;<\/p>\n<p>Die fundamentalistische Homophobie der Konservativen und die Logik des Antisemitismus<\/p>\n<\/div>\n<div id=\"_mcePaste\" style=\"position: absolute; left: -10000px; top: 0px; width: 1px; height: 1px; overflow: hidden;\">Bloss nicht \u00e4rgern jetzt, diese Konservativen. Jetzt, wo der grosse Durchbruch der rechtlichen Gleichstellung &nbsp;fast schon mit H\u00e4nden zu greifen ist. Lasst sie doch reden und klagen, diese Unverbesserlichen, sie tun doch niemand mehr weh. Gesellschaft und Politik sind schon viel weiter als die. Und die Medien sowieso. Wirklich?<\/div>\n<div id=\"_mcePaste\" style=\"position: absolute; left: -10000px; top: 0px; width: 1px; height: 1px; overflow: hidden;\">Die aktuelle Rhetorik der sich selbst (von anderen unwidersprochen) \u201ekonservativ\u201c nennenden Kreise &nbsp;deutet weit \u00fcber ihre Haltung aktuellen Diskussion um die Homo-Ehe hinaus. Es ist ein aggressiver Fundamentalismus der an die Logik des Antisemitismus &nbsp;erinnert. Dies ist beachtenswert. Aber noch beachtenswerter ist die Gleichg\u00fcltigkeit mit diese unwidersprochen bleibt. Dabei reklamieren sie, f\u00fcr eine \u201eschweigende Mehrheit\u201c zu sprechen. Und zumindest da k\u00f6nnten sie Recht haben.<\/div>\n<div id=\"_mcePaste\" style=\"position: absolute; left: -10000px; top: 0px; width: 1px; height: 1px; overflow: hidden;\">Die These der Konservativen l\u00e4sst sich ungef\u00e4hr so zusammenfassen:<\/div>\n<div id=\"_mcePaste\" style=\"position: absolute; left: -10000px; top: 0px; width: 1px; height: 1px; overflow: hidden;\">Die Gleichstellung Homosexueller &#8230;<\/div>\n<div id=\"_mcePaste\" style=\"position: absolute; left: -10000px; top: 0px; width: 1px; height: 1px; overflow: hidden;\">\u2026 ist eine existentielle Gefahr f\u00fcr die Gesellschaft.<\/div>\n<div id=\"_mcePaste\" style=\"position: absolute; left: -10000px; top: 0px; width: 1px; height: 1px; overflow: hidden;\">Die Bedrohung durch sie wird immer gr\u00f6\u00dfer, aber die Politik kapituliert vor ihr, weil die &nbsp;bedrohende Minderheit immer mehr Macht \u00fcber sie aus\u00fcbt.<\/div>\n<div id=\"_mcePaste\" style=\"position: absolute; left: -10000px; top: 0px; width: 1px; height: 1px; overflow: hidden;\">Aus R\u00fccksicht auf diese Minderheit werden die Interessen der Mehrheitsgesellschaft verletzt.<\/div>\n<div id=\"_mcePaste\" style=\"position: absolute; left: -10000px; top: 0px; width: 1px; height: 1px; overflow: hidden;\">Eine Aufbegehren ist aber aufgrund einer drohenden \u201eKeule der Diskriminierung\u201c kaum m\u00f6glich.<\/div>\n<div id=\"_mcePaste\" style=\"position: absolute; left: -10000px; top: 0px; width: 1px; height: 1px; overflow: hidden;\">Die sie unterst\u00fctzenden Entscheidungen der Politik stellen einen eine illegitimen Angriff auf unersch\u00fctterlich Wahrheiten dar.<\/div>\n<div id=\"_mcePaste\" style=\"position: absolute; left: -10000px; top: 0px; width: 1px; height: 1px; overflow: hidden;\">Alle \u201eKonservative\u201c, die sich zu diesem Thema \u00e4u\u00dfern, bedienen sich mehr oder weniger dieser Muster. Die konkrete argumentative Ausgestaltung l\u00e4sst sich sehr sch\u00f6n anhand eines Leitartikels von Jasper von Altenbuckum in der der FAZ dokumentieren:<\/div>\n<div id=\"_mcePaste\" style=\"position: absolute; left: -10000px; top: 0px; width: 1px; height: 1px; overflow: hidden;\">Die Gleichstellung Homosexueller ist eine existentielle Gefahr f\u00fcr die Gesellschaft.<\/div>\n<div id=\"_mcePaste\" style=\"position: absolute; left: -10000px; top: 0px; width: 1px; height: 1px; overflow: hidden;\">Jasper von Altenbuckum zitiert eine Passage aus dem Grundsatzprogramm der CDU und bringt sie in Zusammenhang mit der Gleichstellung Homosexueller:<\/div>\n<div id=\"_mcePaste\" style=\"position: absolute; left: -10000px; top: 0px; width: 1px; height: 1px; overflow: hidden;\">\u201e\u2026 was auf dem Spiel steht: &#8218;Das ist der Widerspruch unserer Zeit: Eine reiche Gesellschaft ist arm an Kindern&#8216;<\/div>\n<div id=\"_mcePaste\" style=\"position: absolute; left: -10000px; top: 0px; width: 1px; height: 1px; overflow: hidden;\">Die Bedrohung durch sie wird immer gr\u00f6\u00dfer, aber die Politik kapituliert vor ihr, weil die &nbsp;bedrohende Minderheit immer mehr Macht \u00fcber sie aus\u00fcbt.<\/div>\n<div id=\"_mcePaste\" style=\"position: absolute; left: -10000px; top: 0px; width: 1px; height: 1px; overflow: hidden;\">Von Altenbuckum spricht von einem<\/div>\n<div id=\"_mcePaste\" style=\"position: absolute; left: -10000px; top: 0px; width: 1px; height: 1px; overflow: hidden;\">\u201e &#8218;Zug der Zeit\u00b4, der auch noch so unersch\u00fctterliche Wahrheiten platt zu walzen scheint\u201c .<\/div>\n<div id=\"_mcePaste\" style=\"position: absolute; left: -10000px; top: 0px; width: 1px; height: 1px; overflow: hidden;\">Wer sich gegen diesen Zug stemmt, dem droht also weggerafft zu werden, &nbsp;politische Parteien m\u00fcssen sich &nbsp;also auch gegen ihre eigenen \u00dcberzeugungen dieser ungeheuerlichen Kraft unterordnen.<\/div>\n<div id=\"_mcePaste\" style=\"position: absolute; left: -10000px; top: 0px; width: 1px; height: 1px; overflow: hidden;\">Aus R\u00fccksicht auf diese Minderheit werden deren Interessen gegen die der &nbsp;Mehrheitsgesellschaft durchgesetzt.<\/div>\n<div id=\"_mcePaste\" style=\"position: absolute; left: -10000px; top: 0px; width: 1px; height: 1px; overflow: hidden;\">Von Altenbuckum:<\/div>\n<div id=\"_mcePaste\" style=\"position: absolute; left: -10000px; top: 0px; width: 1px; height: 1px; overflow: hidden;\">\u201eHomo-Ehe? Warum nicht! Das ist eine der Antworten, deretwegen sich mancher fragt, wof\u00fcr die CDU eigentlich noch steht: f\u00fcr nicht mehr viel von dem, was eine schweigende Mehrheit durchaus noch f\u00fcr bewahrenswert h\u00e4lt.\u201c<\/div>\n<div id=\"_mcePaste\" style=\"position: absolute; left: -10000px; top: 0px; width: 1px; height: 1px; overflow: hidden;\">Eine Aufbegehren ist aber aufgrund einer drohenden \u201eKeule der Diskriminierung\u201c kaum m\u00f6glich.<\/div>\n<div id=\"_mcePaste\" style=\"position: absolute; left: -10000px; top: 0px; width: 1px; height: 1px; overflow: hidden;\">Von Altenbuckum:<\/div>\n<div id=\"_mcePaste\" style=\"position: absolute; left: -10000px; top: 0px; width: 1px; height: 1px; overflow: hidden;\">\u201eSPD, Gr\u00fcne, Linkspartei und FDP wollen und m\u00fcssen nicht es nicht erkl\u00e4ren, weil sich darin gerade die M\u00f6glichkeiten ihrer Programme offenbaren- die Keule der &#8218;Diskriminierung&#8216; immer griffbereit.\u201c<\/div>\n<div id=\"_mcePaste\" style=\"position: absolute; left: -10000px; top: 0px; width: 1px; height: 1px; overflow: hidden;\">Von Altenbuckum macht sich also nicht einmal die M\u00fche, dem von Martin Walser erfundenen Schlaggegenstand einen anderen Namen zu geben. Sp\u00e4testens hier wird deutlich, mit welcher Selbstverst\u00e4ndlichkeit sich hier Angreifer zu Opfern machen. Und sp\u00e4testens hier sind die Parallelen zum Antisemitismus un\u00fcbersehbar.<\/div>\n<div id=\"_mcePaste\" style=\"position: absolute; left: -10000px; top: 0px; width: 1px; height: 1px; overflow: hidden;\">Die sie unterst\u00fctzenden Entscheidungen der Politik stellen einen eine illegitimen Angriff auf unersch\u00fctterlich Wahrheiten dar.<\/div>\n<div id=\"_mcePaste\" style=\"position: absolute; left: -10000px; top: 0px; width: 1px; height: 1px; overflow: hidden;\">\u201e &#8218;Gott hat uns geschaffen als Mann und Frau, und ich glaube, dass er sich was dabei dabei gedacht hat&#8216; rief ein Delegierter auf dem CDU Parteitag im Dezember 2012, als \u00fcber die steuerliche Gleichstellung gleichgeschlechtlicher Partnerschaften gestritten wurde. Nicht einmal ein Jahr sp\u00e4ter m\u00fcsste er wohl sagen: Er mag sich was dabei gedacht haben, aber wir wissen nicht mehr, was.\u201c<\/div>\n<div id=\"_mcePaste\" style=\"position: absolute; left: -10000px; top: 0px; width: 1px; height: 1px; overflow: hidden;\">Wie die Juden sind auch die Schwulen von Natur aus schlecht. Viele Homophobe argumentieren, sie haben ja nichts gegen Homesexuelle, aber gegen die Homosexualit\u00e4t, denn diese sei widernat\u00fcrlich. Das ist so, als sage man einem Schwarzen, man habe nichts gegen ihn pers\u00f6nlich, aber seine Hautfarbe. Und dem Juden, er sei ok, solange er nicht als Jude lebe. Wer gegen Homosexualit\u00e4t skandalisiert, greift Homosexuelle an. Wer dies in Bezug auf Gott tut, tut dies als Fundamentalist. Wer der Politik das Recht abspricht, Homosexualit\u00e4t gleich stellen zu d\u00fcrfen, provoziert einen \u201egerechten\u201c Widerstand.<\/div>\n<div id=\"_mcePaste\" style=\"position: absolute; left: -10000px; top: 0px; width: 1px; height: 1px; overflow: hidden;\">Die Rhetorik des Widerstandes gegen eine Minderheit, die eine eigentlich \u201ereiche\u201c Gesellschaft in ihrer Existenz bedroht, sollte ist in diesem Land nicht neu. F\u00fcr die Juden bedeute die &nbsp;gesellschaftliche Gleichstellung nicht das Ende sondern der Anfang der gr\u00f6ssten Aggression gegen sieDie fundamentalistische Homophobie der Konservativen und die Logik des Antisemitismus<\/div>\n<p style=\"margin-bottom: 0cm;\">Blo\u00df nicht \u00e4rgern jetzt, diese Konservativen. Jetzt, wo der gro\u00dfe Durchbruch der rechtlichen Gleichstellung fast schon mit H\u00e4nden zu greifen ist. Lasst sie doch reden und klagen, diese Unverbesserlichen, sie tun doch niemand mehr weh. Gesellschaft und Politik sind schon viel weiter als die. Und die Medien sowieso. Wirklich?<\/p>\n<p style=\"margin-bottom: 0cm;\">Die aktuelle Rhetorik der sich selbst (von anderen unwidersprochen) \u201ekonservativ\u201c nennenden Kreise ist in weiten Teilen nichts anderes als aggressiver Fundamentalismus, der an die wirre Logik des Antisemitismus erinnert. Dies ist beachtenswert. Aber noch beachtenswerter ist die Gleichg\u00fcltigkeit, mit der sie unwidersprochen bleibt.<\/p>\n<p style=\"margin-bottom: 0cm;\">Dabei reklamieren die Konservatisten, f\u00fcr eine \u201eschweigende Mehrheit\u201c zu sprechen.<\/p>\n<p style=\"margin-bottom: 0cm;\">Und zumindest da k\u00f6nnten sie Recht haben.<\/p>\n<p style=\"margin-bottom: 0cm;\">Die Glaubenss\u00e4tze der &#8222;Konservativen&#8220; in der aktuellen &#8222;Debatte&#8220; um Homo-Ehe und Adoptionsrecht lassen sich ungef\u00e4hr so zusammenfassen:<\/p>\n<p>&nbsp;<\/p>\n<p style=\"margin-bottom: 0cm; text-align: left;\"><strong>1.&nbsp;<\/strong><strong>Die Gleichstellung Homosexueller <\/strong><span style=\"font-weight: bold;\">ist eine existentielle Gefahr f\u00fcr die Gesellschaft.<\/span><\/p>\n<p style=\"margin-bottom: 0cm; text-align: left;\"><strong>2.&nbsp;<\/strong><strong>Die Bedrohung wird immer gr\u00f6\u00dfer, aber die Politik kapituliert vor ihr, weil die Minderheit immer m\u00e4chtiger wird.<\/strong><\/p>\n<p style=\"margin-bottom: 0cm; text-align: left;\"><strong>3.&nbsp;<\/strong><strong>Aus R\u00fccksicht auf diese Minderheit werden die Interessen der Mehrheitsgesellschaft verletzt.<\/strong><\/p>\n<p style=\"margin-bottom: 0cm; text-align: left;\"><strong>4.&nbsp;<\/strong><strong>Eine Aufbegehren ist aber aufgrund einer drohenden \u201eKeule der Diskriminierung\u201c kaum m\u00f6glich.<\/strong><\/p>\n<p style=\"margin-bottom: 0cm; text-align: left;\"><strong>5.&nbsp;<\/strong><strong>Die sie unterst\u00fctzenden Entscheidungen der Politik und Justiz stellen einen eine illegitimen Angriff auf unersch\u00fctterlich Wahrheiten dar.<\/strong><\/p>\n<p>&nbsp;<\/p>\n<p style=\"margin-bottom: 0cm; text-align: left;\">Fast alle \u201eKonservative\u201c, lehnen sich in ihren \u00c4u\u00dferungen <span style=\"color: #993300;\"><a href=\"http:\/\/www.hr-online.de\/website\/rubriken\/nachrichten\/indexhessen34938.jsp?rubrik=34954&amp;key=standard_document_47657803\">mehr<\/a> <\/span><a href=\"http:\/\/www.faz.net\/aktuell\/politik\/inland\/homo-ehe-widerstand-in-der-union-gegen-radikalen-schwenk-12092681.html\">oder<\/a> weniger an diesen Thesenmuster an.<\/p>\n<p style=\"margin-bottom: 0cm;\">Um darzustellen, wie diese Thesen konkret argumentiert werden, gen\u00fcgt ein einziger FAZ-Leitartikel (<a href=\"http:\/\/www.faz.net\/aktuell\/politik\/inland\/debatte-ueber-homo-ehe-im-zug-der-zeit-12096925.html\">&#8222;Im Zug der Zeit&#8220;<\/a> von Jasper von Altenbockum, vom 28.02.2013), da er dankenswerterweise alle &nbsp;in sich vereint.<\/p>\n<p style=\"margin-bottom: 0cm;\">Schauen wir ihn also &#8222;Zug um Zug&#8220; anhand der Thesen etwas genauer an:<\/p>\n<p>&nbsp;<\/p>\n<p style=\"margin-bottom: 0cm; text-align: left;\"><strong>1. Die Gleichstellung Homosexueller ist eine existentielle Gefahr f\u00fcr die Gesellschaft.<\/strong><\/p>\n<p style=\"margin-bottom: 0cm;\">Um die Dringlichkeit seiner Warnungen zu verdeutlichen zitiert Jasper von Altenbockum eine Passage aus dem Grundsatzprogramm der CDU und bringt sie in Zusammenhang mit der Gleichstellung Homosexueller:<\/p>\n<blockquote>\n<p style=\"margin-bottom: 0cm;\">\u201e\u2026 was auf dem Spiel steht: &#8218;Das ist der Widerspruch unserer Zeit: Eine reiche Gesellschaft ist arm an Kindern&#8216; \u201c<\/p>\n<\/blockquote>\n<p style=\"margin-bottom: 0cm;\">Im CDU <a href=\"http:\/\/www.cdu.de\/doc\/pdfc\/071203-beschluss-grundsatzprogramm-6-navigierbar.pdf\"><span style=\"color: #993300;\">Parteiprogramm<\/span><\/a> hat dieser Satz gar nichts mit der Homoehe zu tun. Von Altenbuckums stellt jedoch einen Kontext her, der suggeriert, die Gleichstellung Homosexueller h\u00e4tte Einfluss auf die Zahl der Kinder unserer Gesellschaft. Durch Homosexuelle sei also die \u201eKeimzelle\u201c der Gesellschaft bedroht, was bedeutet, dass die Gesellschaft durch sie in Gefahr ger\u00e4t, nicht mehr \u201ekeimen\u201c, sich also nicht mehr reproduzieren zu k\u00f6nnen.<\/p>\n<p style=\"margin-bottom: 0cm;\">Es geht also nicht wie fr\u00fcher um Moral der Gesellschaft, auf dem Spiel steht schlichtweg deren <a href=\"http:\/\/www.taz.de\/!100536\/\"><span style=\"color: #993300;\">Existenz<\/span><\/a>.<\/p>\n<p>&nbsp;<\/p>\n<p style=\"margin-bottom: 0cm; text-align: left;\"><strong>2. Die Bedrohung &nbsp;wird immer gr\u00f6\u00dfer, aber die Politik kapituliert vor ihr, weil die Minderheit immer m\u00e4chtiger wird.<\/strong><\/p>\n<p style=\"margin-bottom: 0cm;\">Von Altenbuckum spricht von einem<\/p>\n<blockquote>\n<p style=\"margin-bottom: 0cm;\">\u201e &#8218;Zug der Zeit\u00b4, der auch noch so unersch\u00fctterliche Wahrheiten platt zu walzen scheint\u201c .<\/p>\n<\/blockquote>\n<p style=\"margin-bottom: 0cm;\">Wer sich gegen diesen Zug stemmt, dem droht also weggerafft zu werden, politische Parteien m\u00fcssen sich also auch gegen ihre eigenen \u00dcberzeugungen dieser ungeheuerlichen Kraft unterordnen.<\/p>\n<p>&nbsp;<\/p>\n<p style=\"margin-bottom: 0cm; text-align: left;\"><strong>3. &nbsp;Aus R\u00fccksicht auf diese Minderheit werden deren Interessen gegen die der Mehrheitsgesellschaft durchgesetzt.<\/strong><\/p>\n<p style=\"margin-bottom: 0cm;\">Von Altenbuckum:<\/p>\n<blockquote>\n<p style=\"margin-bottom: 0cm;\">\u201eHomo-Ehe? Warum nicht! Das ist eine der Antworten, deretwegen sich mancher fragt, wof\u00fcr die CDU eigentlich noch steht: f\u00fcr nicht mehr viel von dem, was eine schweigende Mehrheit durchaus noch f\u00fcr bewahrenswert h\u00e4lt.\u201c<\/p>\n<\/blockquote>\n<p>&nbsp;<\/p>\n<p style=\"margin-bottom: 0cm; text-align: left;\"><strong>4. Eine Aufbegehren ist aber aufgrund einer drohenden \u201eKeule der Diskriminierung\u201c kaum m\u00f6glich.<\/strong><\/p>\n<p style=\"margin-bottom: 0cm;\">Von Altenbuckum:<\/p>\n<blockquote>\n<p style=\"margin-bottom: 0cm;\">\u201eSPD, Gr\u00fcne, Linkspartei und FDP wollen und m\u00fcssen nicht es nicht erkl\u00e4ren, weil sich darin gerade die M\u00f6glichkeiten ihrer Programme offenbaren- die Keule der &#8218;Diskriminierung&#8216; immer griffbereit.\u201c<\/p>\n<\/blockquote>\n<p style=\"margin-bottom: 0cm;\">Von Altenbuckum macht sich also nicht einmal die M\u00fche, dem von Martin Walser thematisierten <a href=\"http:\/\/de.metapedia.org\/wiki\/Auschwitzkeule\"><span style=\"color: #993300;\">Schlaggegenstand<\/span><\/a> einen anderen Namen zu geben. Sp\u00e4testens hier wird deutlich, mit welcher Selbstverst\u00e4ndlichkeit sich hier Angreifer zu Opfern machen. Und sp\u00e4testens hier sind die Parallelen zum Antisemitismus un\u00fcbersehbar.<\/p>\n<p>&nbsp;<\/p>\n<p style=\"margin-bottom: 0cm; text-align: left;\"><strong>5. Die die Gleichstellung Homosexueller&nbsp; unterst\u00fctzenden Entscheidungen der Politik und Justiz stellen einen eine illegitimen Angriff auf unersch\u00fctterlich Wahrheiten dar.<\/strong><\/p>\n<blockquote>\n<p style=\"margin-bottom: 0cm; text-align: left;\">\u201e &#8218;Gott hat uns geschaffen als Mann und Frau, und ich glaube, dass er sich was dabei dabei gedacht hat&#8216; rief ein Delegierter auf dem CDU Parteitag im Dezember 2012, als \u00fcber die steuerliche Gleichstellung gleichgeschlechtlicher Partnerschaften gestritten wurde. Nicht einmal ein Jahr sp\u00e4ter m\u00fcsste er wohl sagen: Er mag sich was dabei gedacht haben, aber wir wissen nicht mehr, was.\u201c<\/p>\n<\/blockquote>\n<p style=\"margin-bottom: 0cm;\">Wie die Juden sind auch die Schwulen von Natur aus schlecht. Viele Homophobe argumentieren, sie haben ja nichts gegen Homesexuelle, aber gegen die Homosexualit\u00e4t, denn diese sei widernat\u00fcrlich. Das ist so, als sage man einem Schwarzen, man habe nichts gegen ihn pers\u00f6nlich, aber seine Hautfarbe. Und dem Juden, er sei ok, solange er kein Jude sei. Wer gegen Homosexualit\u00e4t skandalisiert, greift Homosexuelle an. Wer dies in Bezug auf Gott tut, tut dies als Fundamentalist. Wer der Politik das Recht abspricht, Homosexualit\u00e4t gleich stellen zu d\u00fcrfen, provoziert einen \u201egerechten\u201c Widerstand.<\/p>\n<p style=\"margin-bottom: 0cm;\">Die Rhetorik des Widerstandes gegen eine Minderheit, die eine eigentlich \u201ereiche\u201c Gesellschaft in ihrer Existenz bedroht, sollte ist in diesem Land nicht neu. F\u00fcr die Juden bedeute die gesellschaftliche Gleichstellung nicht das Ende sondern der Anfang der gr\u00f6ssten Aggression gegen sie.<\/p>\n<p style=\"margin-bottom: 0cm;\">.<\/p>\n<p><script type=\"text\/javascript\">\/\/ <![CDATA[\nvar _gaq = _gaq || []; _gaq.push(['_setAccount', 'UA-39572505-1']); _gaq.push(['_trackPageview']); (function() { var ga = document.createElement('script'); ga.type = 'text\/javascript'; ga.async = true; ga.src = ('https:' == document.location.protocol ? 'https:\/\/ssl' : 'http:\/\/www') + '.google-analytics.com\/ga.js'; var s = document.getElementsByTagName('script')[0]; s.parentNode.insertBefore(ga, s); })();<br \/>\n\/\/ ]]><\/script><\/p>\n","protected":false},"excerpt":{"rendered":"<p>&nbsp; Die fundamentalistische Homophobie der Konservativen und die Logik des Antisemitismus Bloss nicht \u00e4rgern jetzt, diese Konservativen. Jetzt, wo der grosse Durchbruch der rechtlichen Gleichstellung &nbsp;fast schon mit H\u00e4nden zu greifen ist. Lasst sie doch reden und klagen, diese Unverbesserlichen, sie tun doch niemand mehr weh. Gesellschaft und Politik sind schon viel weiter als die. &#8230; <a title=\"Die Homophobie der &#8222;Konservativen&#8220; gleicht der Logik des Antisemitismus\" class=\"read-more\" href=\"https:\/\/www.nollendorfblog.de\/?p=1088\" aria-label=\"Mehr Informationen \u00fcber Die Homophobie der &#8222;Konservativen&#8220; gleicht der Logik des Antisemitismus\">Weiterlesen<\/a><\/p>\n","protected":false},"author":1,"featured_media":0,"comment_status":"open","ping_status":"open","sticky":false,"template":"","format":"standard","meta":{"footnotes":""},"categories":[158,173,79,54,1],"tags":[34],"class_list":["post-1088","post","type-post","status-publish","format-standard","hentry","category-158","category-das-wichigste-aus-zehn-jahren","category-die-neue-homophobie","category-kirche","category-politik","tag-faz"],"_links":{"self":[{"href":"https:\/\/www.nollendorfblog.de\/index.php?rest_route=\/wp\/v2\/posts\/1088","targetHints":{"allow":["GET"]}}],"collection":[{"href":"https:\/\/www.nollendorfblog.de\/index.php?rest_route=\/wp\/v2\/posts"}],"about":[{"href":"https:\/\/www.nollendorfblog.de\/index.php?rest_route=\/wp\/v2\/types\/post"}],"author":[{"embeddable":true,"href":"https:\/\/www.nollendorfblog.de\/index.php?rest_route=\/wp\/v2\/users\/1"}],"replies":[{"embeddable":true,"href":"https:\/\/www.nollendorfblog.de\/index.php?rest_route=%2Fwp%2Fv2%2Fcomments&post=1088"}],"version-history":[{"count":75,"href":"https:\/\/www.nollendorfblog.de\/index.php?rest_route=\/wp\/v2\/posts\/1088\/revisions"}],"predecessor-version":[{"id":10173,"href":"https:\/\/www.nollendorfblog.de\/index.php?rest_route=\/wp\/v2\/posts\/1088\/revisions\/10173"}],"wp:attachment":[{"href":"https:\/\/www.nollendorfblog.de\/index.php?rest_route=%2Fwp%2Fv2%2Fmedia&parent=1088"}],"wp:term":[{"taxonomy":"category","embeddable":true,"href":"https:\/\/www.nollendorfblog.de\/index.php?rest_route=%2Fwp%2Fv2%2Fcategories&post=1088"},{"taxonomy":"post_tag","embeddable":true,"href":"https:\/\/www.nollendorfblog.de\/index.php?rest_route=%2Fwp%2Fv2%2Ftags&post=1088"}],"curies":[{"name":"wp","href":"https:\/\/api.w.org\/{rel}","templated":true}]}}