{"id":10930,"date":"2019-09-13T07:34:17","date_gmt":"2019-09-13T05:34:17","guid":{"rendered":"http:\/\/www.nollendorfblog.de\/?p=10930"},"modified":"2019-11-12T21:16:51","modified_gmt":"2019-11-12T19:16:51","slug":"mm","status":"publish","type":"post","link":"https:\/\/www.nollendorfblog.de\/?p=10930","title":{"rendered":"AKK: Die homophobe Gruselshow mit Reinhold Beckmann"},"content":{"rendered":"\n<p>Am Ende des Abends gibt es eigentlich nur noch eine Frage: Wer war schlimmer? AKK, weil sie es auch in einem f\u00fcr sie extrem gewogenen Rahmen nicht schafft, eine einzige ihrer homophoben Positionen zur\u00fcckzunehmen, ja diese sogar noch verst\u00e4rkt,  ohne nat\u00fcrlich Verantwortung daf\u00fcr zu \u00fcbernehmen?<\/p>\n\n\n\n<p> Oder der Moderator Reinhold Beckmann, der h\u00e4tte eigentlich zur Aufkl\u00e4rung beitragen sollen, aber genau das Gegenteil tut, sie nicht nur mit allem durchkommen l\u00e4sst, sondern sie auch noch in ihrer Legendenbildung unterst\u00fctzt?<\/p>\n\n\n\n<p>Ja, es gibt auch zwei positive Dinge vom gestrigen mit Spannung erwarteten Empfang der LSU im Konrad Adenauer Haus zu vermelden. Erstens spricht sich Annegret Kramp Karrenbauer daf\u00fcr aus, dass die LSU (&#8222;Lesben und Schwulen in der Union&#8220;) zu einer offiziellen Parteigruppierung wird. Und zweitens sagt die Verteidigungsministerin Annegret Kramp Karrenbauer, dass sie die von ihrer Vorg\u00e4ngerin eingeschlagene Wertsch\u00e4tzung f\u00fcr LGBTI in der Bundeswehr nicht r\u00fcckg\u00e4ngig machen m\u00f6chte. <\/p>\n\n\n\n<p>Doch das war es dann auch schon. <\/p>\n\n\n\n<p>Gleich am Anfang wird etwa das Thema Karnevalswitz abger\u00e4umt. AKK erz\u00e4hlte dazu, was sie immer erz\u00e4hlt, sie sei falsch verstanden worden, in ihrem Witz ging es gar nicht um Intersexuelle sondern um Machos. <\/p>\n\n\n\n<p>Beckmann daraufhin:<\/p>\n\n\n\n<blockquote class=\"wp-block-quote is-layout-flow wp-block-quote-is-layout-flow\"><p>Es ging also darum, wer ist wehleidiger, Mann oder Frau, die Grundfrage ganz klar : die M\u00e4nner, oder am meisten noch die Machos.<\/p><\/blockquote>\n\n\n\n<p>Doch Beckmann meint das nicht als Frage, sondern als Feststellung. Als Absolution.  All das andere ist da nur reininterpretiert worden. Arme AKK. <\/p>\n\n\n\n<p>W\u00e4re dies nur eine halbwegs seri\u00f6se Veranstaltung gewesen, h\u00e4tte die Diskussion an dieser Stelle nat\u00fcrlich hier erst losgehen m\u00fcssen. Denn wenn sich AKK damals so falsch verstanden gef\u00fchlt hatte, warum hat sie damals nicht klargestellt? Wenn sie wirklich h\u00e4tte niemanden verletzen wollen, warum hat sie das, was von so vielen als Verletzung empfunden haben, nicht einfach abger\u00e4umt? Nein, sie hatte es so stehen lassen, bis die Wut auf die wehleidigen Minderheiten ihren Siedepunkt erreichte. Es ist schlichtweg falsch, wenn AKK behauptet, das Minderheiten-Bashing sei nur von ihren Gegnern so hineininterpretiert worden, denn selbst die sie unterst\u00fctzende BILD und Parteifreundinnen wie Julia Kl\u00f6ckner hatten das damals so verstanden, sie daf\u00fcr verteidigt, dass auch solche Witze gegen Minderheiten m\u00f6glich sein m\u00fcssten. (<a href=\"https:\/\/www.nollendorfblog.de\/?p=10279\">Damals im Nollendorfblog:<\/a> &#8222;Sie z\u00fcndelt, wartet ab, bis es richtig brennt  und beschwert sich dann \u00fcber den Brandgeruch.&#8220;)  AKK l\u00fcgt also und Reinhold Beckmann, der es nicht besser wei\u00df, oder nicht besser wissen will, assistiert ihr dabei.<\/p>\n\n\n\n<p>Doch Beckmann ist egal. AKK ist nicht egal, sie ist die Vorsitzende der gr\u00f6\u00dften Regierungspartei. Sie k\u00f6nnte die n\u00e4chste Kanzlerin dieses Landes werden. Und da ist es eben nicht egal, dass sie an einem solchen Abend, der ja daf\u00fcr da sein soll, die Dinge endlich mal zu kl\u00e4ren, die alles entscheidende Frage nicht gestellt bekommt: Wie sie es sich denn erkl\u00e4rt dass durch die Ehe f\u00fcr alle der gesellschaftliche Zusammenhang auf dem Spiel steht.  <\/p>\n\n\n\n<p>Nat\u00fcrlich ist es grotesk, dass Beckmann nicht danach fragt.  (Dass er das entsprechende Zitat nicht kennt, ist ausgeschlossen, denn er selbst sagt am Anfang der Veranstaltung, dass er am Vortag den <a href=\"https:\/\/www.nollendorfblog.de\/?p=10869\">Beitrag im Nollendorfblog<\/a> hierzu gelesen habe. Man stelle sich vor, eine solche These sei von einer AfD-Politikerin, einem AfD-Politiker gefallen, h\u00e4tte Beckmann diesen auch den Gefallen gemacht, da so einfach dr\u00fcber hinwegzugehen?) <\/p>\n\n\n\n<p>Aber noch grotesker ist es, dass es AKK selbst in einem solchen Rahmen offensichtlich nicht wichtig ist, eine Aussage zu relativieren, die gleiche Rechte f\u00fcr eine Minderheit als Gefahr f\u00fcr das Gemeinwesen stilisiert. Nein, AKK m\u00f6chte ihre reaktion\u00e4ren homophoben Positionen nicht zur\u00fccknehmen, sie m\u00f6chte, dass ihre reaktion\u00e4ren homophoben Positionen nicht l\u00e4nger als reaktion\u00e4re homophobe Positionen angesehen werden. Sie verschiebt damit das Sagbare \u00fcber Homosexuelle nach rechts. Unglaublich, dass ihr ein \u00f6ffentlich-rechtlicher Moderator das so einfach durchwinkt.<\/p>\n\n\n\n<p>Der LSU-Vorsitzende Alexander Vogt hatte am Beginn der Veranstaltung angek\u00fcndigt, dass man nicht zur\u00fcckschauen wolle, sondern in die Zukunft schauen. Vorab hatte er in einem Interview gesagt, es k\u00f6nne nicht darum gehen, den Status quo verteidigen zu wollen, sondern es ginge darum<\/p>\n\n\n\n<blockquote class=\"wp-block-quote is-layout-flow wp-block-quote-is-layout-flow\"><p>klare Zeichen zu setzen, dass wir eine starke und wehrhafte Demokratie sind, die Minderheitenschutz als eine Selbstverst\u00e4ndlichkeit begreift und diesen weiter f\u00f6rdert und voranbringt&#8220;.<\/p><\/blockquote>\n\n\n\n<p> Das Tragische ist, dass genau das nicht passierte. Sondern das Gegenteil. So bl\u00f6de es auch war, einen Moderator zu haben, den das Thema entweder nicht interessiert und\/oder so wenig im Thema ist, dass er die dazu notwendigen Fragen alle nicht stellt: Also: Was ist mit dem Transsexuellengesetz? Was ist mit dem Schutz sexueller Minderheiten im Artikel 3 des Grundgesetzes? Wie steht AKK zu einem nationalen Aktionsplan gegen Homo- und Transphobie? Wird sie die Ehe f\u00fcr alle gegen die AfD verteidigen? Ja, f\u00e4llt AKK \u00fcberhaupt irgendetwas ein, was sie im Sinne der Veranstaltung, im Sinne des Minderheitenschutzes zu tun gedenkt?Aber die Parteivorsitzende h\u00e4tte nat\u00fcrlich auch ohne diese Fragen etwas dazu sagen m\u00fcssen. Noch mal: Aus dem von der LSU eingeforderte Zeichen, <\/p>\n\n\n\n<blockquote class=\"wp-block-quote is-layout-flow wp-block-quote-is-layout-flow\"><p>dass  dass wir eine starke und wehrhafte Demokratie sind, die Minderheitenschutz als eine Selbstverst\u00e4ndlichkeit begreift und diesen weiter f\u00f6rdert und voranbringt. <\/p><\/blockquote>\n\n\n\n<p>wurde ein \u00fcberdeutliches Zeichen, dass die Vorsitzende der CDU dazu nichts zu sagen hat, nichts sagen will. <\/p>\n\n\n\n<p>Der freundliche Applaus hierf\u00fcr, den es von den allermeisten der anwesenden (zu \u00fcber 90 Prozent m\u00e4nnlichen) LSU-VertreterInnen gegeben hat, wird der Organisation noch auf die F\u00fcsse fallen. \u2666<\/p>\n\n\n\n<p><em>UPDATE \/ weiterer Beitrag zum Thema: <a href=\"https:\/\/www.nollendorfblog.de\/?p=10966\">dpa verbreitet irref\u00fchrende Meldung zum AKK-Auftritt<\/a><\/em><\/p>\n\n\n\n<p><em>Hier gibt es einen <a href=\"https:\/\/www.nollendorfblog.de\/?tag=annegret-kramp-karrenbauer\">\u00dcberblick \u00fcber alle AKK-Beitr\u00e4ge in diesem Blog<\/a>, u.a. \u00fcber ihre <a href=\"https:\/\/www.nollendorfblog.de\/?p=7895\">v\u00f6lkische Begr\u00fcndung<\/a> der Ehe-f\u00fcr-alle-Ablehnung, ihren offensichtlich noch immer <a href=\"https:\/\/www.nollendorfblog.de\/?p=9320\">anhaltenden Ekel zur Ehe-Entscheidung<\/a>, die <\/em><a href=\"https:\/\/www.nollendorfblog.de\/?p=10279\"><em>populistische Instrumetalisierung ihres Karnevalwitze<\/em>s<\/a>.<\/p>\n\n\n\n<p><strong>Bitte mach mit!&nbsp;<\/strong>Als unabh\u00e4ngiges und werbefreies Blog brauchen wir Deine Hilfe. Hier kannst Du uns auf&nbsp;<strong><a href=\"https:\/\/www.paypal.com\/donate\/?token=Sx7UO35_SDcAJtU34UUHgtD5jyv1zex9ZEMhfnkmUSKCOtBwgAd3VhsSD8v7GsW2W2ygw0&amp;country.x=DE&amp;locale.x=de_DE\">Paypa<\/a>l<\/strong>&nbsp;unterst\u00fctzen. Oder hier ein&nbsp;<strong>freiwilliges Unterst\u00fctzerabo<\/strong>&nbsp;abschlie\u00dfen:<\/p>\n\n\n\n<hr class=\"wp-block-separator\"\/>\n\n\n\n<figure class=\"wp-block-image\"><a href=\"https:\/\/steadyhq.com\/de\/nollendorfblog\"><img loading=\"lazy\" decoding=\"async\" width=\"442\" height=\"82\" src=\"https:\/\/www.nollendorfblog.de\/wp-content\/uploads\/2018\/02\/Steady-nollendorfblog-klein.png\" alt=\"\" class=\"wp-image-8740\" srcset=\"https:\/\/www.nollendorfblog.de\/wp-content\/uploads\/2018\/02\/Steady-nollendorfblog-klein.png 442w, https:\/\/www.nollendorfblog.de\/wp-content\/uploads\/2018\/02\/Steady-nollendorfblog-klein-300x56.png 300w\" sizes=\"auto, (max-width: 442px) 100vw, 442px\" \/><\/a><\/figure>\n\n\n\n<p><em>Mehr dazu:&nbsp;<\/em><em><a href=\"https:\/\/www.nollendorfblog.de\/?p=8291\">Das Nollendorfblog braucht Deine Unterst\u00fctzung<\/a><\/em><\/p>\n\n\n\n<p><\/p>\n","protected":false},"excerpt":{"rendered":"<p>AKK m\u00f6chte ihre reaktion\u00e4ren homophoben Positionen nicht zur\u00fccknehmen. Sie m\u00f6chte, dass ihre reaktion\u00e4ren homophoben Positionen nicht l\u00e4nger als reaktion\u00e4re homophobe Positionen angesehen werden. Ein \u00f6ffentlich-rechtlicher Moderator hilft ihr dabei.<\/p>\n","protected":false},"author":1,"featured_media":10947,"comment_status":"closed","ping_status":"closed","sticky":false,"template":"","format":"standard","meta":{"footnotes":""},"categories":[165,1],"tags":[114,87],"class_list":["post-10930","post","type-post","status-publish","format-standard","has-post-thumbnail","hentry","category-165","category-politik","tag-annegret-kramp-karrenbauer","tag-cdu-csu"],"_links":{"self":[{"href":"https:\/\/www.nollendorfblog.de\/index.php?rest_route=\/wp\/v2\/posts\/10930","targetHints":{"allow":["GET"]}}],"collection":[{"href":"https:\/\/www.nollendorfblog.de\/index.php?rest_route=\/wp\/v2\/posts"}],"about":[{"href":"https:\/\/www.nollendorfblog.de\/index.php?rest_route=\/wp\/v2\/types\/post"}],"author":[{"embeddable":true,"href":"https:\/\/www.nollendorfblog.de\/index.php?rest_route=\/wp\/v2\/users\/1"}],"replies":[{"embeddable":true,"href":"https:\/\/www.nollendorfblog.de\/index.php?rest_route=%2Fwp%2Fv2%2Fcomments&post=10930"}],"version-history":[{"count":33,"href":"https:\/\/www.nollendorfblog.de\/index.php?rest_route=\/wp\/v2\/posts\/10930\/revisions"}],"predecessor-version":[{"id":10972,"href":"https:\/\/www.nollendorfblog.de\/index.php?rest_route=\/wp\/v2\/posts\/10930\/revisions\/10972"}],"wp:featuredmedia":[{"embeddable":true,"href":"https:\/\/www.nollendorfblog.de\/index.php?rest_route=\/wp\/v2\/media\/10947"}],"wp:attachment":[{"href":"https:\/\/www.nollendorfblog.de\/index.php?rest_route=%2Fwp%2Fv2%2Fmedia&parent=10930"}],"wp:term":[{"taxonomy":"category","embeddable":true,"href":"https:\/\/www.nollendorfblog.de\/index.php?rest_route=%2Fwp%2Fv2%2Fcategories&post=10930"},{"taxonomy":"post_tag","embeddable":true,"href":"https:\/\/www.nollendorfblog.de\/index.php?rest_route=%2Fwp%2Fv2%2Ftags&post=10930"}],"curies":[{"name":"wp","href":"https:\/\/api.w.org\/{rel}","templated":true}]}}