{"id":10966,"date":"2019-09-13T10:22:23","date_gmt":"2019-09-13T08:22:23","guid":{"rendered":"http:\/\/www.nollendorfblog.de\/?p=10966"},"modified":"2019-11-12T21:16:38","modified_gmt":"2019-11-12T19:16:38","slug":"ehe-fuer-alle-dpa-verbreitet-irrefuehrende-meldung-zum-akk-auftritt","status":"publish","type":"post","link":"https:\/\/www.nollendorfblog.de\/?p=10966","title":{"rendered":"Ehe f\u00fcr alle: dpa verbreitet irref\u00fchrende Meldung zum AKK-Auftritt"},"content":{"rendered":"\n<blockquote class=\"wp-block-quote is-layout-flow wp-block-quote-is-layout-flow\"><p> CDU-Chefin Annegret Kramp-Karrenbauer hat bei einer Veranstaltung der  Interessenvertretung der Lesben und Schwulen in der Union &#8211; kurz LSU &#8211;  ihr Bekenntnis zur Ehe f\u00fcr alle bekr\u00e4ftigt. <\/p><\/blockquote>\n\n\n\n<p>schreibt die Nachrichtenagentur dpa in einer Meldung \u00fcber den gestrigen Auftritt der CDU-Vorsitzenden, die bereits in mehreren Medien, u.a. in der ZDF-heute-Sendung und auf <a href=\"https:\/\/www.stern.de\/panorama\/kramp-karrenbauer-bekraeftigt-bekenntnis-zu-ehe-fuer-alle-8902290.html\">stern.de<\/a> verbreitet wurde.<\/p>\n\n\n\n<p>Doch das stimmt so nicht. Eher im Gegenteil. Weniger &#8222;Bekr\u00e4ftigung&#8220; h\u00e4tte sie eigentlich gar nicht \u00e4u\u00dfern k\u00f6nnen. Moderator Reinhold Beckmann fragte sie:<\/p>\n\n\n\n<blockquote class=\"wp-block-quote is-layout-flow wp-block-quote-is-layout-flow\"><p>Sie waren lange gegen die Ehe f\u00fcr alle, sind sie es immer noch?<\/p><\/blockquote>\n\n\n\n<p>Diese Frage hat Kramp-Karrenbauer, auch auf Nachfrage, weder verneint, noch irgendein bekr\u00e4ftigendes Bekenntnis zur Ehe f\u00fcr alle abgegeben. Alles, wozu sie sich durchringen konnte, war sich an das bestehende Gesetz zu halten. Wenn \u00fcberhaupt, m\u00fcsste es also hei\u00dfen, dass AKK die Ehe f\u00fcr alle &#8222;duldet&#8220;.<\/p>\n\n\n\n<p>Wortw\u00f6rtlich war es so:<\/p>\n\n\n\n<blockquote class=\"wp-block-quote is-layout-flow wp-block-quote-is-layout-flow\"><p>Beckmann: Sie waren lange gegen die Ehe f\u00fcr alle, sind sie es immer noch? <\/p><p>AKK: Die Ehe f\u00fcr alle ist Fakt. Sie ist es immer noch. Sie ist beschlossen worden.<\/p><p>Beckmann: (&#8230; )Haben Sie Ihren Rechtsfrieden damit gemacht oder Ihren inneren Frieden?<\/p><p>AKK: Ich muss bisschen ausholen, um zu antworten. (&#8230;) Also erstens: Ehe f\u00fcr alle ist ein Fakt. Es ist abgestimmt worden, es ist akzeptiert worden, sie gilt f\u00fcr mich und alles, was da jetzt auch rechtlich dranh\u00e4ngt, wird auch umgesetzt, \u00fcberhaupt keine Frage.<\/p><\/blockquote>\n\n\n\n<p>Und dann redet sie \u00fcber andere Dinge. Ihr Bekenntnis gilt also nicht der Ehe f\u00fcr alle, sondern sie bekennt sich dazu, dass sie die Gesetze hierzu achten wird.  Sie hat sich also, wenn \u00fcberhaupt, dazu bekannt, nicht gesetzesuntreu zu sein. W\u00e4re sie f\u00fcr die Ehe f\u00fcr alle, w\u00fcrde sie diese also bekr\u00e4ftigen wollen, h\u00e4tte sie das gestern sagen k\u00f6nnen. Sie hatte 45 Minuten Zeit. Sie hat es explizit nicht getan.\u2666<\/p>\n\n\n\n<p><a href=\"https:\/\/www.nollendorfblog.de\/?p=10977\">UPDATE: dpa korrigiert die Berichterstattung, viele Medienseiten haben die irref\u00fchrende Schilderung \u00fcbernommen. In der &#8222;Jungen Freiheit&#8220; wird AKK jetzt f\u00fcr eine N\u00e4he zur Ehe f\u00fcr alle gehasst, die sie gar nicht ge\u00e4u\u00dfert hat.<\/a><\/p>\n\n\n\n<p><em>AKK hatte sich bereits vorher schon \u00e4hnlich zur Ehe\u00f6ffnung ge\u00e4u\u00dfert. Hier zum damaligen Kommentar: <a href=\"https:\/\/www.nollendorfblog.de\/?p=9320\">Das politische Kalk\u00fcl der Annegret Kramp-Karrenbauer verdient unsere tiefe Verachtung<\/a><\/em><\/p>\n\n\n\n<p><em>Hier der Beitrag zum AKK-Auftritt auf dem LSU-Empfang: <a href=\"https:\/\/www.nollendorfblog.de\/?p=10930\">AKK &#8211; Die homophobe Gruselshow mit Reinhold Beckmann.<\/a><\/em><\/p>\n\n\n\n<p><em>Hier gibt es einen <a href=\"https:\/\/www.nollendorfblog.de\/?tag=annegret-kramp-karrenbauer\">\u00dcberblick \u00fcber alle AKK-Beitr\u00e4ge in diesem Blog<\/a>, u.a. \u00fcber ihre <a href=\"https:\/\/www.nollendorfblog.de\/?p=7895\">v\u00f6lkische Begr\u00fcndung<\/a> der Ehe-f\u00fcr-alle-Ablehnung, ihren offensichtlich noch immer <a href=\"https:\/\/www.nollendorfblog.de\/?p=9320\">anhaltenden Ekel zur Ehe-Entscheidung<\/a>, die <\/em><a href=\"https:\/\/www.nollendorfblog.de\/?p=10279\"><em>populistische Instrumetalisierung ihres Karnevalwitze<\/em>s<\/a>.<\/p>\n\n\n\n<p><strong>Bitte mach mit!&nbsp;<\/strong>Als unabh\u00e4ngiges und werbefreies Blog brauchen wir Deine Hilfe. Hier kannst Du uns auf&nbsp;<strong><a href=\"https:\/\/www.paypal.com\/donate\/?token=Sx7UO35_SDcAJtU34UUHgtD5jyv1zex9ZEMhfnkmUSKCOtBwgAd3VhsSD8v7GsW2W2ygw0&amp;country.x=DE&amp;locale.x=de_DE\">Paypa<\/a>l<\/strong>&nbsp;unterst\u00fctzen. Oder hier ein&nbsp;<strong>freiwilliges Unterst\u00fctzerabo<\/strong>&nbsp;abschlie\u00dfen:<\/p>\n\n\n\n<hr class=\"wp-block-separator\"\/>\n\n\n\n<figure class=\"wp-block-image\"><a href=\"https:\/\/steadyhq.com\/de\/nollendorfblog\"><img loading=\"lazy\" decoding=\"async\" width=\"442\" height=\"82\" src=\"https:\/\/www.nollendorfblog.de\/wp-content\/uploads\/2018\/02\/Steady-nollendorfblog-klein.png\" alt=\"\" class=\"wp-image-8740\" srcset=\"https:\/\/www.nollendorfblog.de\/wp-content\/uploads\/2018\/02\/Steady-nollendorfblog-klein.png 442w, https:\/\/www.nollendorfblog.de\/wp-content\/uploads\/2018\/02\/Steady-nollendorfblog-klein-300x56.png 300w\" sizes=\"auto, (max-width: 442px) 100vw, 442px\" \/><\/a><\/figure>\n\n\n\n<p><em>Mehr dazu:&nbsp;<\/em><em><a href=\"https:\/\/www.nollendorfblog.de\/?p=8291\">Das Nollendorfblog braucht Deine Unterst\u00fctzung<\/a><\/em><\/p>\n\n\n","protected":false},"excerpt":{"rendered":"<p>Anders als von dpa behauptet, hat Kramp Karrenbauer beim LSU-Empfang nicht die Ehe f\u00fcr alle &#8222;bekr\u00e4ftigt&#8220;.<\/p>\n","protected":false},"author":1,"featured_media":10967,"comment_status":"closed","ping_status":"closed","sticky":false,"template":"","format":"standard","meta":{"footnotes":""},"categories":[165,74,1],"tags":[114,182],"class_list":["post-10966","post","type-post","status-publish","format-standard","has-post-thumbnail","hentry","category-165","category-medien","category-politik","tag-annegret-kramp-karrenbauer","tag-dpa"],"_links":{"self":[{"href":"https:\/\/www.nollendorfblog.de\/index.php?rest_route=\/wp\/v2\/posts\/10966","targetHints":{"allow":["GET"]}}],"collection":[{"href":"https:\/\/www.nollendorfblog.de\/index.php?rest_route=\/wp\/v2\/posts"}],"about":[{"href":"https:\/\/www.nollendorfblog.de\/index.php?rest_route=\/wp\/v2\/types\/post"}],"author":[{"embeddable":true,"href":"https:\/\/www.nollendorfblog.de\/index.php?rest_route=\/wp\/v2\/users\/1"}],"replies":[{"embeddable":true,"href":"https:\/\/www.nollendorfblog.de\/index.php?rest_route=%2Fwp%2Fv2%2Fcomments&post=10966"}],"version-history":[{"count":8,"href":"https:\/\/www.nollendorfblog.de\/index.php?rest_route=\/wp\/v2\/posts\/10966\/revisions"}],"predecessor-version":[{"id":10990,"href":"https:\/\/www.nollendorfblog.de\/index.php?rest_route=\/wp\/v2\/posts\/10966\/revisions\/10990"}],"wp:featuredmedia":[{"embeddable":true,"href":"https:\/\/www.nollendorfblog.de\/index.php?rest_route=\/wp\/v2\/media\/10967"}],"wp:attachment":[{"href":"https:\/\/www.nollendorfblog.de\/index.php?rest_route=%2Fwp%2Fv2%2Fmedia&parent=10966"}],"wp:term":[{"taxonomy":"category","embeddable":true,"href":"https:\/\/www.nollendorfblog.de\/index.php?rest_route=%2Fwp%2Fv2%2Fcategories&post=10966"},{"taxonomy":"post_tag","embeddable":true,"href":"https:\/\/www.nollendorfblog.de\/index.php?rest_route=%2Fwp%2Fv2%2Ftags&post=10966"}],"curies":[{"name":"wp","href":"https:\/\/api.w.org\/{rel}","templated":true}]}}