{"id":10977,"date":"2019-09-13T18:09:36","date_gmt":"2019-09-13T16:09:36","guid":{"rendered":"http:\/\/www.nollendorfblog.de\/?p=10977"},"modified":"2019-11-12T21:16:27","modified_gmt":"2019-11-12T19:16:27","slug":"kein-echtes-bekenntnis-zur-ehe-fuer-alle-dpa-korrigiert-irrefuehrende-akk-meldung","status":"publish","type":"post","link":"https:\/\/www.nollendorfblog.de\/?p=10977","title":{"rendered":"Kein echtes Bekenntnis zur Ehe f\u00fcr alle: dpa korrigiert irref\u00fchrende AKK Meldung"},"content":{"rendered":"\n<p>Nachdem ich dpa auf die irref\u00fchrende Meldung zu den \u00c4u\u00dferungen von Annegret Kramp Karrenbauer zur Ehe f\u00fcr alle hingewiesen habe, hat die Nachrichtenagentur die Formulierung ge\u00e4ndert. Die Presseagentur hatte behauptet, Annegret Kramp Karrenbauer h\u00e4tte sich zur Ehe f\u00fcr alle &#8222;bekannt&#8220;, was <a href=\"https:\/\/www.nollendorfblog.de\/?p=10966\">(wie ich hier ausf\u00fchre<\/a>) so nicht stimmt. W\u00f6rtlich wurde mir von dpa mitgeteilt:<\/p>\n\n\n\n<blockquote class=\"wp-block-quote is-layout-flow wp-block-quote-is-layout-flow\"><p> Mit  der Formulierung war ein Bekenntnis zur Ehe f\u00fcr alle als  Rechtsinstitution gemeint, also zum Fakt, dass die Ehe f\u00fcr alle nun  geltendes  Recht ist, das als solches von ihr (Kramp-Karrenbauer) auch nicht mehr  infrage gestellt wird. Da unsere Formulierung aber m\u00f6glicherweise als  ein echtes Bekenntnis zur Idee der Ehe f\u00fcr alle missverstanden werden  k\u00f6nnte, haben wir sie in der inzwischen gesendeten  ausf\u00fchrlichen Zusammenfassung nicht mehr verwendet. <\/p><\/blockquote>\n\n\n\n<p>Ziemlich verschwurbelt ist das schon, denn AKK hatte ja nie das Rechtsinstitut infrage gestellt. Au\u00dferdem hatte sie sich <a href=\"https:\/\/www.nollendorfblog.de\/?p=9320\">\u00e4hnlich schon fr\u00fcher ge\u00e4u\u00dfert<\/a>. Die urspr\u00fcngliche Meldung, die einen falschen Eindruck erweckt hat, ist inzwischen in zahlreichen Medien ver\u00f6ffentlicht worden. Sie war u.a. Teil der heute-Sendung im Morgenmagazin, auf dem ntv-Newsband und auf stern.de. Wie sehr so eine irref\u00fchrende Meldung tats\u00e4chlich die \u00f6ffentliche Diskussion in die Irre f\u00fchrt, zeigt sich auf der rechten Medienseite &#8222;Junge Freiheit&#8220;, wo die dpa-Meldung ebenfalls ver\u00f6ffentlicht wurde, was zu vielen w\u00fctenden Reaktionen von Homohassern gef\u00fchrt hat, die AKK jetzt f\u00fcr eine N\u00e4he zur Ehe f\u00fcr alle hassen, die diese gar nicht ge\u00e4u\u00dfert hat.<\/p>\n\n\n\n<div class=\"wp-block-image\"><figure class=\"aligncenter is-resized\"><img loading=\"lazy\" decoding=\"async\" src=\"https:\/\/www.nollendorfblog.de\/wp-content\/uploads\/2019\/09\/Screenshot-83.png\" alt=\"\" class=\"wp-image-10978\" width=\"516\" height=\"402\" srcset=\"https:\/\/www.nollendorfblog.de\/wp-content\/uploads\/2019\/09\/Screenshot-83.png 831w, https:\/\/www.nollendorfblog.de\/wp-content\/uploads\/2019\/09\/Screenshot-83-300x234.png 300w, https:\/\/www.nollendorfblog.de\/wp-content\/uploads\/2019\/09\/Screenshot-83-768x599.png 768w\" sizes=\"auto, (max-width: 516px) 100vw, 516px\" \/><figcaption>Screenshot: Junge Freiheit<\/figcaption><\/figure><\/div>\n\n\n\n<p><\/p>\n\n\n\n<p>Innerhalb der Community hat die Tatsache, dass dpa die \u00c4u\u00dferungen der CDU-Vorsitzenden sinnentstellt hatte, f\u00fcr gro\u00dfen Unmut gesorgt. Alfonso Pantisano, Mitglied im Bundesvorstand des LSVD, schrieb auf Facebook.<\/p>\n\n\n\n<blockquote class=\"wp-block-quote is-layout-flow wp-block-quote-is-layout-flow\"><p> Die <a href=\"https:\/\/www.facebook.com\/pages\/dpa-Deutsche-Presse-Agentur-GmbH\/185210081524645?__tn__=K-R&amp;eid=ARAQga6OM_ucEyECtpRe8E-Pn-R3vq7Pers5E79s3SN_iCY6rUXQ7bOtGxP-ykX9HmNyLCCoV6b79eCD&amp;fref=mentions&amp;__xts__%5B0%5D=68.ARDDJlNDuMPMN3dz-ZC7A3uSZAAw0-AZFKYsnuBEhu-jVxGwZ8O-mYB2WYVjcI0OEW0TCgsXcrBe4CQTPA8oEhdSdb9aWzT5sNNdL8J-pQEEHqDekxyJV48UuRil2-lDXPPwTuJMj3fgHcXmaBql6MO6JSVmvuC6v4QQ99LITxhkVNsR1FEvlcExb6Ed-4L2dnoVzC4VrjPQjv2IIw\">dpa Deutsche Presse-Agentur GmbH<\/a> verbreitet Meldungen, die sie definitiv falsch oder gar nicht verstanden hat. Da hat <a href=\"https:\/\/www.facebook.com\/Annegret.KrampKarrenbauer\/?__tn__=K-R&amp;eid=ARCb9bsVfpulpzXCDHRke3OH3o6o1HyousJWDxK9ivw_TUEhiMTCiKG3u5RvHKXgxKnyCdpxscppcDqe&amp;fref=mentions&amp;__xts__%5B0%5D=68.ARDDJlNDuMPMN3dz-ZC7A3uSZAAw0-AZFKYsnuBEhu-jVxGwZ8O-mYB2WYVjcI0OEW0TCgsXcrBe4CQTPA8oEhdSdb9aWzT5sNNdL8J-pQEEHqDekxyJV48UuRil2-lDXPPwTuJMj3fgHcXmaBql6MO6JSVmvuC6v4QQ99LITxhkVNsR1FEvlcExb6Ed-4L2dnoVzC4VrjPQjv2IIw\">Annegret Kramp-Karrenbauer<\/a>  mit ihrem Geschwafel ganze Arbeit gemacht, wenn selbst  Journalist*innen, die auf die Enttarnung von diesem  Politiker*innen-BlaBla wie Drogensp\u00fcrhunde trainiert sein sollten, an  der Nase herumgef\u00fchrt werden.  \u2666 <\/p><\/blockquote>\n\n\n\n<p><em>Hier der Beitrag zum AKK-Auftritt auf dem LSU-Empfang: <a href=\"https:\/\/www.nollendorfblog.de\/?p=10930\">AKK \u2013 Die homophobe Gruselshow mit Reinhold Beckmann.<\/a><\/em><\/p>\n\n\n\n<p><em>Hier gibt es einen <a href=\"https:\/\/www.nollendorfblog.de\/?tag=annegret-kramp-karrenbauer\">\u00dcberblick \u00fcber alle AKK-Beitr\u00e4ge in diesem Blog<\/a>, u.a. \u00fcber ihre <a href=\"https:\/\/www.nollendorfblog.de\/?p=7895\">v\u00f6lkische Begr\u00fcndung<\/a> der Ehe-f\u00fcr-alle-Ablehnung, ihren offensichtlich noch immer <a href=\"https:\/\/www.nollendorfblog.de\/?p=9320\">anhaltenden Ekel zur Ehe-Entscheidung<\/a>, die <\/em><a href=\"https:\/\/www.nollendorfblog.de\/?p=10279\"><em>populistische Instrumetalisierung ihres Karnevalwitze<\/em>s<\/a>.<\/p>\n\n\n\n<p><strong>Bitte mach mit!&nbsp;<\/strong>Als unabh\u00e4ngiges und werbefreies Blog brauchen wir Deine Hilfe. Hier kannst Du uns auf&nbsp;<strong><a href=\"https:\/\/www.paypal.com\/donate\/?token=Sx7UO35_SDcAJtU34UUHgtD5jyv1zex9ZEMhfnkmUSKCOtBwgAd3VhsSD8v7GsW2W2ygw0&amp;country.x=DE&amp;locale.x=de_DE\">Paypa<\/a>l<\/strong>&nbsp;unterst\u00fctzen. Oder hier ein&nbsp;<strong>freiwilliges Unterst\u00fctzerabo<\/strong>&nbsp;abschlie\u00dfen:<\/p>\n\n\n\n<hr class=\"wp-block-separator\"\/>\n\n\n\n<figure class=\"wp-block-image\"><a href=\"https:\/\/steadyhq.com\/de\/nollendorfblog\"><img loading=\"lazy\" decoding=\"async\" width=\"442\" height=\"82\" src=\"https:\/\/www.nollendorfblog.de\/wp-content\/uploads\/2018\/02\/Steady-nollendorfblog-klein.png\" alt=\"\" class=\"wp-image-8740\" srcset=\"https:\/\/www.nollendorfblog.de\/wp-content\/uploads\/2018\/02\/Steady-nollendorfblog-klein.png 442w, https:\/\/www.nollendorfblog.de\/wp-content\/uploads\/2018\/02\/Steady-nollendorfblog-klein-300x56.png 300w\" sizes=\"auto, (max-width: 442px) 100vw, 442px\" \/><\/a><\/figure>\n\n\n\n<p><em>Mehr dazu:&nbsp;<\/em><em><a href=\"https:\/\/www.nollendorfblog.de\/?p=8291\">Das Nollendorfblog braucht Deine Unterst\u00fctzung<\/a><\/em><\/p>\n","protected":false},"excerpt":{"rendered":"<p>Wie sehr so eine irref\u00fchrende Meldung tats\u00e4chlich die \u00f6ffentliche Diskussion in die Irre f\u00fchrt, zeigt sich auf der rechten Medienseite &#8222;Junge Freiheit&#8220;, wo die dpa-Meldung ebenfalls ver\u00f6ffentlicht wurde, was zu vielen w\u00fctenden Reaktionen von Homohassern gef\u00fchrt hat, die AKK jetzt f\u00fcr eine N\u00e4he zur Ehe f\u00fcr alle hassen, die diese gar nicht ge\u00e4u\u00dfert hat.<\/p>\n","protected":false},"author":1,"featured_media":10983,"comment_status":"closed","ping_status":"closed","sticky":false,"template":"","format":"standard","meta":{"footnotes":""},"categories":[165,74,1],"tags":[114],"class_list":["post-10977","post","type-post","status-publish","format-standard","has-post-thumbnail","hentry","category-165","category-medien","category-politik","tag-annegret-kramp-karrenbauer"],"_links":{"self":[{"href":"https:\/\/www.nollendorfblog.de\/index.php?rest_route=\/wp\/v2\/posts\/10977","targetHints":{"allow":["GET"]}}],"collection":[{"href":"https:\/\/www.nollendorfblog.de\/index.php?rest_route=\/wp\/v2\/posts"}],"about":[{"href":"https:\/\/www.nollendorfblog.de\/index.php?rest_route=\/wp\/v2\/types\/post"}],"author":[{"embeddable":true,"href":"https:\/\/www.nollendorfblog.de\/index.php?rest_route=\/wp\/v2\/users\/1"}],"replies":[{"embeddable":true,"href":"https:\/\/www.nollendorfblog.de\/index.php?rest_route=%2Fwp%2Fv2%2Fcomments&post=10977"}],"version-history":[{"count":10,"href":"https:\/\/www.nollendorfblog.de\/index.php?rest_route=\/wp\/v2\/posts\/10977\/revisions"}],"predecessor-version":[{"id":10993,"href":"https:\/\/www.nollendorfblog.de\/index.php?rest_route=\/wp\/v2\/posts\/10977\/revisions\/10993"}],"wp:featuredmedia":[{"embeddable":true,"href":"https:\/\/www.nollendorfblog.de\/index.php?rest_route=\/wp\/v2\/media\/10983"}],"wp:attachment":[{"href":"https:\/\/www.nollendorfblog.de\/index.php?rest_route=%2Fwp%2Fv2%2Fmedia&parent=10977"}],"wp:term":[{"taxonomy":"category","embeddable":true,"href":"https:\/\/www.nollendorfblog.de\/index.php?rest_route=%2Fwp%2Fv2%2Fcategories&post=10977"},{"taxonomy":"post_tag","embeddable":true,"href":"https:\/\/www.nollendorfblog.de\/index.php?rest_route=%2Fwp%2Fv2%2Ftags&post=10977"}],"curies":[{"name":"wp","href":"https:\/\/api.w.org\/{rel}","templated":true}]}}