{"id":11055,"date":"2019-10-13T19:50:24","date_gmt":"2019-10-13T17:50:24","guid":{"rendered":"http:\/\/www.nollendorfblog.de\/?p=11055"},"modified":"2019-11-12T21:15:59","modified_gmt":"2019-11-12T19:15:59","slug":"trotz-diversitaetsversprechen-homo-hasserin-katherina-reiche-bekommt-fuehrungsposten-bei-eon","status":"publish","type":"post","link":"https:\/\/www.nollendorfblog.de\/?p=11055","title":{"rendered":"Trotz Diversit\u00e4tsversprechen: Homo-Hasserin Katherina Reiche bekommt F\u00fchrungsposten bei Eon"},"content":{"rendered":"\n<p style=\"text-align:right\" class=\"has-small-font-size\">Foto: (c) CDU\/CSU-Fraktion 2013<\/p>\n\n\n\n<p>Auf seiner Homepage gibt der Energiekonzern Eon ein Diversit\u00e4tsversprechen ab.  W\u00f6rtlich hei\u00dft es u.a. in einem dort <a href=\"https:\/\/youtu.be\/s4uEIqB5fcE\">geposteten Video<\/a>:<\/p>\n\n\n\n<blockquote class=\"wp-block-quote is-layout-flow wp-block-quote-is-layout-flow\"><p><br>&#8222;We are doing everything we can to build a truly inclusive culture.&#8220;<\/p><\/blockquote>\n\n\n\n<p>Ob diese Kultur auch LGBTI-Menschen einschlie\u00dfen soll, wird dort nicht explizit erw\u00e4hnt. Im <a href=\"https:\/\/www.eon.com\/content\/dam\/eon\/eon-com\/Documents\/en\/compliance-and-integrity\/documents-guidelines\/EON_Nachhaltigkeitsbericht_2016.pdf\">Nachhaltigkeitsbericht von 2016<\/a> gibt der Konzern zwar an, Mitglied in zwei britischen LGBT-Netzwerkinitiativen zu sein, eine deutsche Initiative ist dort aber nicht aufgelistet. Deutschlands gr\u00f6\u00dfter Energieversorger <a href=\"https:\/\/de.statista.com\/statistik\/daten\/studie\/198393\/umfrage\/mitarbeiteranzahl-von-eon-nach-laendern\/\">besch\u00e4ftigte 2018<\/a> knapp 16.000 MitarbeiterInnen. <\/p>\n\n\n\n<p>Nun soll Katherina Reiche einen F\u00fchrungsjob bei Eon bekommen und   Chefin der neuen Netzgesellschaft des Konzerns werden. <\/p>\n\n\n\n<p>Die Katherina Reiche? Ja, genau die. <\/p>\n\n\n\n<p>Wir erinnern uns: Noch vor AfD-Zeiten hatte die 2015 aus dem Bundestag ausgeschiedene Politikerin ihre Bekanntheit mit scharfen Attacken gegen Homosexuelle begr\u00fcndet. Kein Mitglied des Bundestags (selbst Erika Steinbach nicht) hetzte damals in der \u00d6ffentlichkeit heftiger gegen Lesben und Schwule. Und w\u00e4re sie noch im Parlament, w\u00e4ren ihre damaligen \u00c4u\u00dferungen auch trotz der mittlerweile dort vertretenen AfD immer noch relativ unangefochten ganz dicht dran am rechten Rand.<\/p>\n\n\n\n<p>In <a href=\"http:\/\/Unsere Zukunft liegt in der Hand der Familien, nicht in gleichgeschlechtlichen Lebensgemeinschaften. Neben der Euro-Krise ist die demografische Entwicklung die gr\u00f6\u00dfte Bedrohung unseres Wohlstands. [\u2026] Die Gesellschaft wird nicht von kleinen Gruppen zusammengehalten, sondern von der stabilen Mitte.\">BILD<\/a> erkl\u00e4rte sie 2012 Homosexuelle zur Gefahr:<\/p>\n\n\n\n<blockquote class=\"wp-block-quote is-layout-flow wp-block-quote-is-layout-flow\"><p>&#8222;Unsere Zukunft liegt in der Hand der Familien, nicht in  gleichgeschlechtlichen Lebensgemeinschaften. Neben der Euro-Krise ist  die demografische Entwicklung die gr\u00f6\u00dfte Bedrohung unseres Wohlstands.  [\u2026]&nbsp;Die Gesellschaft wird nicht von kleinen Gruppen zusammengehalten,  sondern von der stabilen Mitte.&#8220;<\/p><\/blockquote>\n\n\n\n<p>Auf die ihr auf dem Portal <a href=\"https:\/\/www.abgeordnetenwatch.de\/dialogues\/16259\/deputies\/79058?keys=%C3%BCberhaupt+Relevanz+besitzen+sollte&amp;date%5B0%5D=&amp;date%5B1%5D=&amp;answered=all\">Abgeordnetenwatch gestellte Frage,<\/a> in welcher Weise gleichgeschlechtliche Lebensgemeinschaften die Zukunft beeintr\u00e4chtigen w\u00fcrden, antworte Reiche:<\/p>\n\n\n\n<blockquote class=\"wp-block-quote is-layout-flow wp-block-quote-is-layout-flow\"><p>&#8222;&#8230; falls die  [5. ]  Frage \u00fcberhaupt Relevanz besitzen sollte, dann entwickelt sich eine  Gesellschaft in die Strukturlosigkeit, die am Ende ausschlie\u00dflich  materiellen Anreizen folgt. Auf der einen Seite unbegrenzter Hedonismus,  auf der anderen unendliches Leid.  <\/p><\/blockquote>\n\n\n\n<p> Wir haben es also hier nicht nur mit einer (etwa religi\u00f6s) motivierten Gegnerin der damals sogenannten &#8222;Homo-Ehe&#8220; zu tun. Nein, schon das Zusammenleben von Homosexuellen beg\u00fcnstigt nach ihrer Behauptung verheerende gesellschaftliche Entwicklungen. Sch\u00f6n verschwurbelt surft sie hier nah an der Volksverhetzung. Schwer vorstellbar, dass jemand auf die Idee kommt, jemand mit einem derma\u00dfen \u00f6ffentlich-behauptetem desastr\u00f6sen Gesellschafts- und Menschenbild F\u00fchrungsverantwortung f\u00fcr MitarbeiterInnen und Mitarbeiterinnen bei einem so wichtigen Arbeitgeber zu \u00fcbertragen. Schwer vorstellbar, dass diese Entscheidung nicht die Stimmung f\u00fcr Sichtbarkeit von LGBTI im Unternehmen tr\u00fcbt. Das Entsetzen \u00fcber Reiches Attacken war damals gro\u00df. Der <a href=\"https:\/\/www.alexandervonbeyme.net\/2012\/08\/27\/diskussion-ueber-homo-ehe-jetzt-wird-es-persoenlich\/\">Blogger Alexander von Beyme<\/a> sah durch Reiches Argumentation eine &#8222;rote Linie \u00fcberschritten&#8220; und selbst ihr Parteifreund, der heutige Gesundheitsminister Jens Spahn sah sich veranlasst, eine gr\u00f6\u00dftm\u00f6gliche Distanz zu  demonstrieren: <a href=\"https:\/\/www.queer.de\/detail.php?article_id=17217\"> &#8222;Lasse mich und mein Leben nicht indirekt als &#8218;Bedrohung unseres Wohlstandes&#8216; diffamieren&#8220;<\/a><\/p>\n\n\n\n<p>Eine Diffamierung, die Eon seinen MitarbeiterInnen offensichtlich zumuten m\u00f6chte.<\/p>\n\n\n\n<p>Nun kann es nat\u00fcrlich sein, dass es Eon trotz ihrer politischen Vergangenheit auf Reiche abgesehen hat, dass es also besondere wirtschaftliche Qualifikationen wegen derer sie so dringend gebraucht w\u00fcrde, dass ihr politisches Profil in den Hintergrund treten muss. Genau das scheint aber nicht der Fall zu sein: Sie bekommt ihren neuen Job wohl nicht trotz ihrer politischen Strahlkraft. Sondern genau deswegen. <\/p>\n\n\n\n<p>Die <a href=\"https:\/\/www.wiwo.de\/unternehmen\/energie\/energiekonzern-katherina-reiche-wird-chefin-der-neuen-e-on-netzgesellschaft\/25003444.html\">Wirtschaftwoche schreibt:<\/a><\/p>\n\n\n\n<blockquote class=\"wp-block-quote is-layout-flow wp-block-quote-is-layout-flow\"><p>Die Personale gilt als politisch getrieben und ist bereits im Vorfeld  der Verk\u00fcndigung bei E.On umstritten, berichten Unternehmenskreise. Die  46-j\u00e4hrige Reiche sei in Sachen Energiewirtschaft \u201eeher unbedarft\u201c,  hei\u00dft es. <\/p><p>Reiche hat vor allem politisch Karriere gemacht.  <\/p><\/blockquote>\n\n\n\n<p>Reiche war bis 2009 stellvertretende Vorsitzende der CDU\/CSU-Bundestagsfraktion., dann bis 2013 parlamentarische Staatssekret\u00e4rin im Umweltministerium und schlie\u00dflich parlamentarische Staatssekret\u00e4rin im Verkehrsministerium, bis sie den Bundestag 2015 verlie\u00df. <\/p>\n\n\n\n<p>Politisch aufgefallen ist sie aber fast nur mit Homo-Hetze. Das war ihr Spezialgebiet, mit den sie sich in den Talkshows f\u00fcr ihren <a href=\"https:\/\/www.nollendorfblog.de\/?p=1250\">&#8222;Mut<\/a>&#8220; feiern lie\u00df. Eon  wollte also eine Politikerin f\u00fcr den Job, und es war dem Konzern zumindest egal, dass die Politikerin, die er sich aussuchte, vor allem eine profiliertesten politischen Feindinnen der Homosexuellenbewegung ist. <\/p>\n\n\n\n<p>Fragen hierzu hat Eon mir leider bisher nicht beantwortet.<\/p>\n\n\n\n<p>Gerne h\u00e4tte ich gewusst:<\/p>\n\n\n\n<p>\n<em>1 .) Bezieht sich das Diversit\u00e4tsversprechen des Konzerns auch\nauf die Situation von LGBTI?<\/em> \n<\/p>\n\n\n\n<p><em>2.) War, bzw. ist dem Konzern die\nHaltung und das Engagement von Katherina Reiche zu LGBTI-Fragen\nbekannt? Wurde mit Ihr \u00fcber diese Fragen gesprochen?<\/em><\/p>\n\n\n\n<p><em>3.) Sieht der Konzern in solchen\n\u00c4u\u00dferungen ein Problem bez\u00fcglich des eigenen\nDiversit\u00e4tsversprechens?<\/em><\/p>\n\n\n\n<p><em>4.) Wie wichtig ist es dem Konzern,\ndass das \u201eEverything We Can\u201c- Diversit\u00e4tsversprechen von seinen\nF\u00fchrungspers\u00f6nlichkeiten mitgetragen und unterst\u00fctzt wird?<\/em><\/p>\n\n\n\n<p><em>5.) Halten Sie es auch f\u00fcr\nvorstellbar, dass eine solche F\u00fchrungsfunktion mit einer Person\nbesetzt wird, die sich bisher unwidersprochen \u00e4hnlich\ndiskriminierend beispielsweise \u00fcber schwarze Menschen ge\u00e4u\u00dfert\nhat, also etwa, dass deren Gleichstellung eine Gefahr f\u00fcr die\nGesellschaft bedeutet?<\/em> \n<\/p>\n\n\n\n<p>Aber vielleicht bekomme ich ja noch eine Antwort. Ich k\u00f6nnte mir gut vorstellen, dass sich auch einige der knapp 16.000 MitarbeiterInnen daf\u00fcr interessieren. Und einige StromkundInnen auch. \u2666<\/p>\n\n\n\n<p><em>(Nachtrag: Dieser Beitrag wurde um einige Zitate und Verweise erg\u00e4nzt.)<\/em><\/p>\n\n\n\n<hr class=\"wp-block-separator\"\/>\n\n\n\n<p>Update 1: Queer.de berichtet \u00fcber Vertragsk\u00fcndigungen bei EON wegen Katherina Reiche<\/p>\n\n\n\n<p>Update 2: <a href=\"https:\/\/www.nollendorfblog.de\/?p=11128\">EON m\u00f6chte sich nicht von Katherina Reiches Homo-Hass distanzieren<\/a><\/p>\n\n\n\n<p>R\u00fcckblick (2013): <em><a href=\"https:\/\/www.nollendorfblog.de\/?p=1163\">Der Quasi-Rassismus von Katherina Reiche und die Verantwortung von G\u00fcnther Jauch<\/a> <\/em><\/p>\n\n\n\n<p><em><strong>Alle Beitr\u00e4ge \u00fcber Katherina Reiche<a href=\"https:\/\/www.nollendorfblog.de\/?tag=katherina-reiche\"> hier. <\/a><\/strong><\/em><\/p>\n\n\n\n<hr class=\"wp-block-separator\"\/>\n\n\n\n<p><strong>Bitte mach mit!&nbsp;<\/strong>Als unabh\u00e4ngiges und werbefreies Blog brauchen wir Deine Hilfe. Hier kannst Du uns auf&nbsp;<strong><a href=\"https:\/\/www.paypal.com\/donate\/?token=Sx7UO35_SDcAJtU34UUHgtD5jyv1zex9ZEMhfnkmUSKCOtBwgAd3VhsSD8v7GsW2W2ygw0&amp;country.x=DE&amp;locale.x=de_DE\">Paypa<\/a>l<\/strong>&nbsp;unterst\u00fctzen. Oder hier ein&nbsp;<strong>freiwilliges Unterst\u00fctzerabo<\/strong>&nbsp;abschlie\u00dfen:<\/p>\n\n\n\n<hr class=\"wp-block-separator\"\/>\n\n\n\n<figure class=\"wp-block-image\"><a href=\"https:\/\/steadyhq.com\/de\/nollendorfblog\"><img loading=\"lazy\" decoding=\"async\" width=\"442\" height=\"82\" src=\"https:\/\/www.nollendorfblog.de\/wp-content\/uploads\/2018\/02\/Steady-nollendorfblog-klein.png\" alt=\"\" class=\"wp-image-8740\" srcset=\"https:\/\/www.nollendorfblog.de\/wp-content\/uploads\/2018\/02\/Steady-nollendorfblog-klein.png 442w, https:\/\/www.nollendorfblog.de\/wp-content\/uploads\/2018\/02\/Steady-nollendorfblog-klein-300x56.png 300w\" sizes=\"auto, (max-width: 442px) 100vw, 442px\" \/><\/a><\/figure>\n\n\n\n<p><em>Mehr dazu:&nbsp;<\/em><em><a href=\"https:\/\/www.nollendorfblog.de\/?p=8291\">Das Nollendorfblog braucht Deine Unterst\u00fctzung<\/a><\/em><\/p>\n","protected":false},"excerpt":{"rendered":"<p>DIE Katherina Reiche? Ja, genau die!<\/p>\n","protected":false},"author":1,"featured_media":11061,"comment_status":"closed","ping_status":"closed","sticky":false,"template":"","format":"standard","meta":{"footnotes":""},"categories":[165,1,186],"tags":[87,185,33],"class_list":["post-11055","post","type-post","status-publish","format-standard","has-post-thumbnail","hentry","category-165","category-politik","category-wirtschaft","tag-cdu-csu","tag-eon","tag-katherina-reiche"],"_links":{"self":[{"href":"https:\/\/www.nollendorfblog.de\/index.php?rest_route=\/wp\/v2\/posts\/11055","targetHints":{"allow":["GET"]}}],"collection":[{"href":"https:\/\/www.nollendorfblog.de\/index.php?rest_route=\/wp\/v2\/posts"}],"about":[{"href":"https:\/\/www.nollendorfblog.de\/index.php?rest_route=\/wp\/v2\/types\/post"}],"author":[{"embeddable":true,"href":"https:\/\/www.nollendorfblog.de\/index.php?rest_route=\/wp\/v2\/users\/1"}],"replies":[{"embeddable":true,"href":"https:\/\/www.nollendorfblog.de\/index.php?rest_route=%2Fwp%2Fv2%2Fcomments&post=11055"}],"version-history":[{"count":37,"href":"https:\/\/www.nollendorfblog.de\/index.php?rest_route=\/wp\/v2\/posts\/11055\/revisions"}],"predecessor-version":[{"id":11148,"href":"https:\/\/www.nollendorfblog.de\/index.php?rest_route=\/wp\/v2\/posts\/11055\/revisions\/11148"}],"wp:featuredmedia":[{"embeddable":true,"href":"https:\/\/www.nollendorfblog.de\/index.php?rest_route=\/wp\/v2\/media\/11061"}],"wp:attachment":[{"href":"https:\/\/www.nollendorfblog.de\/index.php?rest_route=%2Fwp%2Fv2%2Fmedia&parent=11055"}],"wp:term":[{"taxonomy":"category","embeddable":true,"href":"https:\/\/www.nollendorfblog.de\/index.php?rest_route=%2Fwp%2Fv2%2Fcategories&post=11055"},{"taxonomy":"post_tag","embeddable":true,"href":"https:\/\/www.nollendorfblog.de\/index.php?rest_route=%2Fwp%2Fv2%2Ftags&post=11055"}],"curies":[{"name":"wp","href":"https:\/\/api.w.org\/{rel}","templated":true}]}}