{"id":11215,"date":"2019-12-14T15:47:17","date_gmt":"2019-12-14T13:47:17","guid":{"rendered":"http:\/\/www.nollendorfblog.de\/?p=11215"},"modified":"2020-12-08T12:54:38","modified_gmt":"2020-12-08T10:54:38","slug":"kein-witz-dieter-nuhr-moechte-die-debattenkultur-retten","status":"publish","type":"post","link":"https:\/\/www.nollendorfblog.de\/?p=11215","title":{"rendered":"Kein Witz: Dieter Nuhr m\u00f6chte die Debattenkultur retten"},"content":{"rendered":"\r\n<blockquote class=\"wp-block-quote is-layout-flow wp-block-quote-is-layout-flow\">\r\n<p>Kabarettist Dieter Nuhr hat sich mit seinem Spott \u00fcber Greta Thunberg viele Feinde gemacht. Das ficht ihn kaum an, sagt er im Interview \u2013 der Verfall der Debattenkultur aber schon.<\/p>\r\n<\/blockquote>\r\n\r\n\r\n\r\n<p>behauptet die <a href=\"https:\/\/rp-online.de\/nrw\/panorama\/kabarettist-dieter-nuhr-ueber-den-verfall-der-debattenkutlur_aid-47815667#successRegister\">&#8222;Rheinische Post&#8220;<\/a> in der Einleitung eines Interviews, das sie mit dem Kabarettisten gef\u00fchrt hat. Im Interview selbst erkl\u00e4rt dieser dann :<\/p>\r\n\r\n\r\n\r\n<blockquote class=\"wp-block-quote is-layout-flow wp-block-quote-is-layout-flow\">\r\n<p>Die sozialen Medien haben dazu gef\u00fchrt, dass sich der Ton ver\u00e4ndert hat. Argumente z\u00e4hlen kaum noch, es geht in den meisten F\u00e4llen nur noch um Reizworte und Symbolbegriffe, es wird verdreht, beschimpft, bedroht. Das Abw\u00e4gen ist weitgehend dem Affekt gewichen. Der Andersdenkende wird nicht mehr respektiert, sondern als Feind betrachtet.<\/p>\r\n<\/blockquote>\r\n\r\n\r\n\r\n<p>Das Interview hat einen seltsamen Beigeschmack, weil Dieter Nuhr hier unwidersprochen den Eindruck erwecken darf, er h\u00e4tte mit dem, was er da beschreibt, nichts zu tun. Dabei ist es ja gerade Nuhr, der mit seiner Aggressivit\u00e4t verbunden mit seiner enormen Social-Media-Reichweite genau die Debattenkultur vergiftet, die er hier vorgibt, retten zu wollen. Und das in einer bemerkenswerten Perfidie.<\/p>\r\n\r\n\r\n\r\n<p>Ja, es ist albern, hier das so Offensichtliche noch beweisen zu wollen. Allerdings zeigt die Naivit\u00e4t, mit der Nuhr von der Rheinischen Post befragt wird, und die kritiklose Weiterverbreitung seiner Selbstbezeugungen, dass man leider doch noch darauf hinweisen muss. Beispielsweise anhand eines seiner Tweets, dessen Kontext ich ganz gut beurteilen kann, weil ich selbst ein Teil davon bin. Kurz zum Hintergrund:<\/p>\r\n\r\n\r\n\r\n<p>Anl\u00e4sslich der <a href=\"https:\/\/schwules-netzwerk.de\/laudatio-sevindim\/\">Verleihung der Kompassnadel<\/a> beim diesj\u00e4hrigen K\u00f6lner CSD-Empfang im Juli dieses Jahres hatte ich dem K\u00f6lner Stadtanzeiger<a href=\"https:\/\/www.ksta.de\/koeln\/grassierende-homophobie--dieter-nuhrs-homosexuellenfeindliche-witze-sind-schlimm--32814508\"> ein Interview gegeben<\/a>, in dem es (<a href=\"https:\/\/www.tagesspiegel.de\/gesellschaft\/queerspiegel\/alltagshomophobie-in-deutschland-witze-ueber-analsex-sind-deutscher-humor-schlechthin\/21040990.html\">wie<\/a> <a href=\"https:\/\/www.siegessaeule.de\/no_cache\/newscomments\/article\/4320-johannes-kram-es-wird-immer-selbstverstaendlicher-andere-abzuwerten.html\">schon<\/a> <a href=\"https:\/\/www.watson.de\/leben\/interview\/715491875-eigentlich-ist-es-ganz-einfach-schwulsein-ist-nicht-witzig\">bei<\/a> <a href=\"https:\/\/www.fr.de\/kultur\/homophob-doch-nicht-10994958.html\">anderen<\/a> <a href=\"https:\/\/www.queer.de\/detail.php?article_id=31909\">Interviews<\/a>) auch um Dieter Nuhrs homosexuellenfeindliche Witze ging:<\/p>\r\n\r\n\r\n\r\n<p>Frage:<\/p>\r\n\r\n\r\n\r\n<blockquote class=\"wp-block-quote is-layout-flow wp-block-quote-is-layout-flow\">\r\n<p>( &#8230; ) Abgesehen von derart krassen F\u00e4llen der Diskriminierung: In ihrem Buch und ihrem Blog greifen sie viele Beispiele f\u00fcr eine, wie sie sie nennen, \u201eneue Homophobie\u201c auf, die sich als homosexuellenfreundlich tarnt. Wie ist das zu verstehen?<\/p>\r\n<\/blockquote>\r\n\r\n\r\n\r\n<p>Meine Antwort:<\/p>\r\n\r\n\r\n\r\n<blockquote class=\"wp-block-quote is-layout-flow wp-block-quote-is-layout-flow\">\r\n<p>Ein Beispiel ist f\u00fcr mich Dieter Nuhr. Seine homosexuellenfeindlichen Witze sind schlimm, aber schlimmer ist, wie er das Ganze verpackt: Man d\u00fcrfe ja gar nichts mehr sagen, und jeder sei heute direkt beleidigt. Dabei stimmt das Gegenteil, es ist heute viel selbstverst\u00e4ndlicher geworden, andere abzuwerten, und Leute wie Nuhr haben daran einen entscheidenden Anteil, auch weil sie sich dabei selbst als Opfer gerieren. Als ich Nuhr in meinem Buch seine Witze gegen Homosexuelle vorgehalten habe, hat er von absurden Vorw\u00fcrfen gesprochen und meinte tats\u00e4chlich, er k\u00f6nne ja gar nicht homophob sein, weil er f\u00fcr die Ehe f\u00fcr alle ist.<\/p>\r\n<\/blockquote>\r\n\r\n\r\n\r\n<p>Und wie reagiert Dieter Nuhr darauf? Der Retter der deutschen Debattenkultur?<\/p>\r\n\r\n\r\n\r\n<p>So:<\/p>\r\n\r\n\r\n\r\n<figure class=\"wp-block-image size-large\"><img loading=\"lazy\" decoding=\"async\" width=\"635\" height=\"368\" class=\"wp-image-11253\" src=\"https:\/\/www.nollendorfblog.de\/wp-content\/uploads\/2019\/12\/Tweet-Dieter-Nuhr-Nollendorfblog.png\" alt=\"\" srcset=\"https:\/\/www.nollendorfblog.de\/wp-content\/uploads\/2019\/12\/Tweet-Dieter-Nuhr-Nollendorfblog.png 635w, https:\/\/www.nollendorfblog.de\/wp-content\/uploads\/2019\/12\/Tweet-Dieter-Nuhr-Nollendorfblog-300x174.png 300w\" sizes=\"auto, (max-width: 635px) 100vw, 635px\" \/><\/figure>\r\n\r\n\r\n\r\n<blockquote class=\"wp-block-quote is-layout-flow wp-block-quote-is-layout-flow\">\r\n<p>(<em>Gestern mit meiner gay Community im #riva viel gelacht \u00fcber den Vorwurf eines Gest\u00f6rten im K\u00f6lner Stadtanzeigers, ich sei &#8222;homophob&#8220;. Bei manchem K\u00e4seblatt fehlt offenbar indessen das Geld zu Recherche.<\/em> #journalismusinderkrise)<\/p>\r\n<\/blockquote>\r\n\r\n\r\n\r\n<p>Nun ja, ein Dieter-Nuhr-Tweet eben, wenn auch ein krasser. Und ja: Es ist auch albern, da jetzt im Einzelnen darauf einzugehen. Da aber dieser T\u00e4ter-machen-sich-zu-Opfer-Trick nicht totzukriegen ist und sowohl die Debatte um Homophobie in den Medien als auch die \u00fcber unsere Debattenkultur offensichtlich verlangt, l\u00e4ngst Gekl\u00e4rtes immer wieder erneut klarstellen zu m\u00fcssen -, und da Nuhrs Interview mit der alarmistischen Formel: &#8222;Wehret den Anf\u00e4ngen!&#8220; endet: Nehmen wir Dieter Nuhr also ernst! Nehmen wir zur Analyse dieses Tweets doch einfach mal die Kriterien zur Hilfe, mit denen Nuhr selbst seine Kritik an der Debattenkultur festmacht:<\/p>\r\n\r\n\r\n\r\n<blockquote class=\"wp-block-quote is-layout-flow wp-block-quote-is-layout-flow\">\r\n<p>1.: <strong> &#8222;Argumente z\u00e4hlen kaum noch&#8220;:<\/strong><\/p>\r\n<\/blockquote>\r\n\r\n\r\n\r\n<p>Ja, es h\u00e4tte mich sehr gefreut, wenn Nuhr in seiner Reaktion auf meine Aussagen auf eines der dort aufgef\u00fchrten Argumente eingegangen w\u00e4re.<\/p>\r\n\r\n\r\n\r\n<blockquote class=\"wp-block-quote is-layout-flow wp-block-quote-is-layout-flow\">\r\n<p>2.: <strong> &#8222;es geht in den meisten F\u00e4llen nur noch um Reizworte und Symbolbegriffe&#8220; <\/strong><\/p>\r\n<\/blockquote>\r\n\r\n\r\n\r\n<p>Ja, er ist es, der hier seiner Twittergemeinde einen &#8222;Gest\u00f6rten&#8220; zum Fra\u00df vorwirft.<\/p>\r\n\r\n\r\n\r\n<blockquote class=\"wp-block-quote is-layout-flow wp-block-quote-is-layout-flow\">\r\n<p>3.: <strong> &#8222;es wird verdreht&#8220; <\/strong><\/p>\r\n<\/blockquote>\r\n\r\n\r\n\r\n<p>Nirgendwo habe ich behauptet, dass Dieter Nuhr homophob &#8222;sei&#8220;. Ich habe erl\u00e4utert, dass auch Menschen homophobe Aussagen und Witze machen k\u00f6nnen, die sich nicht als homophob empfinden. Indem Nuhr mich zum &#8222;Gest\u00f6rten&#8220; macht, weil ich ihn trotz seiner &#8222;gay&#8220; Freunde angeblich als homophob bezeichne, verdreht er meine Aussage \u00fcber ihn exakt um 180 Grad.<\/p>\r\n\r\n\r\n\r\n<blockquote class=\"wp-block-quote is-layout-flow wp-block-quote-is-layout-flow\">\r\n<p>4.: <strong>&#8222;es wird beschimpft&#8220;<\/strong><\/p>\r\n<\/blockquote>\r\n\r\n\r\n\r\n<p>Das muss man als \u00f6ffentlich-rechtlicher Kabarettist schon mal bringen: Eine ganze Tageszeitung ein &#8222;K\u00e4seblatt&#8220; nennen, nur weil es in einem Beitrag jemanden zu Wort kommen l\u00e4sst, der ihn kritisiert.<\/p>\r\n\r\n\r\n\r\n<blockquote class=\"wp-block-quote is-layout-flow wp-block-quote-is-layout-flow\">\r\n<p><strong>5.: &#8222;Das Abw\u00e4gen ist weitgehend dem Affekt gewichen.&#8220; <\/strong><\/p>\r\n<\/blockquote>\r\n\r\n\r\n\r\n<p>&#8222;Bei manchem K\u00e4seblatt fehlt offenbar indessen das Geld zu Recherche.&#8220; Nur f\u00fcr den Effekt erweckt Nuhr in seinem Tweet den Eindruck, der Stadtanzeiger w\u00fcrde Behauptungen \u00fcber ihn aufstellen. W\u00e4re ihm Debattenkultur irgendetwas wert, w\u00fcrde er hier zumindest klarstellen, dass diese Zeitung nur jemanden in einem Interview zu Wort kommen l\u00e4sst, der diese Behauptungen aufstellt.<\/p>\r\n\r\n\r\n\r\n<blockquote class=\"wp-block-quote is-layout-flow wp-block-quote-is-layout-flow\">\r\n<p><strong>6.: &#8222;Der Andersdenkende wird nicht mehr respektiert, sondern als Feind betrachtet.&#8220;<\/strong><\/p>\r\n<\/blockquote>\r\n\r\n\r\n\r\n<p>Nuhr greift in seinem Tweet nicht nur mich an und die Zeitung, die mich als Andersenkenden zu Wort kommen l\u00e4sst. Sein Hashtag #journalismusinderkrise l\u00e4sst vermuten, dass er schon das Prinzip des Andersdenkens an sich als ein Zeichen des Verfalls betrachtet.<\/p>\r\n\r\n\r\n\r\n<p>Dieter Nuhr ist nicht der Einzige, der Debatten just an den Stellen in Gefahr sieht, wo seiner Meinung widersprochen wird. Wenn er doch wenigstens die Eier h\u00e4tte, unter dem Hashtag #L\u00fcgenpresse zu twittern!<\/p>\r\n\r\n\r\n<hr class=\"wp-block-separator\" \/>\r\n\r\n\r\n<p><em>Hier meine Dieter-Nuhr-Kritik im Blog vom 8. April 2014, die ich in meinem 2018 erschienenem <a href=\"http:\/\/www.onlinekram.com\/buch-ich-hab-ja-nichts-\">Buch<\/a> wiederholt habe, und die dann zu <a href=\"https:\/\/www.queer.de\/detail.php?article_id=30755\">unterschiedlichen <\/a>Reaktionen (u.a. im <a href=\"https:\/\/www.spiegel.de\/kultur\/gesellschaft\/juergen-von-der-lippe-und-dieter-nuhr-verteidigen-schwulenwitze-a-1196199.html\">SPIEGEL<\/a> und der <a href=\"https:\/\/www.sueddeutsche.de\/kultur\/homophobie-dabei-duerfen-die-doch-jetzt-sogar-heiraten-1.3932570\">S\u00dcDDEUTSCHEN ZEITUNG<\/a> ) gef\u00fchrt hatte:<\/em><\/p>\r\n\r\n\r\n\r\n<p><strong> <em><a href=\"https:\/\/www.nollendorfblog.de\/?p=3576\">Schwulenwitze im \u201eSatiregipfel\u201c: Ist Dieter Nuhr nur ein gro\u00dfes Missverst\u00e4ndis?<\/a> <\/em><\/strong><\/p>\r\n\r\n\r\n\r\n<p><em>\u00dcbersicht: Hier alle Blogbeitr\u00e4ge zu <\/em><\/p>\r\n\r\n\r\n\r\n<p><a href=\"https:\/\/www.nollendorfblog.de\/?cat=74\"><strong><em>Homophobie in den Medien<\/em><\/strong><\/a><\/p>\r\n\r\n\r\n<hr class=\"wp-block-separator\" \/>\r\n\r\n\r\n<p><strong>Bitte mach mit!\u00a0<\/strong>Als unabh\u00e4ngiges und werbefreies Blog brauchen wir Deine Hilfe. Hier kannst Du uns auf\u00a0<strong><a href=\"https:\/\/www.paypal.com\/donate\/?token=Sx7UO35_SDcAJtU34UUHgtD5jyv1zex9ZEMhfnkmUSKCOtBwgAd3VhsSD8v7GsW2W2ygw0&amp;country.x=DE&amp;locale.x=de_DE\">Paypa<\/a>l<\/strong>\u00a0unterst\u00fctzen. Oder hier ein\u00a0<strong>freiwilliges Unterst\u00fctzerabo<\/strong>\u00a0abschlie\u00dfen:<\/p>\r\n\r\n\r\n<hr class=\"wp-block-separator\" \/>\r\n\r\n\r\n<figure class=\"wp-block-image\"><a href=\"https:\/\/steadyhq.com\/de\/nollendorfblog\"><img loading=\"lazy\" decoding=\"async\" width=\"442\" height=\"82\" class=\"wp-image-8740\" src=\"https:\/\/www.nollendorfblog.de\/wp-content\/uploads\/2018\/02\/Steady-nollendorfblog-klein.png\" alt=\"\" srcset=\"https:\/\/www.nollendorfblog.de\/wp-content\/uploads\/2018\/02\/Steady-nollendorfblog-klein.png 442w, https:\/\/www.nollendorfblog.de\/wp-content\/uploads\/2018\/02\/Steady-nollendorfblog-klein-300x56.png 300w\" sizes=\"auto, (max-width: 442px) 100vw, 442px\" \/><\/a><\/figure>\r\n\r\n\r\n\r\n<p><em>Mehr dazu:\u00a0<\/em><em><a href=\"https:\/\/www.nollendorfblog.de\/?p=8291\">Das Nollendorfblog braucht Deine Unterst\u00fctzung<\/a><\/em><\/p>\r\n","protected":false},"excerpt":{"rendered":"<p>Wenn er doch wenigstens die Eier h\u00e4tte, unter dem Hashtag #L\u00fcgenpresse zu twittern. <\/p>\n","protected":false},"author":1,"featured_media":11227,"comment_status":"closed","ping_status":"closed","sticky":false,"template":"","format":"standard","meta":{"footnotes":""},"categories":[165,74,166,167],"tags":[75,46],"class_list":["post-11215","post","type-post","status-publish","format-standard","has-post-thumbnail","hentry","category-165","category-medien","category-print","category-tv","tag-dieter-nuhr","tag-rheinische-post"],"_links":{"self":[{"href":"https:\/\/www.nollendorfblog.de\/index.php?rest_route=\/wp\/v2\/posts\/11215","targetHints":{"allow":["GET"]}}],"collection":[{"href":"https:\/\/www.nollendorfblog.de\/index.php?rest_route=\/wp\/v2\/posts"}],"about":[{"href":"https:\/\/www.nollendorfblog.de\/index.php?rest_route=\/wp\/v2\/types\/post"}],"author":[{"embeddable":true,"href":"https:\/\/www.nollendorfblog.de\/index.php?rest_route=\/wp\/v2\/users\/1"}],"replies":[{"embeddable":true,"href":"https:\/\/www.nollendorfblog.de\/index.php?rest_route=%2Fwp%2Fv2%2Fcomments&post=11215"}],"version-history":[{"count":43,"href":"https:\/\/www.nollendorfblog.de\/index.php?rest_route=\/wp\/v2\/posts\/11215\/revisions"}],"predecessor-version":[{"id":11303,"href":"https:\/\/www.nollendorfblog.de\/index.php?rest_route=\/wp\/v2\/posts\/11215\/revisions\/11303"}],"wp:featuredmedia":[{"embeddable":true,"href":"https:\/\/www.nollendorfblog.de\/index.php?rest_route=\/wp\/v2\/media\/11227"}],"wp:attachment":[{"href":"https:\/\/www.nollendorfblog.de\/index.php?rest_route=%2Fwp%2Fv2%2Fmedia&parent=11215"}],"wp:term":[{"taxonomy":"category","embeddable":true,"href":"https:\/\/www.nollendorfblog.de\/index.php?rest_route=%2Fwp%2Fv2%2Fcategories&post=11215"},{"taxonomy":"post_tag","embeddable":true,"href":"https:\/\/www.nollendorfblog.de\/index.php?rest_route=%2Fwp%2Fv2%2Ftags&post=11215"}],"curies":[{"name":"wp","href":"https:\/\/api.w.org\/{rel}","templated":true}]}}