{"id":1163,"date":"2013-03-04T17:12:57","date_gmt":"2013-03-04T15:12:57","guid":{"rendered":"http:\/\/www.nollendorfblog.de\/?p=1163"},"modified":"2019-03-02T11:39:02","modified_gmt":"2019-03-02T09:39:02","slug":"der-quasi-rassismus-von-katharina-reiche","status":"publish","type":"post","link":"https:\/\/www.nollendorfblog.de\/?p=1163","title":{"rendered":"Der Quasi-Rassismus von Katherina Reiche und die Verantwortung von G\u00fcnther Jauch"},"content":{"rendered":"<p>Wir m\u00fcssen aufh\u00f6ren, uns inhaltlich mit dem Quasi-<span style=\"color: #993300;\"><a href=\"https:\/\/www.nollendorfblog.de\/?p=610\"><span style=\"color: #993300;\">Rassismus<\/span><\/a><\/span> von Katherina <span style=\"color: #993300;\"><a href=\"http:\/\/www.spiegel.de\/kultur\/tv\/ard-talk-bei-guenther-jauch-streit-ueber-die-homo-ehe-a-886650.html\"><span style=\"color: #993300;\">Reiche <\/span><\/a><\/span>auseinander zu setzten. Es geht nicht darum, welche Meinung sie zur &#8222;Homo-Ehe&#8220; hat. Es geht um das Menschenbild, mit dem sie diese begr\u00fcndet.<\/p>\n<p>In einer Debatte, die \u00a0auf der Basis der Werte unseres Grundgesetzes gef\u00fchrt wird, muss niemand, auch kein kein Schwarzer, kein Jude und auch keine Homosexueller begr\u00fcnden, warum seine Hautfarbe, seine Religion oder seine Sexualit\u00e4t nicht widernat\u00fcrlich ist. \u00a0Es ist nicht die Pflicht der Homosexuellen zu begr\u00fcnden, warum eine Gleichstellung ihrer Beziehungen keine <span style=\"color: #993300;\"><a href=\"http:\/\/www.stern.de\/kultur\/tv\/guenther-jauch-zu-homo-ehe-sterben-wir-etwa-bald-aus-1978994.html\"><span style=\"color: #993300;\">Gefahr f\u00fcr die Gesellschaft<\/span><\/a> <\/span>ist. Der Aggressor muss sich rechtfertigen, nicht die, die er zu treffen versucht.<\/p>\n<p>Die Grenzen der Meinungsfreiheit sind in unserer Gesellschaft juristisch gottseidank sehr weit gesteckt. Deswegen muss es auch Katherina Reiche gestattet sein, \u00f6ffentlich ihre extremistischen Ansichten \u00e4ussern zu d\u00fcrfen, genau so, wie es der NPD als nicht verbotene Partei erlaubt sein muss, \u00f6ffentlich f\u00fcr ihre zu demonstrieren.<\/p>\n<p>Etwas anderes ist, ob man Personen,\u00a0die auf solche Art Minderheiten diffamieren,\u00a0ein Podium in einer \u00f6ffentlich rechtlichen Talkshow geben darf.<\/p>\n<p>Nat\u00fcrlich kann man darauf hoffen, dass sie sich selbst demontieren. Aber \u00a0diese Hoffnung kann nicht Basis f\u00fcr eine Talkshow sein, die der politischen Aufkl\u00e4rung dienen soll. Schliesslich befragt Jauch in seiner Show auch keine NPD-Landtagsabgeordneten nach ihrer Meinung zur\u00a0Integrationspolitik.<\/p>\n<p>Offensichtlich kennt er seine Verantwortung.\u00a0Es w\u00e4re sch\u00f6n, wenn er sie auch \u00fcbernimmt.<\/p>\n<p>&nbsp;<\/p>\n<p>&nbsp;<\/p>\n<p>.<\/p>\n<p><em>Nachtrag, 8,08.2013 : <\/em><\/p>\n<p><em>Julian Miller schreibt in seiner <a href=\"http:\/\/www.quotenmeter.de\/cms\/?p1=n&amp;p2=62476&amp;p3=\">Kolumne &#8222;360 Grad&#8220;<\/a> auf quotenmeter.de, warum die Jauch-Sendung ein &#8222;journalistisches Desaster&#8220; war;<\/em><\/p>\n<blockquote><p><em>&#8222;Wo dieses forcierte Stehenlassen der Widerspr\u00fcche hinf\u00fchren kann, hat man auf eine besonders krasse Art am Schluss der Homo-Ehe-Sendung gesehen, als Jauch neben Zuschauermails, die das Ehegattensplitting und das volle Adoptionsrecht f\u00fcr gleichgeschlechtliche Paare bef\u00fcrwortet haben, auch eine solche vorlas, die man mit Schwulenschelte noch gelinde umschreibt. Da wurde in seiner Widerspr\u00fcchlichkeit zugelassen, was eigentlich in einer offenen, pluralistischen Gesellschaft gar nicht mehr tragf\u00e4hig ist.<\/em><\/p>\n<p><em>Und das ist nicht nur schlechter Journalismus, sondern sogar bedenklich.&#8220;<\/em><\/p><\/blockquote>\n<p>&nbsp;<\/p>\n<p>&nbsp;<\/p>\n","protected":false},"excerpt":{"rendered":"<p>Katherina Reiches \u00c4u\u00dferungen \u00fcber Schwule und Lesben in Talkshows wie sind keine Meinungs\u00e4usserungen sondern Diffamierungen. Moderatoren wie G\u00fcnther Jauch m\u00fcssen sich fragen lassen, ob sie Vertreter eines solchen Menschenbildes weiter ein Podium bieten m\u00f6chten.<\/p>\n","protected":false},"author":1,"featured_media":0,"comment_status":"open","ping_status":"open","sticky":false,"template":"","format":"standard","meta":{"footnotes":""},"categories":[159,1],"tags":[92,33],"class_list":["post-1163","post","type-post","status-publish","format-standard","hentry","category-159","category-politik","tag-ard","tag-katherina-reiche"],"_links":{"self":[{"href":"https:\/\/www.nollendorfblog.de\/index.php?rest_route=\/wp\/v2\/posts\/1163","targetHints":{"allow":["GET"]}}],"collection":[{"href":"https:\/\/www.nollendorfblog.de\/index.php?rest_route=\/wp\/v2\/posts"}],"about":[{"href":"https:\/\/www.nollendorfblog.de\/index.php?rest_route=\/wp\/v2\/types\/post"}],"author":[{"embeddable":true,"href":"https:\/\/www.nollendorfblog.de\/index.php?rest_route=\/wp\/v2\/users\/1"}],"replies":[{"embeddable":true,"href":"https:\/\/www.nollendorfblog.de\/index.php?rest_route=%2Fwp%2Fv2%2Fcomments&post=1163"}],"version-history":[{"count":30,"href":"https:\/\/www.nollendorfblog.de\/index.php?rest_route=\/wp\/v2\/posts\/1163\/revisions"}],"predecessor-version":[{"id":1396,"href":"https:\/\/www.nollendorfblog.de\/index.php?rest_route=\/wp\/v2\/posts\/1163\/revisions\/1396"}],"wp:attachment":[{"href":"https:\/\/www.nollendorfblog.de\/index.php?rest_route=%2Fwp%2Fv2%2Fmedia&parent=1163"}],"wp:term":[{"taxonomy":"category","embeddable":true,"href":"https:\/\/www.nollendorfblog.de\/index.php?rest_route=%2Fwp%2Fv2%2Fcategories&post=1163"},{"taxonomy":"post_tag","embeddable":true,"href":"https:\/\/www.nollendorfblog.de\/index.php?rest_route=%2Fwp%2Fv2%2Ftags&post=1163"}],"curies":[{"name":"wp","href":"https:\/\/api.w.org\/{rel}","templated":true}]}}