{"id":11644,"date":"2020-02-11T11:01:14","date_gmt":"2020-02-11T09:01:14","guid":{"rendered":"http:\/\/www.nollendorfblog.de\/?p=11644"},"modified":"2020-02-12T23:19:37","modified_gmt":"2020-02-12T21:19:37","slug":"dringender-hilferuf-aus-polen-an-die-deutsche-community-und-den-berliner-csd","status":"publish","type":"post","link":"https:\/\/www.nollendorfblog.de\/?p=11644","title":{"rendered":"Dringender Hilferuf aus Polen an die deutsche Community und den Berliner  CSD"},"content":{"rendered":"<p>Aufgrund der immer dramatisch werdenden Situation f\u00fcr die polnischen LGBTIQ habe ich vor wenigen Wochen in diesem Blog vorgeschlagen, dass der Berliner CSD sich in diesem Jahr ganz der Solidarit\u00e4t mit der Community unseres Nachbarlandes verschreibt. (<a href=\"https:\/\/www.nollendorfblog.de\/?p=11435\">Hier meine konkreten Vorschl\u00e4ge dazu.<\/a>) Hierf\u00fcr solle der CSD nicht, wie \u00fcblich, sich zun\u00e4chst auf die Wahl eines Mottos konzentrieren, sondern zun\u00e4chst grunds\u00e4tzlich sich f\u00fcr ein politisches Anliegen entscheiden.<\/p>\n<p>Diese Voraussetzung hat der Berliner CSD mittlerweile geschaffen und sein Verfahren ge\u00e4ndert: &#8222;\u00dcber die Inhalte zum Motto&#8220; hei\u00dft es nun. Bis zum 29. Februar k\u00f6nnen dort Themenvorschl\u00e4ge eingereicht werden:<\/p>\n<div class=\"et_pb_column et_pb_column_4_4 et_pb_column_1_tb_body et_pb_css_mix_blend_mode_passthrough et-last-child\">\n<div class=\"et_pb_module et_pb_post_content et_pb_post_content_0_tb_body\">\n<blockquote><p>&#8222;Welche politischen Inhalte sollte DEIN pers\u00f6nlicher CSD 2020 haben? Wir, der Berliner CSD e.V., haben unser Verfahren ge\u00e4ndert und freuen uns auf eure politischen Fragen und Antworten, die euch unter den N\u00e4geln brennen. Bis zum 29.2.2020 haben alle Interessierten, Teilnehmenden und Aktivist_innen die M\u00f6glichkeit, ihre politische Inhalte mit einer kurzen Begr\u00fcndung f\u00fcr unter community@csd-berlin.de einzureichen. Aus den Einsendungen werden die f\u00fcnf meistgenannten Schwerpunkte evaluiert. Gemeinsam mit der Community wird aus diesen im Anschluss das Berliner CSD-Motto f\u00fcr 2020 entwickelt.&#8220;<\/p><\/blockquote>\n<p>Nun liegt es also an der Berliner Community, ob der Berliner CSD seine ganze St\u00e4rke nutzt, um sich f\u00fcr und mit den LGBTIQ unseres Nachbarlandes zu engagieren.<\/p>\n<p>Mittlerweile erfahre ich von immer mehr Unterst\u00fctzung f\u00fcr diesen Vorschlag. Unter der \u00dcberschrift &#8222;Pogrome verhindern \u2013 Polen braucht unsere Pride-Power!&#8220; geht Stefan Mielchen, erster Vorsitzender des Hamburg Pride, sogar noch einen Schritt weiter. In einem <a href=\"https:\/\/mannschaft.com\/2020\/01\/31\/pogrome-verhindern-polen-pride\/\">Kommentar f\u00fcr die &#8222;Mannschaft&#8220;<\/a> betont er die Einzigartigkeit der polnischen Situation (&#8222;Wann hat es das in der EU schon einmal gegeben, dass sich ganze Landesteile gegen sexuelle Minderheiten stellen?&#8220;) und fordert dann in einem leidenschaftlichen Pl\u00e4doyer, dass nicht nur Berlin, sonders auch andere CSDs Polen in den Fokus r\u00fccken sollten:<\/p>\n<\/div>\n<blockquote><p>&#8222;Die Pride-Saison 2020 sollte zu einem bundesweiten Signal der Solidarit\u00e4t werden \u2013 CSD-Tourismus inklusive.&#8220;<\/p><\/blockquote>\n<p>Wie wichtig diese Solidarit\u00e4t ist, zeigt nun ein Schreiben, das mich aus der polnischen Community erreicht hat mit der Bitte, es hier zu ver\u00f6ffentlichen.<\/p>\n<p><span data-offset-key=\"7q9sg-0-0\">Bitte lest Euch diesen Text durch, bitte teilt und verbreitet ihn, nutzt die Fakten und die Forderungen, um Euren CSD vor Ort davon zu \u00fcberzeugen, dass unsere polnischen Nachbar*innen unsere Unterst\u00fctzung brauchen! Informiert Eure Abgeordneten, macht Druck, wenn n\u00f6tig, fragt sie, was sie tun, ladet sie dazu ein, Solidarit\u00e4t zu zeigen! Schreibt an Eure St\u00e4dte und Kommunen, insbesondere die, die Partnerschaftsbeziehungen mit polnischen St\u00e4dten unterhalten!<\/span><\/p>\n<p>Lasst uns bitte nicht mehr dar\u00fcber diskutieren, ob oder wie wir unsere CSDs politischer machen. Lasst uns sie stattdessen politischer machen! Indem wir mit ihnen Politik machen, in dem wir das machen, worum es in der Politik geht: Bewusstsein ver\u00e4ndern, Verh\u00e4ltnisse \u00e4ndern. Die Verh\u00e4ltnisse k\u00f6nnen so nicht bleiben.<\/p>\n<p>Und jeder von uns kann etwas tun:<\/p>\n<p><em> <img loading=\"lazy\" decoding=\"async\" class=\"alignnone size-medium wp-image-11678\" src=\"https:\/\/www.nollendorfblog.de\/wp-content\/uploads\/2020\/02\/IMG_20191126_080257-300x150.jpg\" alt=\"\" width=\"300\" height=\"150\" \/><\/em><\/p>\n<p style=\"text-align: center;\"><em> von Kuba Gawron<\/em><\/p>\n<div class=\"et_pb_module et_pb_post_content et_pb_post_content_0_tb_body\">\n<p><em>Derzeit sind in 88 Orten 93 Regelungen verabschiedet worden, die sich gegen LGBT+ richten.Sie lassen sich in zwei Arten unterteilen:Die erste richtet sich gegen die Verbreitung der sogenannten &#8222;LGBT-Ideologie&#8220; (ein direkter Angriff auf die Rechte der LGBT+-Community).<\/em><\/p>\n<\/div>\n<p><em>Die zweite Art sind Beschl\u00fcsse \u201ezum Schutz der Rechte von Familien\u201c (so kann man LGBTI-Organisationen b\u00fcrokratisch ihre Arbeit erschweren oder unm\u00f6glich machen).<\/em><\/p>\n<p><em>In \u201eLGBT freien Zonen\u201c werden Lehrer, Schuldirektoren oder Erzieher, die sich entweder positiv oder auch nur \u201eneutral\u201c zu LGBT \u00e4u\u00dfern, mit schweren, beruflichen Konsequenzen durch lokale Regierungsorganisationen und\/oder die \u00f6rtliche Schulbeh\u00f6rde bedroht.<\/em><\/p>\n<p><em>Auch wenn sie keine juristisch anwendbaren \u201eGesetze\u201c sind, sind diese Beschl\u00fcsse ein Mittel, mit dem massiver Druck auf Menschen ausge\u00fcbt wird, die in staatlichen Institutionen arbeiten.<\/em><\/p>\n<p><em>Sie sollen abschreckend auf die kommunale Verwaltung wirken. Durch sie sollen Antidiskriminierungs- und Gleichstellungsma\u00dfnahmen verhindert werden, Unterricht \u00fcber Themen wie Antidiskriminierung soll unm\u00f6glich gemacht werden, und LGBT-Organisationen sollen daran gehindert werden, \u00f6ffentliche R\u00e4ume f\u00fcr Konferenzen, Trainings oder Workshops nutzen zu k\u00f6nnen.<\/em><\/p>\n<p><em>Die LGBT+ die davon am meisten getroffen werden, sind Sch\u00fcler_innen, die eine ohnehin schon schwierige Entwicklungsperiode durchlaufen.<\/em><\/p>\n<p><em>Parallel zu ihrer Identit\u00e4tsfindung als LGBT+, m\u00fcssen sie sich jetzt mit dem Hass, der Verachtung und Gleichg\u00fcltig der Allgemeinheit auseinandersetzen, und erfahren dabei keinerlei Unterst\u00fctzung durch Familien, Gleichaltrige, Lehrer, Politik, Medien oder den Staat.<\/em><\/p>\n<p><em>Die Beschl\u00fcsse sind, kombiniert mit einer allgemeinen Mischung aus Angepasstheit, Angst und Unwissenheit, ein wirksames Instrument, um nicht heteronormativen Personen vom \u00f6ffentlichen Leben auszuschlie\u00dfen. Beginnend mit denen, die als j\u00fcngste Mitglieder der Community unter direkter Aufsicht eines ihnen feindlich gesinnten des Staates stehen: Sch\u00fcler_innen.<\/em><\/p>\n<p><em>Aktuelle Zahlen:<\/em><\/p>\n<p><em>Beschl\u00fcsse dieser Art gelten im Moment in<\/em><\/p>\n<p><em>27 D\u00f6rfern<\/em><\/p>\n<p><em>12 Kleinst\u00e4dten<\/em><\/p>\n<p><em>11 St\u00e4dten<\/em><\/p>\n<p><em>4 St\u00e4dten mit Landkreisstatus<\/em><\/p>\n<p><em>30 Landkreisen<\/em><\/p>\n<p><em>5 Verwaltungsbezirken (Woiwodschaften, Polen ist in 16 Woiwodschaften unterteilt)<\/em><\/p>\n<p><em>Die Regierungen dieser Verwaltungsbezirke erhielten im letzten Jahr 2 Milliarden Euro von der EU, davon 675 Millionen f\u00fcr Bildung und Verwaltung.<\/em><\/p>\n<p><em>31% der Fl\u00e4che Polens sind inzwischen sogenannten \u201eLGBT freie Zonen\u201c. Dort leben rund 12 Millionen Menschen, 1,8 Millionen von ihnen sind schulpflichtige Kinder. Davon sind sch\u00e4tzungsweise 90 &#8211; 180 Tausend LGBTI. Laut einer Untersuchung der Campaign against Homophobia hatten oder haben 70 Prozent aller LGBT+-Jugendlichen in Polen Selbstmordgedanken. Das w\u00e4ren dann zwischen 63.000 und 126.000 Jugendliche.<\/em><\/p>\n<p><em>An weiteren Anti-LGBT+-Verf\u00fcgungen wird in mindestens 40 kommunalen Verwaltungen gearbeitet, hei\u00dft, es gibt gegenw\u00e4rtig Sitzungen, Petitionen oder Anfragen dazu.<\/em><\/p>\n<p><em>Wir bef\u00fcrchten, dass die immer weiter voranschreitenden regionalen Regelungen nur die Vorstufe f\u00fcr ein dann von der nationalen Regierung erlassenes und im ganzen Land geltendes Gesetz sind.<\/em><\/p>\n<p><em>Unsere Vorschl\u00e4ge f\u00fcr den CSD Berlin lauten deswegen:<\/em><\/p>\n<p><em>&#8211; Ruft Politiker_innen dazu auf, die Einrichtung \u201eLGBT freier Zonen\u201c \u00f6ffentlich zu verurteilen. Sie und ihr k\u00f6nnt eure Regierung zu konkreten Ma\u00dfnahmen auffordern, um der Institutionalisierung von LGBT+-Feindlichkeit in Polen entgegenzuwirken.<\/em><\/p>\n<p><em>&#8211; Ruft die Europ\u00e4ischen Kommission dazu auf die Einrichtung \u201eLGBT freier Zonen\u201c \u00f6ffentlich zu verurteilen und Ma\u00dfnahmen zu ergreifen, um sie zu verhindern.<\/em><\/p>\n<p><em>&#8211; Fordert betroffene Stadtr\u00e4te, Mitarbeiter_innen und Kommunalverwaltungen (<a href=\"https:\/\/www.nollendorfblog.de\/?page_id=11674\">hier die Liste polnischer Partnerst\u00e4dte<\/a>), die F\u00fchrungspersonen \u00f6rtlicher Parteiorgane und Medien dazu auf ihre Zusammenarbeit mit ihren polnischen Partnern daraufhin zu \u00fcberpr\u00fcfen, ob dort Anti-LGBT-Beschl\u00fcsse gelten<\/em><\/p>\n<p><em>&#8211; Deutsche Politiker_innen und LGBT+ k\u00f6nnen zu erstmals stattfindenden oder noch sehr jungen polnischen CSDs kommen und an ihnen teilnehmen (Mehr als 20 von den in diesem Jahr geplanten CSDs in Polen fanden in den letzten zwei Jahren zum ersten Mal statt)<\/em><\/p>\n<p><em>&#8211; diese Form der Unterst\u00fctzung hat auch eine sehr praktische Auswirkung: Dank eurer Pr\u00e4senz gibt es mehr Polizei zum Schutz der CSDs.<\/em><\/p>\n<p><em>&#8211; Wir laden LGBT+ und die Organisator_innen von Prides aus deutschen und europ\u00e4ischen St\u00e4dten (insbesondere die mit polnischen Partnerst\u00e4dten) ein, eine Protest-Erkl\u00e4rung zu unterzeichnen.<\/em><\/p>\n<p>&nbsp;<\/p>\n<p style=\"text-align: right;\"><span class=\"_5yl5\"><em>Kuba Gawron<\/em> ist Co-Organisator Equality Pride in Rzesz\u00f3w. Er engagiert und vernetzt sich mit vielen anderen polnischen Aktivist*innen gegen die &#8222;<em>LGBT+ &#8211; freien Zonen&#8220;.<\/em><\/span><\/p>\n<p style=\"text-align: right;\">Mit einer Mail an den Berliner CSD ( community@csd-berlin.de) kannst Du dem Vorstand mitteilen, dass Dich die Situation in Polen umtreibt und Du Dich f\u00fcr einen Solidarit\u00e4ts-Pride einsetzt.<\/p>\n<p style=\"text-align: right;\">Hier findest Du<a href=\"https:\/\/csd-deutschland.de\/wp\/mitglieder\/\"> eine Liste mit den Deutschen CSDs<\/a>, wenn Du Dich in Deinem Pride f\u00fcr Polen engagieren m\u00f6chtest.<\/p>\n<p style=\"text-align: right;\">Hier <a href=\"https:\/\/www.bundestag.de\/abgeordnete\">findest Du Deine(n) Bundestagsabgeordnete(n)<\/a>.<\/p>\n<p style=\"text-align: right;\"><a href=\"https:\/\/www.nollendorfblog.de\/?page_id=11674\">Hier siehst Du,<\/a> ob Deine Stadt eine polnische Partnerstadt ist.<\/p>\n<p>&nbsp;<\/p>\n<hr class=\"wp-block-separator\" \/>\n<p><em>Danke an Markus L\u00f6w\u00a0 f\u00fcr die Unterst\u00fctzung bei diesem Beitrag. <\/em><\/p>\n<hr class=\"wp-block-separator\" \/>\n<figure class=\"wp-block-image\"><\/figure>\n<p>&nbsp;<\/p>\n<p><strong>Vielen Dank an alle, die dieses Blog mit ihren Beitr\u00e4gen erm\u00f6glichen! <\/strong>Als unabh\u00e4ngiges und werbefreies Blog brauchen wir Deine Hilfe. Hier kannst Du uns auf\u00a0<strong><a href=\"https:\/\/www.paypal.com\/donate\/?token=Sx7UO35_SDcAJtU34UUHgtD5jyv1zex9ZEMhfnkmUSKCOtBwgAd3VhsSD8v7GsW2W2ygw0&amp;country.x=DE&amp;locale.x=de_DE\">Paypa<\/a>l<\/strong>\u00a0unterst\u00fctzen. Oder hier ein\u00a0<strong>freiwilliges Unterst\u00fctzerabo<\/strong>\u00a0abschlie\u00dfen:<\/p>\n<p>&nbsp;<\/p>\n<figure class=\"wp-block-image\"><a href=\"https:\/\/steadyhq.com\/de\/nollendorfblog\"><img loading=\"lazy\" decoding=\"async\" width=\"442\" height=\"82\" class=\"wp-image-8740\" src=\"https:\/\/www.nollendorfblog.de\/wp-content\/uploads\/2018\/02\/Steady-nollendorfblog-klein.png\" sizes=\"auto, (max-width: 442px) 100vw, 442px\" srcset=\"https:\/\/www.nollendorfblog.de\/wp-content\/uploads\/2018\/02\/Steady-nollendorfblog-klein.png 442w, https:\/\/www.nollendorfblog.de\/wp-content\/uploads\/2018\/02\/Steady-nollendorfblog-klein-300x56.png 300w\" alt=\"\" \/><\/a><\/figure>\n<p><em>Mehr dazu:\u00a0<\/em><em><a href=\"https:\/\/www.nollendorfblog.de\/?p=8291\">Das Nollendorfblog braucht Deine Unterst\u00fctzung<\/a><\/em><\/p>\n<p style=\"text-align: right;\">\n<\/div>\n","protected":false},"excerpt":{"rendered":"<p>Jeder kann etwas tun. Die polnische Community braucht unsere Solidarit\u00e4t. <\/p>\n","protected":false},"author":1,"featured_media":11684,"comment_status":"closed","ping_status":"closed","sticky":false,"template":"","format":"standard","meta":{"footnotes":""},"categories":[188,55,190,151],"tags":[],"class_list":["post-11644","post","type-post","status-publish","format-standard","has-post-thumbnail","hentry","category-188","category-community","category-internationale-solidaritaet","category-solidaritaet"],"_links":{"self":[{"href":"https:\/\/www.nollendorfblog.de\/index.php?rest_route=\/wp\/v2\/posts\/11644","targetHints":{"allow":["GET"]}}],"collection":[{"href":"https:\/\/www.nollendorfblog.de\/index.php?rest_route=\/wp\/v2\/posts"}],"about":[{"href":"https:\/\/www.nollendorfblog.de\/index.php?rest_route=\/wp\/v2\/types\/post"}],"author":[{"embeddable":true,"href":"https:\/\/www.nollendorfblog.de\/index.php?rest_route=\/wp\/v2\/users\/1"}],"replies":[{"embeddable":true,"href":"https:\/\/www.nollendorfblog.de\/index.php?rest_route=%2Fwp%2Fv2%2Fcomments&post=11644"}],"version-history":[{"count":25,"href":"https:\/\/www.nollendorfblog.de\/index.php?rest_route=\/wp\/v2\/posts\/11644\/revisions"}],"predecessor-version":[{"id":11711,"href":"https:\/\/www.nollendorfblog.de\/index.php?rest_route=\/wp\/v2\/posts\/11644\/revisions\/11711"}],"wp:featuredmedia":[{"embeddable":true,"href":"https:\/\/www.nollendorfblog.de\/index.php?rest_route=\/wp\/v2\/media\/11684"}],"wp:attachment":[{"href":"https:\/\/www.nollendorfblog.de\/index.php?rest_route=%2Fwp%2Fv2%2Fmedia&parent=11644"}],"wp:term":[{"taxonomy":"category","embeddable":true,"href":"https:\/\/www.nollendorfblog.de\/index.php?rest_route=%2Fwp%2Fv2%2Fcategories&post=11644"},{"taxonomy":"post_tag","embeddable":true,"href":"https:\/\/www.nollendorfblog.de\/index.php?rest_route=%2Fwp%2Fv2%2Ftags&post=11644"}],"curies":[{"name":"wp","href":"https:\/\/api.w.org\/{rel}","templated":true}]}}