{"id":11646,"date":"2020-02-05T16:27:04","date_gmt":"2020-02-05T14:27:04","guid":{"rendered":"http:\/\/www.nollendorfblog.de\/?p=11646"},"modified":"2020-02-12T14:20:33","modified_gmt":"2020-02-12T12:20:33","slug":"queere-zdf-fernsehraetin-renner-zur-ministerpraesidenten-wahl-in-thueringen-es-macht-mich-wuetend","status":"publish","type":"post","link":"https:\/\/www.nollendorfblog.de\/?p=11646","title":{"rendered":"Queere ZDF-Fernsehr\u00e4tin* Renner aus Th\u00fcringen zur Ministerpr\u00e4sidenten-Wahl in Erfurt: Es macht mich w\u00fctend!"},"content":{"rendered":"<div class=\"_3_bl\">\n<div class=\"_5w1r _3_om _5wdf\">\n<div class=\"_4gx_\">\n<div class=\"_1aa6\">\n<div>\n<p><em>Ausgerechnet in Th\u00fcringen, dessen AfD-Chef man einen Faschisten nennen darf,\u00a0 haben heute CDU und AfD zusammen einen FDP-Politiker zum Ministerpr\u00e4sidenten gew\u00e4hlt. Eine politische Sensation, wom\u00f6glich ein Dammbruch mit unvorhersehbaren Folgen. Luca Renner ist f\u00fcr den LSVD das einzige offen queere Mitglied im ZDF-Fernsehrat und somit eine der wichtigsten Community-Vertreter*innen in den deutschen Medien. Entsendet wurde sie durch das Land Th\u00fcringen. Im Nollendorfblog-Interview \u00e4u\u00dfert sie sich \u00fcber die m\u00f6glichen Folgen der Ministerpr\u00e4sidenten-Wahl aus queerer Sicht:<\/em><\/p>\n<p><strong>Wie ist die Situation von LGBTIQ in Th\u00fcringen?<\/strong><\/p>\n<p>Die politische Situation hat sich durch die letzte Landesregierung f\u00fcr LGBTTIQ stark verbessert. Es wurde ein Landesprogramm f\u00fcr Akzeptanz in Zusammenarbeit mit den Verb\u00e4nden erarbeitet und ins Leben gerufen. Fakt ist aber auch, dass aufgrund des erstarkenden Rechtsextremismus, begleitet durch Rechtsextremisten im Parlament, ein sehr unsicheres Klima f\u00fcr LGBTTIQ herrscht. Homo- und Transphobie sind gerade im l\u00e4ndlichen Raum an der Tagesordnung. Wer offen geoutet leben m\u00f6chte, wird kritisch angeschaut, beschimpft oder gar geschlagen. Eine wirkliche Akzeptanz gibt es selten. Wer kann, zieht weg. Die Wenigen, die vor Ort sind, k\u00e4mpfen gegen Windm\u00fchlen.<\/p>\n<figure id=\"attachment_11658\" aria-describedby=\"caption-attachment-11658\" style=\"width: 158px\" class=\"wp-caption alignleft\"><img loading=\"lazy\" decoding=\"async\" class=\"wp-image-11658 size-medium\" src=\"https:\/\/www.nollendorfblog.de\/wp-content\/uploads\/2020\/02\/Luca-Renner-168x300.jpg\" alt=\"\" width=\"168\" height=\"300\" srcset=\"https:\/\/www.nollendorfblog.de\/wp-content\/uploads\/2020\/02\/Luca-Renner-168x300.jpg 168w, https:\/\/www.nollendorfblog.de\/wp-content\/uploads\/2020\/02\/Luca-Renner.jpg 404w\" sizes=\"auto, (max-width: 168px) 100vw, 168px\" \/><figcaption id=\"caption-attachment-11658\" class=\"wp-caption-text\">ZDF-Fernsehr\u00e4tin* Luca Renner<\/figcaption><\/figure>\n<p>Wie sich die Lage f\u00fcr LGBTTIQ* in Th\u00fcringen weiter entwickelt, bleibt abzuwarten. Mit Blick auf die Wahlpr\u00fcfsteine und die Antworten der Parteien w\u00e4re eine weitere gute Entwicklung f\u00fcr LGBTTIQ* unter Rot-Rot.Gr\u00fcn mit Sicherheit einfacher gewesen. Und spannend auch; trotz dessen, dass die FDP sich klar von einer Zusammenarbeit mit homo- und transphoben Parteien distanziert hat, hat sich Herr Kemmerich von der AFD nun mit w\u00e4hlen lassen. UNd die CDU hat mitgemacht. Das ist ein politischer Dammbruch und unverantwortlich.<\/p>\n<p><strong>Was bef\u00fcrchtest f\u00fcr die Community durch diese Wahl?<\/strong><\/p>\n<p>Wie sich die Lage f\u00fcr LGBTTIQ* in Th\u00fcringen weiter entwickelt, bleibt abzuwarten. Mit Blick auf die Wahlpr\u00fcfsteine und die Antworten der Parteien, w\u00e4re eine weitere gute Entwicklung f\u00fcr LGBTTIQ* unter Rot Rot Gr\u00fcn mit Sicherheit einfacher gewesen. Und spannend auch; trotz dessen, dass die FDP sich klar von einer Zusammenarbeit mit homo- und transphoben Parteien distanziert hat, hat sich Herr Kemmerich von der AFD nun mit w\u00e4hlen lassen. Und die CDU hat mitgemacht. Das ist ein politischer Dammbruch und unverantwortlich.<\/p>\n<p>Ob und wie das Landesprogramm f\u00fcr Akzeptanz und Vielfalt weiterentwickelt und weiter finanziert wird, bleibt abzuwarten. Ich bef\u00fcrchte aber mindestens einen Stillstand.<\/p>\n<p><strong>Macht Dir die Entwicklung keine Angst?<\/strong><\/p>\n<p>Ich habe keine Angst vor den Rechten! Es macht mich w\u00fctend miterleben zu m\u00fcssen, wie demokratische Parteien die Zusammenarbeit mit den Rechtsextremisten in Kauf nehmen, um an die Macht zu kommen. <span class=\"_5yl5\">Denn das ist das Gift jeder Demokratie und ein klares T\u00fcr\u00f6ffnen f\u00fcr homo- und transphobe Akteure. <\/span><span class=\"_5yl5\">Wer mit Rechtsextremen paktiert, opfert daf\u00fcr auch Minderheitenrechte, ja eigentlich langfristig Menschenrechte<\/span><\/p>\n<p><strong>\u00a0Was bedeutet die neue Situation f\u00fcr Deine Funktion im Fernsehrat?<\/strong><\/p>\n<p>Auf mein Fernsehratsmandat hat die Wahl der neuen Landesregierung bis zum Ende des Mandates nun keine Auswirkungen, da der Landtag 2016 den LSVD als Vertretung gew\u00e4hlt hat und der LSVD mich benannt hat. Die neue Landesregierung kann mich also folglich nicht absetzen. Auch das Thema LGBTTIQ* ist weiterhin f\u00fcr das Land Th\u00fcringen im Staatsvertrag verankert und wir werden uns als LSVD Th\u00fcringen auch wieder f\u00fcr dieses Mandat beim Landtag bewerben.<\/p>\n<p><strong>Wie sollte sich die Community zu FDP und CDU in Land und Bund verhalten?<\/strong><\/p>\n<p>Im Land muss grunds\u00e4tzlich stark kritisiert werden, dass ein neuer Ministerpr\u00e4sident sich mit den Stimmen der Rechtsextremen hat w\u00e4hlen lassen. Unabh\u00e4ngig davon muss nun mehr als deutlich gemacht werden, dass jetzt erst Recht ein Auge darauf geworfen wird, wie die neue Landesregierung mit Minderheitenrechten umgeht und auch den in der Th\u00fcringer Verfassung verankerten Schutz von LSBTTIQ* gew\u00e4hrleistet.<\/p>\n<p>Was das Verhalten im Bund angeht, ist klar: Es braucht nun noch dringender einen Aktionsplan auf Bundesebene gegen Homo- und Transphobie. Dieser muss nun mit noch gr\u00f6\u00dferer Vehemenz eingefordert werden. Ich setze da ganz stark auf die Unterst\u00fctzung von LINKEn, Gr\u00fcnen und SPD. Wenn der Druck in den Parlamenten nicht ausreicht, m\u00fcssen wir Druck \u00fcber die Stra\u00dfe machen. Und dies nicht mehr mit Sonntagsreden, sondern mit strategisch durchdachtem Aktionismus<\/p>\n<hr class=\"wp-block-separator\" \/>\n<p><em><strong>Vielen Dank an alle, die dieses Blog mit ihren Beitr\u00e4gen erm\u00f6glichen! <\/strong>Als unabh\u00e4ngiges und werbefreies Blog brauchen wir Deine Hilfe. Hier kannst Du uns auf\u00a0<strong><a href=\"https:\/\/www.paypal.com\/donate\/?token=Sx7UO35_SDcAJtU34UUHgtD5jyv1zex9ZEMhfnkmUSKCOtBwgAd3VhsSD8v7GsW2W2ygw0&amp;country.x=DE&amp;locale.x=de_DE\">Paypa<\/a>l<\/strong>\u00a0unterst\u00fctzen. Oder hier ein\u00a0<strong>freiwilliges Unterst\u00fctzerabo<\/strong>\u00a0abschlie\u00dfen:<\/em><\/p>\n<hr class=\"wp-block-separator\" \/>\n<figure class=\"wp-block-image\"><a href=\"https:\/\/steadyhq.com\/de\/nollendorfblog\"><img loading=\"lazy\" decoding=\"async\" width=\"442\" height=\"82\" class=\"wp-image-8740\" src=\"https:\/\/www.nollendorfblog.de\/wp-content\/uploads\/2018\/02\/Steady-nollendorfblog-klein.png\" sizes=\"auto, (max-width: 442px) 100vw, 442px\" srcset=\"https:\/\/www.nollendorfblog.de\/wp-content\/uploads\/2018\/02\/Steady-nollendorfblog-klein.png 442w, https:\/\/www.nollendorfblog.de\/wp-content\/uploads\/2018\/02\/Steady-nollendorfblog-klein-300x56.png 300w\" alt=\"\" \/><\/a><\/figure>\n<p><em>Mehr dazu:\u00a0<\/em><em><a href=\"https:\/\/www.nollendorfblog.de\/?p=8291\">Das Nollendorfblog braucht Deine Unterst\u00fctzung<\/a><\/em><\/p>\n<hr class=\"wp-block-separator\" \/>\n<\/div>\n<\/div>\n<\/div>\n<\/div>\n<\/div>\n<div class=\"_4tdt _ua1\">\n<div class=\"_31o4\">\n<div class=\"_6--1\" aria-hidden=\"true\">\n<div class=\"_1gyw _55lt\">\n<div class=\"_4tdt _ua1\">\n<div class=\"_31o4\">\n<div class=\"_6--1\" aria-hidden=\"true\">\n<div class=\"_1gyx\">\n<div class=\"_5wd4 _1nc7\">\n<div class=\"_40qi\"><\/div>\n<\/div>\n<div class=\"_5wd4 _1nc7\">\n<div class=\"._1dlq _h8t\">\n<div class=\"_5wd9 direction_ltr clearfix\">\n<div class=\"_1e-x _n4o\">\n<div class=\"_3_bl\">\n<div class=\"_3_bp\"><\/div>\n<div class=\"_5w1r _3_om _5wdf\">\n<div class=\"_4gx_\">\n<div class=\"_1aa6\"><\/div>\n<\/div>\n<\/div>\n<\/div>\n<\/div>\n<\/div>\n<\/div>\n<\/div>\n<\/div>\n<\/div>\n<\/div>\n<\/div>\n<\/div>\n<\/div>\n<\/div>\n<div class=\"_ua2\">\n<div class=\"_4tdv\">\n<div class=\"_5wd4 _1nc7\">\n<div class=\"._1dlq _h8t\">\n<div class=\"_5wd9 direction_ltr clearfix\">\n<div class=\"_1e-x _n4o\">\n<div class=\"_3_bl\">\n<div class=\"_5w1r _3_om _5wdf\">\n<div class=\"_4gx_\">\n<div class=\"_1aa6\">\n<div class=\"\"><\/div>\n<\/div>\n<\/div>\n<\/div>\n<\/div>\n<\/div>\n<\/div>\n<\/div>\n<\/div>\n<\/div>\n<\/div>\n<\/div>\n","protected":false},"excerpt":{"rendered":"<p>Was bedeutet die Ministerpr\u00e4sidentenwahl in Th\u00fcringen durch AfD und CDU f\u00fcr die queere Community? Die Th\u00fcringer ZDF-Fernsehr\u00e4tin Luca Renner* im Interview.<\/p>\n","protected":false},"author":1,"featured_media":11650,"comment_status":"closed","ping_status":"closed","sticky":false,"template":"","format":"standard","meta":{"footnotes":""},"categories":[188,1,167],"tags":[99,87,189],"class_list":["post-11646","post","type-post","status-publish","format-standard","has-post-thumbnail","hentry","category-188","category-politik","category-tv","tag-afd","tag-cdu-csu","tag-fdp"],"_links":{"self":[{"href":"https:\/\/www.nollendorfblog.de\/index.php?rest_route=\/wp\/v2\/posts\/11646","targetHints":{"allow":["GET"]}}],"collection":[{"href":"https:\/\/www.nollendorfblog.de\/index.php?rest_route=\/wp\/v2\/posts"}],"about":[{"href":"https:\/\/www.nollendorfblog.de\/index.php?rest_route=\/wp\/v2\/types\/post"}],"author":[{"embeddable":true,"href":"https:\/\/www.nollendorfblog.de\/index.php?rest_route=\/wp\/v2\/users\/1"}],"replies":[{"embeddable":true,"href":"https:\/\/www.nollendorfblog.de\/index.php?rest_route=%2Fwp%2Fv2%2Fcomments&post=11646"}],"version-history":[{"count":11,"href":"https:\/\/www.nollendorfblog.de\/index.php?rest_route=\/wp\/v2\/posts\/11646\/revisions"}],"predecessor-version":[{"id":11662,"href":"https:\/\/www.nollendorfblog.de\/index.php?rest_route=\/wp\/v2\/posts\/11646\/revisions\/11662"}],"wp:featuredmedia":[{"embeddable":true,"href":"https:\/\/www.nollendorfblog.de\/index.php?rest_route=\/wp\/v2\/media\/11650"}],"wp:attachment":[{"href":"https:\/\/www.nollendorfblog.de\/index.php?rest_route=%2Fwp%2Fv2%2Fmedia&parent=11646"}],"wp:term":[{"taxonomy":"category","embeddable":true,"href":"https:\/\/www.nollendorfblog.de\/index.php?rest_route=%2Fwp%2Fv2%2Fcategories&post=11646"},{"taxonomy":"post_tag","embeddable":true,"href":"https:\/\/www.nollendorfblog.de\/index.php?rest_route=%2Fwp%2Fv2%2Ftags&post=11646"}],"curies":[{"name":"wp","href":"https:\/\/api.w.org\/{rel}","templated":true}]}}