{"id":11692,"date":"2020-02-11T13:59:17","date_gmt":"2020-02-11T11:59:17","guid":{"rendered":"http:\/\/www.nollendorfblog.de\/?p=11692"},"modified":"2020-02-12T14:20:15","modified_gmt":"2020-02-12T12:20:15","slug":"welt-chefredakteur-poschardt-zu-akk-ruecktritt-karnevalswitz-zeugte-von-anstand-und-wertekanon","status":"publish","type":"post","link":"https:\/\/www.nollendorfblog.de\/?p=11692","title":{"rendered":"WELT-Chefredakteur Poschardt zu AKK-R\u00fccktritt: Karnevalswitz zeugte von Anstand und Wertekanon"},"content":{"rendered":"<p>Der SPD-Politiker Thomas Oppermann hat Annegret Kramp Karrenbauer gestern in der ARD Talkshow &#8222;Hart aber Fair&#8220;\u00a0 bescheinigt, eine &#8222;anst\u00e4ndige&#8220; Politikerin zu sein. Ein sehr beachtliches Urteil f\u00fcr einen Sozialdemokraten angesichts der Tatsache, dass sich AKK vor allem dadurch profiliert hatte, gegen Minderheiten zu treten. \u00dcberhaupt ist es merkw\u00fcrdig, wie sehr in den Reaktionen zum angek\u00fcndigten R\u00fccktritt der CDU-Parteivorsitzenden, deren angeblich wackerer Einsatz gegen die AfD gelobt wird, wo sie doch gleichzeitig mit aller Kraft versuchte, Diskriminierung und Ver\u00e4chtlichmachung von Minderheiten \u00e0 la AfD als Teil der b\u00fcrgerlichen Agenda zu bewahren.<\/p>\n<p>Ist AfD-Agenda nur dann zu verdammen, wenn sie auch von der AfD betrieben wird? Und prima, wenn sie von der CDU oder anderen kommt, weil man somit (angeblich) ja die AfD\u00a0 kleinhalten kann? Wird der angebliche gemeinsame Kampf der Demokraten gegen die AfD nicht dann zum inhaltsleeren Selbstzweck, wenn dieser von Leuten gef\u00fchrt wird, die die Rhetorik und die politische Logik der Neu-Rechten \u00fcbernehmen und ihnen somit recht geben? Wenn Menschenrechte zu &#8222;Zeitgeist&#8220; erkl\u00e4rt werden und die Anstrengungen gegen Diffamierungen zum elit\u00e4ren Hauptstadtblasenproblem? Wenn denen Mut attestiert wird, die sich trauen, Minderheiten zu diskriminieren, statt denen, die sich dagegen wehren? Ja, wo die Abwertung anderer und die Unbeirrtheit an dieser festzuhalten, als &#8222;Anstand und Integrit\u00e4t&#8220; und Ausdruck eines &#8222;soliden Wertekanons&#8220; erkl\u00e4rt wird.<\/p>\n<p>Ja, genau das passiert gerade und nat\u00fcrlich passiert es am perfidesten wieder bei Springer. WELT-Chefredakteur Ulf Poschardt schreibt in seinem <a href=\"https:\/\/donotlink.it\/qEw4L\">Kommentar<\/a> zum AKK-R\u00fccktritt (&#8222;<span class=\"rf-o-topic c-topic\" data-qa=\"Topic\">CDU und AKK-R\u00fcckzug \/ <\/span>Die Partei des schamlosen Zeitgeist-Surfens&#8220;):<\/p>\n<blockquote><p><em>Annegret Kramp Karrenbauer hat dieses Ende nicht verdient. Sie will sicher kein Mitleid, aber sie stand f\u00fcr Anstand und Integrit\u00e4t und einen soliden Wertekanon, der nie opportunistisch war. Sie repr\u00e4sentierte eine aufgekl\u00e4rte Provinzialit\u00e4t, mit der die Union von Staatsm\u00e4nnern wie Konrad Adenauer und Helmut Kohl gut gefahren ist. Ihr Dialekt, ihr Look aus P\u00fcttlingen wird von der opportunistischen Hauptstadtblase bel\u00e4chelt, ihr Auftritt als Putzfrau Gretel wurde geradezu verteufelt, weil er weniger politisch korrekt war als ein Tagesthemen-Kommentar. Es war ihr angenehm egal. Sie hatte einen unbeugsamen Mut. Jetzt muss sie aufgeben. Ihr Poker ist nicht gegl\u00fcckt. Und mit ihrem Abgang wackelt die ganze Partei, deren Umfragen miserabel sind.<\/em><\/p><\/blockquote>\n<p>Solange es &#8222;Konservativen&#8220; bei CDU, Springer und anderswo nicht gelingt, konservative &#8222;Werte&#8220;\u00a0 ohne die Forderung zum Arschlochtum\u00a0 zu definieren, sind sie nicht Teil der \u00dcberwindung der AfD-Bedrohung. Sondern Teil der Bedrohung.<\/p>\n<p><em>&#8212;<\/em><\/p>\n<p><em>Hintergrund: <\/em><\/p>\n<p><em>Die Geschichte des &#8222;Karnevalswitzes&#8220; in meiner <a href=\"https:\/\/bildblog.de\/107848\/das-versagen-der-medien-bei-akks-spott-ueber-intersexuelle-menschen\/\">BILDblog-Kolumne<\/a><\/em><\/p>\n<p><em>&#8212;<\/em><\/p>\n<p>Danke f\u00fcr Silvio Duwe f\u00fcr den<a href=\"https:\/\/twitter.com\/sduwe\/status\/1227142105199521792\"> Hinweis<\/a><\/p>\n<p>&#8212;<\/p>\n<div id=\"main\">\n<section id=\"primary\" class=\"site-content\">\n<div id=\"content\" role=\"main\">\n<article id=\"post-9320\" class=\"post-9320 post type-post status-publish format-standard has-post-thumbnail hentry category-164 category-das-wichigste-aus-zehn-jahren category-meistgelesen category-politik tag-annegret-kramp-karrenbauer tag-cdu-csu\">\n<header class=\"entry-header\"><em>Das Wichtigste zu AKK hier im Blog:<\/em><\/p>\n<div id=\"main\" dir=\"ltr\">\n<div id=\"content\" dir=\"ltr\">\n<p><em><a href=\"https:\/\/www.nollendorfblog.de\/?p=10358\">Alternative Fakten und Verschw\u00f6rungsfimmel: Die Geburt der Annegret Trump-Karrenbauer<\/a><\/em><\/p>\n<\/div>\n<\/div>\n<p><em><a href=\"https:\/\/www.nollendorfblog.de\/?p=9320\">Das politische Kalk\u00fcl der Annegret Kramp-Karrenbauer verdient unsere tiefe Verachtung<\/a><\/em><\/p>\n<p><em><a href=\"https:\/\/www.nollendorfblog.de\/?p=7895\">Ehe f\u00fcr alle: Der v\u00f6lkische Wahn der Annegret Kramp-Karrenbauer<\/a><\/em><\/p>\n<p><strong>Danke! Das Nollendorfblog ist unabh\u00e4ngig und werbefrei und lebt von der freiwilligen Unterst\u00fctzung seiner Leserinnen und Leser.<\/strong><\/p>\n<p><a href=\"https:\/\/steadyhq.com\/de\/nollendorfblog\"><img loading=\"lazy\" decoding=\"async\" class=\"alignleft size-full wp-image-8351\" src=\"https:\/\/www.nollendorfblog.de\/wp-content\/uploads\/2017\/11\/steady_button.png\" sizes=\"auto, (max-width: 850px) 100vw, 850px\" srcset=\"https:\/\/www.nollendorfblog.de\/wp-content\/uploads\/2017\/11\/steady_button.png 850w, https:\/\/www.nollendorfblog.de\/wp-content\/uploads\/2017\/11\/steady_button-300x53.png 300w, https:\/\/www.nollendorfblog.de\/wp-content\/uploads\/2017\/11\/steady_button-768x136.png 768w\" alt=\"\" width=\"850\" height=\"150\" \/><\/a><\/p>\n<p><em>Mehr dazu:\u00a0<\/em><em><a href=\"https:\/\/www.nollendorfblog.de\/?p=8291\">Das Nollendorfblog braucht Deine Unterst\u00fctzung<\/a><\/em><\/p>\n<\/header>\n<\/article>\n<\/div>\n<\/section>\n<\/div>\n","protected":false},"excerpt":{"rendered":"<p>&#8222;Sie hatte einen unbeugsamen Mut.&#8220;<\/p>\n","protected":false},"author":1,"featured_media":11698,"comment_status":"closed","ping_status":"closed","sticky":false,"template":"","format":"standard","meta":{"footnotes":""},"categories":[188,74,1,166],"tags":[99,114,87,23,35],"class_list":["post-11692","post","type-post","status-publish","format-standard","has-post-thumbnail","hentry","category-188","category-medien","category-politik","category-print","tag-afd","tag-annegret-kramp-karrenbauer","tag-cdu-csu","tag-ulf-poschardt","tag-welt"],"_links":{"self":[{"href":"https:\/\/www.nollendorfblog.de\/index.php?rest_route=\/wp\/v2\/posts\/11692","targetHints":{"allow":["GET"]}}],"collection":[{"href":"https:\/\/www.nollendorfblog.de\/index.php?rest_route=\/wp\/v2\/posts"}],"about":[{"href":"https:\/\/www.nollendorfblog.de\/index.php?rest_route=\/wp\/v2\/types\/post"}],"author":[{"embeddable":true,"href":"https:\/\/www.nollendorfblog.de\/index.php?rest_route=\/wp\/v2\/users\/1"}],"replies":[{"embeddable":true,"href":"https:\/\/www.nollendorfblog.de\/index.php?rest_route=%2Fwp%2Fv2%2Fcomments&post=11692"}],"version-history":[{"count":12,"href":"https:\/\/www.nollendorfblog.de\/index.php?rest_route=\/wp\/v2\/posts\/11692\/revisions"}],"predecessor-version":[{"id":11705,"href":"https:\/\/www.nollendorfblog.de\/index.php?rest_route=\/wp\/v2\/posts\/11692\/revisions\/11705"}],"wp:featuredmedia":[{"embeddable":true,"href":"https:\/\/www.nollendorfblog.de\/index.php?rest_route=\/wp\/v2\/media\/11698"}],"wp:attachment":[{"href":"https:\/\/www.nollendorfblog.de\/index.php?rest_route=%2Fwp%2Fv2%2Fmedia&parent=11692"}],"wp:term":[{"taxonomy":"category","embeddable":true,"href":"https:\/\/www.nollendorfblog.de\/index.php?rest_route=%2Fwp%2Fv2%2Fcategories&post=11692"},{"taxonomy":"post_tag","embeddable":true,"href":"https:\/\/www.nollendorfblog.de\/index.php?rest_route=%2Fwp%2Fv2%2Ftags&post=11692"}],"curies":[{"name":"wp","href":"https:\/\/api.w.org\/{rel}","templated":true}]}}