{"id":11980,"date":"2020-07-19T17:19:49","date_gmt":"2020-07-19T15:19:49","guid":{"rendered":"http:\/\/www.nollendorfblog.de\/?p=11980"},"modified":"2020-07-21T16:03:57","modified_gmt":"2020-07-21T14:03:57","slug":"rassismusvorwuerfe-geplante-berliner-csd-kuenstlerin-will-nollendorfblog-verklagen","status":"publish","type":"post","link":"https:\/\/www.nollendorfblog.de\/?p=11980","title":{"rendered":"Geplante Berliner CSD-K\u00fcnstlerin will Nollendorfblog verklagen und bel\u00fcgt Fans"},"content":{"rendered":"<p>Durch das Vorhaben des Berliner CSD, die sexistische und rassistische Provokateurin Nina Queer zum Teil des B\u00fchnenprogramms des digitalen CSD-Programms zu machen, muss sich die Berliner Community wieder mit deren wirren Rundumschl\u00e4gen besch\u00e4ftigen. Egal, ob der CSD Nina Queer nun tats\u00e4chlich auftreten l\u00e4sst oder nicht: Durch die Einladung zur Teilnahme und das Schweigen zu den rassistischen und sexistischen Ausf\u00e4llen, hat der Verein der Populistin schon jetzt eine Plattform geschaffen, auf der diese gro\u00dfes postfaktisches Drama auff\u00fchrt: Nina Queer nutzt wie erwartet<a href=\"https:\/\/www.nollendorfblog.de\/?p=11953\"> (und gestern im Blog bereits vorausgesagt)<\/a> die Kritik an ihren rassistischen und sexistischen \u00c4u\u00dferungen dazu, sich wiedereinmal als ein Opfer darzustellen und sogar so zu tun, als h\u00e4tte sie sich gar nicht so ge\u00e4u\u00dfert.<\/p>\n<p>In einem Facebook-Post *, der ganz offensichtlich auf meinen Blogbeitrag von gestern Bezug nimmt, behauptet sie in gr\u00f6\u00dftm\u00f6glicher Entr\u00fcstung:<\/p>\n<p><img loading=\"lazy\" decoding=\"async\" class=\"aligncenter wp-image-11981 size-medium\" src=\"https:\/\/www.nollendorfblog.de\/wp-content\/uploads\/2020\/07\/Screenshot_20200719_163521_com.facebook.katana-200x300.jpg\" alt=\"\" width=\"200\" height=\"300\" srcset=\"https:\/\/www.nollendorfblog.de\/wp-content\/uploads\/2020\/07\/Screenshot_20200719_163521_com.facebook.katana-200x300.jpg 200w, https:\/\/www.nollendorfblog.de\/wp-content\/uploads\/2020\/07\/Screenshot_20200719_163521_com.facebook.katana-681x1024.jpg 681w, https:\/\/www.nollendorfblog.de\/wp-content\/uploads\/2020\/07\/Screenshot_20200719_163521_com.facebook.katana-768x1155.jpg 768w, https:\/\/www.nollendorfblog.de\/wp-content\/uploads\/2020\/07\/Screenshot_20200719_163521_com.facebook.katana.jpg 1003w\" sizes=\"auto, (max-width: 200px) 100vw, 200px\" \/><\/p>\n<div>\n<div class=\"\" dir=\"auto\">\n<div id=\"jsc_c_1o0\" class=\"ecm0bbzt hv4rvrfc e5nlhep0 dati1w0a\" data-ad-comet-preview=\"message\" data-ad-preview=\"message\">\n<div class=\"j83agx80 cbu4d94t ew0dbk1b irj2b8pg\">\n<div class=\"qzhwtbm6 knvmm38d\">\n<div class=\"kvgmc6g5 cxmmr5t8 oygrvhab hcukyx3x c1et5uql ii04i59q\">\n<blockquote>\n<div dir=\"auto\">ACHTUNG FAKE!<\/div>\n<\/blockquote>\n<\/div>\n<blockquote>\n<div class=\"o9v6fnle cxmmr5t8 oygrvhab hcukyx3x c1et5uql ii04i59q\">\n<div dir=\"auto\">Liebe Freunde, liebe G\u00e4ste, liebe Fans.<\/div>\n<div dir=\"auto\">Zur Zeit geistert das Foto, eines Postings von mir, im Internet herum, welches ich NIEMALS so geschrieben habe. Es wurde nachtr\u00e4glich manipuliert und ist eine F\u00e4lschung. Meine Anw\u00e4lte sind bereits eingeschaltet und werden jeden zur Anzeige und Rechenschaft bringen, der solchen Dreck \u00fcber mich verbreitet.<\/div>\n<\/div>\n<div class=\"o9v6fnle cxmmr5t8 oygrvhab hcukyx3x c1et5uql ii04i59q\">\n<div dir=\"auto\">Obwohl ich niemals rechtlich gegen die eigene Community vorgehen wollte, bleibt mir diesmal keine Wahl.<\/div>\n<\/div>\n<\/blockquote>\n<div class=\"o9v6fnle cxmmr5t8 oygrvhab hcukyx3x c1et5uql ii04i59q\">\n<blockquote>\n<div dir=\"auto\">Euch allen einen sch\u00f6nen Sonntag, Eure Nina <span class=\"q9uorilb tbxw36s4 knj5qynh kvgmc6g5 ditlmg2l oygrvhab nvdbi5me fgm26odu gl3lb2sf hhz5lgdu\"><img loading=\"lazy\" decoding=\"async\" src=\"https:\/\/static.xx.fbcdn.net\/images\/emoji.php\/v9\/t6c\/1\/16\/2764.png\" alt=\"\u2764\" width=\"16\" height=\"16\" \/><\/span><\/div>\n<div dir=\"auto\"><\/div>\n<\/blockquote>\n<div dir=\"auto\">Sch\u00f6n, dass Nina Queer zugibt, dass ihr Posting &#8222;Dreck&#8220; ist. Dumm nur, dass sie behauptet, diesen Dreck selbst nicht verbreitet zu haben, denn das Foto mit der von mir gestern ver\u00f6ffentlichten rassistischen \u00c4u\u00dferung ist bis heute noch f\u00fcr <a href=\"https:\/\/www.facebook.com\/NinaQueer\/photos\/a.188580267348\/10151456582372349\/?type=3\">jedermann einsehbar online.*<\/a><\/div>\n<div dir=\"auto\"><\/div>\n<div dir=\"auto\">Auch scheint es ihr nichts auszumachen, dass sie ganz offenkundig ihre eigenen Fans bel\u00fcgt. Diese schreiben mittlerweile\u00a0 u.a.:<\/div>\n<blockquote>\n<div dir=\"auto\"><span class=\"oi732d6d ik7dh3pa d2edcug0 qv66sw1b c1et5uql a8c37x1j muag1w35 ew0dbk1b jq4qci2q a3bd9o3v knj5qynh oo9gr5id\" dir=\"auto\">Also ich hab das damals auf deinem Profil gesehen&#8230; und du hast es verteidigt. <\/span><\/div>\n<\/blockquote>\n<div dir=\"auto\">oder<\/div>\n<div dir=\"auto\">\n<div class=\"ecm0bbzt e5nlhep0 a8c37x1j\">\n<div class=\"kvgmc6g5 cxmmr5t8 oygrvhab hcukyx3x c1et5uql\">\n<blockquote>\n<div dir=\"auto\">Fake?!<\/div>\n<div dir=\"auto\">Das hier ist doch dein eigenes Profil und den Post habe ich bei dir eben gerade noch gefunden, 1zu1 steht dort alles genau so noch da!<\/div>\n<\/blockquote>\n<\/div>\n<blockquote>\n<div class=\"o9v6fnle cxmmr5t8 oygrvhab hcukyx3x c1et5uql\">\n<div dir=\"auto\">Kein Fake!<\/div>\n<\/div>\n<\/blockquote>\n<div class=\"o9v6fnle cxmmr5t8 oygrvhab hcukyx3x c1et5uql\">\n<blockquote>\n<div dir=\"auto\">\u00dcberpr\u00fcfe mal deine Postings!<\/div>\n<div dir=\"auto\">Vielleicht sollten deine Anw\u00e4lte sich lieber zuerst um dich k\u00fcmmern.<\/div>\n<\/blockquote>\n<div dir=\"auto\">Der Berliner CSD scheint, zumindest bis heute, mit all dem kein Problem zu haben.<\/div>\n<div dir=\"auto\">&#8212;<\/div>\n<div dir=\"auto\">* Update:\u00a0 Soeben hat Nina Queer sowohl den Post gel\u00f6scht, mit dem sie mir mit Klage droht als auch den rassischen Post von 2013, den sie bestritt, verfasst zu haben.<\/div>\n<div dir=\"auto\">&#8212;<\/div>\n<\/div>\n<\/div>\n<\/div>\n<div dir=\"auto\">Nachtrag, 19. Juni 2020, 19.55 Uhr: Wie ich gerade erst sehe, hat Nina Queer ihre Teilnahme am Online-CSD bereits am 17. Mai gegen\u00fcber dem <a href=\"https:\/\/www.rbb24.de\/panorama\/thema\/2020\/coronavirus\/beitraege_neu\/2020\/05\/berlin-interview-nina-queer-corona.html\">rbb best\u00e4tigt<\/a>, diese steht also offensichtlich schon seit mindestens zwei Monaten fest:<\/div>\n<blockquote>\n<div dir=\"auto\">&#8222;Ich moderiere beim &#8218;Online-CSD&#8216; und mache Interviews. Es macht immer Sinn, f\u00fcr Schwulen- und Trans*rechte zu k\u00e4mpfen. Gerade in Zeiten von Corona, in denen rechte und religi\u00f6se Gruppen, Homosexuelle als Schuldige f\u00fcr die Epidemie hinstellen wollen und furchtbare L\u00fcgen \u00fcber uns verbreiten.&#8220;<\/div>\n<\/blockquote>\n<div dir=\"auto\">Um so merkw\u00fcrdiger, dass sich der Berliner CSD-Vorstand zu dieser Personalie angesichts der Vorw\u00fcrfe nicht \u00e4u\u00dfert.<\/div>\n<\/div>\n<div dir=\"auto\">&#8212;<\/div>\n<div dir=\"auto\">Update hier im Blog, 21. Juli 2020: Mittlerweile gibt es \u00c4u\u00dferungen aus dem CSD-Vorstand:<\/p>\n<p class=\"entry-title\"><strong><a title=\"Permanentlink zu Berliner CSD-Vorst\u00e4nde relativieren Rassismus\" href=\"https:\/\/www.nollendorfblog.de\/?p=12003\" rel=\"bookmark\">Berliner CSD-Vorst\u00e4nde relativieren Rassismus<\/a><\/strong><\/p>\n<\/div>\n<\/div>\n<\/div>\n<div class=\"j83agx80 cbu4d94t ew0dbk1b irj2b8pg\">\n<div class=\"qzhwtbm6 knvmm38d\">\n<div class=\"o9v6fnle cxmmr5t8 oygrvhab hcukyx3x c1et5uql ii04i59q\">\n<div dir=\"auto\">\n<div class=\"ecm0bbzt e5nlhep0 a8c37x1j\">\n<div class=\"o9v6fnle cxmmr5t8 oygrvhab hcukyx3x c1et5uql\">\n<div dir=\"auto\">\n<hr class=\"wp-block-separator\" \/>\n<p><em><strong>Mehr zum Thema in diesem Blog:<br \/>\n<\/strong><\/em><\/p>\n<p><em><a href=\"https:\/\/www.nollendorfblog.de\/?p=6993\">Rassismus: Warum Nina Queer nicht Borat ist<\/a><\/em><\/p>\n<hr class=\"wp-block-separator\" \/>\n<p><em><strong>Vielen Dank an alle, die dieses Blog mit ihren Beitr\u00e4gen gerade in diesen schweren Zeiten erm\u00f6glichen! <\/strong>Als unabh\u00e4ngiges und werbefreies Blog brauchen wir Deine Hilfe. Hier kannst Du uns auf\u00a0<strong><a href=\"https:\/\/www.paypal.com\/donate\/?token=Sx7UO35_SDcAJtU34UUHgtD5jyv1zex9ZEMhfnkmUSKCOtBwgAd3VhsSD8v7GsW2W2ygw0&amp;country.x=DE&amp;locale.x=de_DE\">Paypa<\/a>l<\/strong>\u00a0unterst\u00fctzen. Oder hier ein\u00a0<strong>freiwilliges Unterst\u00fctzerabo<\/strong> abschlie\u00dfen:<\/em><\/p>\n<hr class=\"wp-block-separator\" \/>\n<figure class=\"wp-block-image\"><a href=\"https:\/\/steadyhq.com\/de\/nollendorfblog\"><img loading=\"lazy\" decoding=\"async\" class=\"alignleft size-full wp-image-8327\" src=\"https:\/\/www.nollendorfblog.de\/wp-content\/uploads\/2017\/11\/steady_button-linke.png\" sizes=\"auto, (max-width: 966px) 100vw, 966px\" srcset=\"https:\/\/www.nollendorfblog.de\/wp-content\/uploads\/2017\/11\/steady_button-linke.png 966w, https:\/\/www.nollendorfblog.de\/wp-content\/uploads\/2017\/11\/steady_button-linke-300x47.png 300w, https:\/\/www.nollendorfblog.de\/wp-content\/uploads\/2017\/11\/steady_button-linke-768x119.png 768w\" alt=\"\" width=\"966\" height=\"150\" \/><\/a><\/figure>\n<p><em>Mehr dazu:\u00a0<\/em><em><a href=\"https:\/\/www.nollendorfblog.de\/?p=8291\">Das Nollendorfblog braucht Deine Unterst\u00fctzung<\/a><\/em><\/p>\n<hr class=\"wp-block-separator\" \/>\n<p>&nbsp;<\/p>\n<\/div>\n<\/div>\n<\/div>\n<\/div>\n<\/div>\n<\/div>\n<\/div>\n<\/div>\n<\/div>\n<\/div>\n<p>&nbsp;<\/p>\n","protected":false},"excerpt":{"rendered":"<p>Sch\u00f6n, dass die Dragqueen zugibt, dass ihr Posting &#8222;Dreck&#8220; ist. Dumm nur, dass sie behauptet, ihn selbst nicht verbreitet zu haben, denn das Foto mit der von mir gestern ver\u00f6ffentlichten rassistischen \u00c4u\u00dferung ist bis heute noch f\u00fcr jedermann einsehbar online.<\/p>\n","protected":false},"author":1,"featured_media":11982,"comment_status":"closed","ping_status":"closed","sticky":false,"template":"","format":"standard","meta":{"footnotes":""},"categories":[188,55],"tags":[],"class_list":["post-11980","post","type-post","status-publish","format-standard","has-post-thumbnail","hentry","category-188","category-community"],"_links":{"self":[{"href":"https:\/\/www.nollendorfblog.de\/index.php?rest_route=\/wp\/v2\/posts\/11980","targetHints":{"allow":["GET"]}}],"collection":[{"href":"https:\/\/www.nollendorfblog.de\/index.php?rest_route=\/wp\/v2\/posts"}],"about":[{"href":"https:\/\/www.nollendorfblog.de\/index.php?rest_route=\/wp\/v2\/types\/post"}],"author":[{"embeddable":true,"href":"https:\/\/www.nollendorfblog.de\/index.php?rest_route=\/wp\/v2\/users\/1"}],"replies":[{"embeddable":true,"href":"https:\/\/www.nollendorfblog.de\/index.php?rest_route=%2Fwp%2Fv2%2Fcomments&post=11980"}],"version-history":[{"count":9,"href":"https:\/\/www.nollendorfblog.de\/index.php?rest_route=\/wp\/v2\/posts\/11980\/revisions"}],"predecessor-version":[{"id":12015,"href":"https:\/\/www.nollendorfblog.de\/index.php?rest_route=\/wp\/v2\/posts\/11980\/revisions\/12015"}],"wp:featuredmedia":[{"embeddable":true,"href":"https:\/\/www.nollendorfblog.de\/index.php?rest_route=\/wp\/v2\/media\/11982"}],"wp:attachment":[{"href":"https:\/\/www.nollendorfblog.de\/index.php?rest_route=%2Fwp%2Fv2%2Fmedia&parent=11980"}],"wp:term":[{"taxonomy":"category","embeddable":true,"href":"https:\/\/www.nollendorfblog.de\/index.php?rest_route=%2Fwp%2Fv2%2Fcategories&post=11980"},{"taxonomy":"post_tag","embeddable":true,"href":"https:\/\/www.nollendorfblog.de\/index.php?rest_route=%2Fwp%2Fv2%2Ftags&post=11980"}],"curies":[{"name":"wp","href":"https:\/\/api.w.org\/{rel}","templated":true}]}}