{"id":12003,"date":"2020-07-21T15:42:35","date_gmt":"2020-07-21T13:42:35","guid":{"rendered":"http:\/\/www.nollendorfblog.de\/?p=12003"},"modified":"2020-09-11T19:18:38","modified_gmt":"2020-09-11T17:18:38","slug":"berliner-csd-vorstaende-relativieren-rassismus","status":"publish","type":"post","link":"https:\/\/www.nollendorfblog.de\/?p=12003","title":{"rendered":"Berliner CSD-Vorst\u00e4nde relativieren Rassismus"},"content":{"rendered":"<p>Der Berliner CSD e.V. hat sich f\u00fcr den &#8222;digitalen&#8220; CSD eine Mammut-Aufgabe vorgenommen. \u00dcber 10 Stunden Live-Programm, 26 Gruppen sollen einzeln vorgestellt werden, sogar die &#8222;Soul of Stonewall&#8220;-Awards werden vergeben und zwei davon sogar trotz Corona pers\u00f6nlich. Ich habe das Konzept und vor allem die Kommunikation in den letzten Wochen oft kritisiert. Aber nat\u00fcrlich ist dem CSD e.V. zu w\u00fcnschen, dass das alles so klappt und ihm damit eine Aufmerksamkeit f\u00fcr die Anliegen der Community gelingt. Doch daran sind gro\u00dfe Zweifel angebracht, da der Vorstand &#8211; und insbesondere die Vorst\u00e4nde Ralph Ehrlich und Lutz Ermster -beim Thema Rassismus und Sexismus rumeiern und damit die Glaubw\u00fcrdigkeit der ganzen Veranstaltung massiv untergraben.<\/p>\n<p>Beide Vorst\u00e4nde haben sich im Rahmen einer Pressekonferenz f\u00fcr dem am Samstag geplanten digitalen CSD 2020 nicht von den sexistischen und rassistischen Aussagen von Nina Queer distanzieren wollen. Noch am Freitag war die f\u00fcr ihre rassistischen und sexistischen Provokationen bekannte Dragqueen als Moderatorin Teil des internen Ablaufplanes gewesen. Nina Queer selbst hatte dem <a href=\"https:\/\/www.rbb24.de\/panorama\/thema\/2020\/coronavirus\/beitraege_neu\/2020\/05\/berlin-interview-nina-queer-corona.html\">rbb schon im Mai mitgeteilt,<\/a> dass sie als Moderatorin und Interviewerin beim CSD dabei sei. Nachdem es in den letzten Tagen gro\u00dfen Unmut unter anderen teilnehmenden K\u00fcnster*innen wegen des Nina-Queer-Engagements gegeben hatte, hatte ich am Freitag beim CSD nachgefragt, ob ein Auftritt der Dragqueen noch geplant ist. Eine Antwort darauf, so wurde mir heute mitgeteilt, sei am Freitag aus zeitlichen Gr\u00fcnden nicht m\u00f6glich gewesen. Ganz glaubw\u00fcrdig klingt das nicht, offensichtlich wurde die Rolle von Nina Queer mittlerweile gestutzt, sie soll nun keine Moderatorin mehr sein, es soll nur auf eine Kooperationsparty geschaltet werden, die von Nina Queer organisiert und in ihrem Namen beworben wird. W\u00e4hrend der Pressekonferenz (und Nachfragen, die ich nach der Pressekonferenz aufgenommen habe) \u00fcbten sich die Vorst\u00e4nde Ralph Ehrlich und Lutz Ermster in unterschiedlichen Erkl\u00e4rungsversuchen hierzu. Zusammengenommen machen diese \u00fcberhaupt keinen Sinn:<\/p>\n<p>Denn einerseits behauten sie, ein Einsatz Nina Queers sein nie geplant gewesen.<\/p>\n<p>Und andererseits \u00e4u\u00dfern sie sich so, als ob ein Einsatz Nina Queers trotz der Sexismus- und Rassismusvorw\u00fcrfe unproblematisch w\u00e4re. Aber warum gibt es einen solchen Einsatz dann nicht, wo doch sogar Nina Queer selbst diesen verk\u00fcndet hatte? Wo doch das ganze mit Nina Queer angeblich nicht so schlimm ist?<\/p>\n<p>Auf meine Frage w\u00e4hrend der Pressekonferenz, wie man ausgerechnet in dem Jahr von Blacks Lives Matter auf die Idee kommen kann, eine Moderatorin zu verpflichten, deren Rassismus und Sexismus so ausreichend belegt ist, sagte der CSD-Vorstand als erstes:<\/p>\n<blockquote><p>&#8222;Wir k\u00f6nnen nat\u00fcrlich nicht immer alles steuern, was Menschen drau\u00dfen sagen&#8220;<\/p><\/blockquote>\n<p>Irgendein Mensch sagt also irgendwas. Dass &#8222;irgendwas&#8220; Rassismus und Sexismus ist, und dass dieser Mensch aus irgendwelchen Gr\u00fcnden irgendein Teil des CSD-Programms ist? Offensichtlich kein Problem. Nur zur Erinnerung: Die Berliner SPD (Ehrlich ist \u00fcbrigens<a href=\"https:\/\/spd-tempelhof.de\/fuer-sie-im-abgeordnetenhaus\/\"> Wahlkreis-Mitarbeiter<\/a> des Regierenden B\u00fcrgermeisters Michael M\u00fcller von der SPD) stoppte die Zusammenarbeit mit Nina Queer 2017 aufgrund deren &#8222;menschenverachtenden Kommentaren&#8220;, Enough is Enough weigerte sich, ihre Kolumne weiterzuverbreiten, denn diese sei &#8222;so voller Falschinformationen, Klisch\u00e9ebehauptungen und Beleidigungen&#8220; und Nina Queer selbst l\u00f6schte erst gestern und erst nach gro\u00dfer Kritik einen rassistischen und sexistischen Facebookpost inkl. des N.-Worts. Irgendwas halt.<\/p>\n<p><em>(Hier zur \u00dcbersicht die Entwicklungen der letzten Tage im Blog:<\/em><em><a title=\"Permanentlink zu \u201eBlack Lives Matter\u201c: CSD Berlin m\u00f6chte rassistischer und sexistischer Provokateurin Plattform bieten\" href=\"https:\/\/www.nollendorfblog.de\/?p=11953\" rel=\"bookmark\">\u201eBlack Lives Matter\u201c: CSD Berlin m\u00f6chte rassistischer und sexistischer Provokateurin Plattform bieten \/\/ <\/a><\/em><em><a title=\"Permanentlink zu Geplante Berliner CSD-K\u00fcnstlerin will Nollendorfblog verklagen und bel\u00fcgt Fans\" href=\"https:\/\/www.nollendorfblog.de\/?p=11980\" rel=\"bookmark\">Geplante Berliner CSD-K\u00fcnstlerin will Nollendorfblog verklagen und bel\u00fcgt Fans<\/a>)<\/em><\/p>\n<p>Da meine Nachfragen hierzu in der Pressekonferenz ausweichend beantwortet wurden und es u.a. hie\u00df, dass es doch Wichtiges g\u00e4be, bot man mir an, nach dem Pressetermin meine Fragen pers\u00f6nlich stellen zu k\u00f6nnen. Als ich dann darauf zur\u00fcckkommen wollte und bereits bei CSD-Vorst\u00e4ndin Dana Wetzel mit meinem Aufnahmeger\u00e4t am Tisch stand, kam CSD-Vorstand Lutz Ermster dazu und wollte das Gespr\u00e4ch unterbinden, es d\u00fcrften von mir keine weiteren Fragen gestellt werden. Dana Wetzel setzte sich schlie\u00dflich durch und bestand darauf, mit mir reden zu k\u00f6nnen. In dieses Gespr\u00e4ch, dass ich vereinbarungsgem\u00e4\u00df aufgezeichnet habe, mischte sich dann Lutz Ermster mehrmals ein.<\/p>\n<p>Um die absurden Zust\u00e4nde beim Berliner CSD zu dokumentieren hier die Passage, in der Lutz Ermster (noch viel deutlicher als sein Kollege Ralph Ehrlich) den Rassismus von Nina Queer relativiert und so tut als seien Rassismus- und Sexismuskritik nur irgendwelche pers\u00f6nlichen Probleme:<\/p>\n<blockquote><p><em>Nollendorfblog<\/em>: Waren Euch die Rassismusvorw\u00fcrfe gegen Nina Queer nicht bekannt, oder warum habt Ihr sie trotzdem &#8211; in egal welcher Funktion &#8211; ins Programm geholt?<\/p>\n<p><em>Lutz Ermster:\u00a0<\/em> Die Tatsache, dass ein gewisser Teil der Community mit Nina Queer ein Problem hat, ist doch schon lange bekannt. Es gibt die <em>blu<\/em>-Ausgabe f\u00fcr jetzt und f\u00fcr August, da gibt es ein richtiges Interview mit Nina Queer. Wie ist denn das zu werten?<\/p>\n<p><em>Nollendorfblog:<\/em> Ich stelle hier die Fragen, ich bin hier gerade der Journalist. Das hei\u00dft, die Rassismusvorw\u00fcrfe gegen Nina Queer sind nicht so schwer einzuordnen deiner Meinung nach?<\/p>\n<p><em>Lutz Ermster:<\/em> Ich kann das gar nicht bewerten.<\/p>\n<p><em>Nollendorfblog:<\/em> Aber die Rassismusvorw\u00fcrfe sind doch klar dokumentiert.<\/p>\n<p><em>Lutz Ermster:<\/em> Es gibt aber andere, die sehen es nicht so.<\/p>\n<p>Nollendorfblog: Das hei\u00dft, Ihr haltet Euch da raus?<\/p>\n<p><em>Lutz Ermster:<\/em> Ja, der CSD ist doch kein Richter. Wir bieten eine Plattform an.<\/p>\n<p><em>Nollendorfblog:<\/em> Also auch (f\u00fcr) Menschen, die sich rassistisch \u00e4u\u00dfern?<\/p>\n<p><em>Lutz Ermster:<\/em> Das kann ich so nicht sagen. Es gibt Leute, die sehen es nicht so. Was sollen wir denn jetzt machen? Jetzt sind wir die einzigen B\u00f6sen zuzusagen, weil wir in sozusagen in irgendeiner Form mit Nina Queer zusammenarbeiten?<\/p>\n<p><em>Dana Wetzel:<\/em> Das tun wir doch gar nicht.<\/p>\n<p><em>Lutz Ermster:\u00a0<\/em>Das tun wir ja nicht mal. Aber ich frage mich, was ist eigentlich das Ziel deiner Aktion? Hier stehen junge Leute, die arbeiten, wir haben polnische Aktivisten eingeladen. Statt dar\u00fcber zu reden ist es dir wichtiger &#8230;<\/p>\n<p><em>Nollendorfblog<\/em> Tu ich doch, ich habe \u00fcber polnische. <em>(* siehe unten: Faktencheck).<\/em>. das stimmt doch nicht.<\/p>\n<p><em>Dana Wetzel:<\/em> Als Sie dar\u00fcber gesprochen haben, hatten wir das schon lange auf dem Schirm und haben daran schon gearbeitet.<\/p>\n<p><em>Nollendorfblog:<\/em> Aber eben hie\u00df es, ich spreche nicht dar\u00fcber. Aber okay. Das hei\u00dft, die Rassismus-Vorw\u00fcrfe &#8230;<\/p>\n<p><em>Lutz Ermster:<\/em> Was wollen Sie uns denn in den Mund legen?<\/p>\n<p><em>Nollendorfblog:<\/em> &#8230;. die Rassismusvorw\u00fcrfe gegen\u00fcber Nina Queer werden vom CSD nicht als solche &#8211;<\/p>\n<p><em>Lutz Ermster:<\/em> Ich nehmen die zur Kenntnis.<\/p>\n<p><em>Nollendorfblog:<\/em> Aber die werden nicht geteilt?<\/p>\n<p><em>Lutz Ermster:<\/em> Nat\u00fcrlich. Es werden Rassismusvorw\u00fcrfe generell &#8211; was hei\u00dft Rassismusvorw\u00fcrfe? &#8211; werden generell nicht geteilt.<\/p>\n<p><em>Nollendorfblog:<\/em> Aber die Vorw\u00fcrfe werden nicht geteilt? Ihr macht Euch die Vorw\u00fcrfe nicht zu eigen?<\/p>\n<p><em>Lutz Ermster:<\/em> Wir haben gar keine Zeit, uns damit teilweise zu besch\u00e4ftigen. Es ist einfach eine Sache, es ist ein Teil der Community, die damit scheinbar ein Problem hat. Das nehme ich zur Kenntnis. Aber es gehen ja auch etliche Leute in der Community hin, in der Zeitschrift <em>blu<\/em> wird&#8217;s ver\u00f6ffentlicht, die haben auch scheinbar kein Problem damit. Wie ist denn das zu sehen?<\/p>\n<p><em>Nollendorfblog:<\/em> Das hei\u00dft, Ihr habt die selben Anspr\u00fcche an Euch wie die Zeitschrift <em>blu<\/em>?<\/p>\n<p><em>Lutz Ermster:<\/em> Wir brauchen doch gar nicht weiter reden. Sie m\u00f6chten doch einfach nur von uns h\u00f6ren, so eine Art Schulbbekenntnis von uns haben, oder irgendwas. Was wollen sie konkret erfahren?<\/p>\n<p><em>Nollendorfblog:<\/em> Ich stelle Fragen, und m\u00f6chte gerne einfach wissen: Es gab widerspr\u00fcchliche Angaben. Sie war Teil des Programms, dann hie\u00df es wieder, sie war nicht Teil des Programms.<\/p>\n<p><em>Dana Wetzel:<\/em> Nein. Ich habe gesagt, es war ein Arbeitsstand des Programms, es war aber nie geplant, dass Nina Queer dort moderiert. Es ist eine Live-Schalte in die Location &#8230;<\/p>\n<p><em>Lutz Ermster aus dem Hintergrund \u00fcber mich:<\/em>\u00a0 &#8230; Leute wie der machen die Community kaputt.<\/p>\n<p><em>Nollendorfblog:<\/em> Also kritische Nachfragen hei\u00dft &#8222;kaputt machen&#8220;?<\/p>\n<p><em>Lutz Ermster (ironisch):<\/em> Ja nat\u00fcrlich, &#8222;kritische Nachfragen&#8220; &#8230;<\/p>\n<p><em>Nollendorfblog:<\/em> Ich stelle nur kritische Nachfragen.<\/p>\n<p><em>Lutz Ermster:<\/em> Ich wei\u00df ja &#8230;<\/p>\n<p><em>Nollendorfblog:<\/em> Und weil sie dir nicht passen, ist es &#8222;Community kaputt machen&#8220;? Du hast gerade gesagt, Leute wie ich machen die Community kaputt.<\/p>\n<p><em>Lutz Ermster:<\/em> Ich glaube, dass wir beide genau wissen, wor\u00fcber wir reden.<\/p>\n<p><em>Nollendorfblog (verwundert):<\/em> Drohst du gerade, oder was? Entschuldigung, wieso macht Ihr ne Pressekonferenz, wenn Journalisten den Vorwurf gemacht bekommen, die Community kaputtzumachen. <em>(Zu Dana Wetzel)<\/em> Teilst du das auch, dass diese Fragen von mir die Community kaputt machen.<\/p>\n<p><em>Dana Wetzel:<\/em> Ich finde es zumindest nicht f\u00f6rderlich f\u00fcr den Zusammenhalt.<\/p><\/blockquote>\n<p>Rassismus, Sexismus? Schwamm dr\u00fcber, kann man ja alles so oder so sehen. Das ist der Berliner CSD 2020.<\/p>\n<hr class=\"wp-block-separator\" \/>\n<p><em><strong>* Kurzer Faktencheck: Hier meine Beitr\u00e4ge zum Thema Polen und Berliner CSD 2020:<\/strong><\/em><\/p>\n<p><strong><a href=\"https:\/\/www.nollendorfblog.de\/?p=11435\">Mein Vorschlag f\u00fcr einen wirklich politischen Berliner CSD 2020<\/a><\/strong><\/p>\n<p class=\"western\"><strong><a href=\"https:\/\/www.nollendorfblog.de\/?p=11644\">Dringender Hilferuf aus Polen an die deutsche Community und den Berliner CSD<\/a><\/strong><\/p>\n<p><em><strong>Mehr zum Thema in diesem Blog:<br \/>\n<\/strong><\/em><\/p>\n<p><em><a title=\"Permanentlink zu \u201eBlack Lives Matter\u201c: CSD Berlin m\u00f6chte rassistischer und sexistischer Provokateurin Plattform bieten\" href=\"https:\/\/www.nollendorfblog.de\/?p=11953\" rel=\"bookmark\"><strong>Black Lives Matter\u201c: CSD Berlin m\u00f6chte rassistischer und sexistischer Provokateurin Plattform bieten\u00a0<\/strong><\/a><\/em><\/p>\n<p><strong><em><a title=\"Permanentlink zu Geplante Berliner CSD-K\u00fcnstlerin will Nollendorfblog verklagen und bel\u00fcgt Fans\" href=\"https:\/\/www.nollendorfblog.de\/?p=11980\" rel=\"bookmark\">Geplante Berliner CSD-K\u00fcnstlerin will Nollendorfblog verklagen und bel\u00fcgt Fans<\/a>)<\/em><\/strong><\/p>\n<p><strong><em><a href=\"https:\/\/www.nollendorfblog.de\/?p=6993\">Rassismus: Warum Nina Queer nicht Borat ist<\/a><\/em><\/strong><\/p>\n<hr class=\"wp-block-separator\" \/>\n<p><em><strong>Vielen Dank an alle, die dieses Blog mit ihren Beitr\u00e4gen gerade in diesen schweren Zeiten erm\u00f6glichen!\u00a0<\/strong>Als unabh\u00e4ngiges und werbefreies Blog brauchen wir Deine Hilfe. Hier kannst Du uns auf\u00a0<strong><a href=\"https:\/\/www.paypal.com\/donate\/?token=Sx7UO35_SDcAJtU34UUHgtD5jyv1zex9ZEMhfnkmUSKCOtBwgAd3VhsSD8v7GsW2W2ygw0&amp;country.x=DE&amp;locale.x=de_DE\">Paypa<\/a>l<\/strong>\u00a0unterst\u00fctzen. Oder hier ein\u00a0<strong>freiwilliges Unterst\u00fctzerabo<\/strong>\u00a0abschlie\u00dfen:<\/em><\/p>\n<hr class=\"wp-block-separator\" \/>\n<figure class=\"wp-block-image\"><a href=\"https:\/\/steadyhq.com\/de\/nollendorfblog\"><img loading=\"lazy\" decoding=\"async\" class=\"alignleft size-full wp-image-8327\" src=\"https:\/\/www.nollendorfblog.de\/wp-content\/uploads\/2017\/11\/steady_button-linke.png\" sizes=\"auto, (max-width: 966px) 100vw, 966px\" srcset=\"https:\/\/www.nollendorfblog.de\/wp-content\/uploads\/2017\/11\/steady_button-linke.png 966w, https:\/\/www.nollendorfblog.de\/wp-content\/uploads\/2017\/11\/steady_button-linke-300x47.png 300w, https:\/\/www.nollendorfblog.de\/wp-content\/uploads\/2017\/11\/steady_button-linke-768x119.png 768w\" alt=\"\" width=\"966\" height=\"150\" \/><\/a><\/figure>\n<p><em>Mehr dazu:\u00a0<\/em><em><a href=\"https:\/\/www.nollendorfblog.de\/?p=8291\">Das Nollendorfblog braucht Deine Unterst\u00fctzung<\/a><\/em><\/p>\n<hr class=\"wp-block-separator\" \/>\n<p>&nbsp;<\/p>\n<p>&nbsp;<\/p>\n","protected":false},"excerpt":{"rendered":"<p>Nollendorfblog: Das hei\u00dft, Ihr haltet Euch da raus? Lutz Ermster: Ja, der CSD ist doch kein Richter. <\/p>\n","protected":false},"author":1,"featured_media":12009,"comment_status":"closed","ping_status":"closed","sticky":false,"template":"","format":"standard","meta":{"footnotes":""},"categories":[188,112],"tags":[],"class_list":["post-12003","post","type-post","status-publish","format-standard","has-post-thumbnail","hentry","category-188","category-rassismus"],"_links":{"self":[{"href":"https:\/\/www.nollendorfblog.de\/index.php?rest_route=\/wp\/v2\/posts\/12003","targetHints":{"allow":["GET"]}}],"collection":[{"href":"https:\/\/www.nollendorfblog.de\/index.php?rest_route=\/wp\/v2\/posts"}],"about":[{"href":"https:\/\/www.nollendorfblog.de\/index.php?rest_route=\/wp\/v2\/types\/post"}],"author":[{"embeddable":true,"href":"https:\/\/www.nollendorfblog.de\/index.php?rest_route=\/wp\/v2\/users\/1"}],"replies":[{"embeddable":true,"href":"https:\/\/www.nollendorfblog.de\/index.php?rest_route=%2Fwp%2Fv2%2Fcomments&post=12003"}],"version-history":[{"count":30,"href":"https:\/\/www.nollendorfblog.de\/index.php?rest_route=\/wp\/v2\/posts\/12003\/revisions"}],"predecessor-version":[{"id":12088,"href":"https:\/\/www.nollendorfblog.de\/index.php?rest_route=\/wp\/v2\/posts\/12003\/revisions\/12088"}],"wp:featuredmedia":[{"embeddable":true,"href":"https:\/\/www.nollendorfblog.de\/index.php?rest_route=\/wp\/v2\/media\/12009"}],"wp:attachment":[{"href":"https:\/\/www.nollendorfblog.de\/index.php?rest_route=%2Fwp%2Fv2%2Fmedia&parent=12003"}],"wp:term":[{"taxonomy":"category","embeddable":true,"href":"https:\/\/www.nollendorfblog.de\/index.php?rest_route=%2Fwp%2Fv2%2Fcategories&post=12003"},{"taxonomy":"post_tag","embeddable":true,"href":"https:\/\/www.nollendorfblog.de\/index.php?rest_route=%2Fwp%2Fv2%2Ftags&post=12003"}],"curies":[{"name":"wp","href":"https:\/\/api.w.org\/{rel}","templated":true}]}}