{"id":12038,"date":"2020-07-22T11:40:55","date_gmt":"2020-07-22T09:40:55","guid":{"rendered":"http:\/\/www.nollendorfblog.de\/?p=12038"},"modified":"2020-07-22T22:12:38","modified_gmt":"2020-07-22T20:12:38","slug":"nina-queer-entschuldigt-sich-fuer-rassistisches-postin-und-faellt-csd-vorstaenden-in-den-ruecken","status":"publish","type":"post","link":"https:\/\/www.nollendorfblog.de\/?p=12038","title":{"rendered":"Nina Queer entschuldigt sich f\u00fcr rassistisches Posting und f\u00e4llt Berliner CSD-Vorst\u00e4nden in den R\u00fccken"},"content":{"rendered":"<p><span style=\"font-weight: 400;\">Gestern noch haben die beiden Berliner CSD-Vorst\u00e4nde Ralph Ehrlich und Lutz Ermster die rassistischen Aussagen von Nina Queer relativiert. Lutz Ermster wollte noch nicht einmal bewerten, ob es sich \u00fcberhaupt um Rassismus handelt. Nun f\u00e4llt die Dragqueen den beiden (wahrscheinlich ohne es zu beabsichtigen) in den R\u00fccken und stellt klar, dass ein durch den Nollendorfblog aufgedeckter <a href=\"https:\/\/www.nollendorfblog.de\/?p=11953\">rassistischer Post<\/a>, mit dem die CSD-Vorst\u00e4nde<a href=\"https:\/\/www.nollendorfblog.de\/?p=12003\"> offensichtlich kein so gro\u00dfes Problem hatten<\/a>, nicht h\u00e4tte sein d\u00fcrfen. Auf Facebook schreibt sie heute:<\/span><\/p>\n<blockquote><p><i><span style=\"font-weight: 400;\">Die Beleidigung einer ganzen Community stand 7 Jahre auf meiner Seite. Was ich zu tiefst verst\u00f6rend und abartig finde. Was mich traurig machte. Ich bin ein Mensch der f\u00fchlt. Ich war lange in Therapie, um mich zu \u00e4ndern. Um Ruhe zu finden. Wie ist das zu entschuldigen? Ich denke, indem man sich entschuldigt. ES TUT MIR LEID! Mehr noch. Ich sch\u00e4me mich daf\u00fcr. Unendlich.<\/span><\/i><\/p>\n<p><i><span style=\"font-weight: 400;\">So etwas darf nicht sein.<\/span><\/i><\/p><\/blockquote>\n<p><span style=\"font-weight: 400;\">Nina Queer suggeriert in diesem heutigen Statement, dass die rassistische Aussage nicht von ihr, sondern von einer sie betreuenden Agentur stamme, \u00fcbernimmt aber die Verantwortung daf\u00fcr, den betreffenden Post so lange nicht gel\u00f6scht zu haben. Ich ma\u00dfe mir nicht an, dar\u00fcber zu spekulieren, wie glaubw\u00fcrdig das ist, und darum geht es hier auch nicht. Doch es ist wichtig darauf hinzuweisen, dass viele von ihren <a href=\"https:\/\/bildblog.de\/96733\/bild-feiert-den-schwulen-selbsthass\/\">problematischen \u00c4u\u00dferungen<\/a> nach der Zeit entstanden sind, in der diese Agentur t\u00e4tig gewesen sein soll.<\/span><\/p>\n<p><span style=\"font-weight: 400;\">Ziel meiner Blogeintr\u00e4ge war es, dazu beizutragen, dass auch in unserer Community Sexismus und Rassismus benannt und dar\u00fcber geredet wird, was Sexismus und Rassismus ist. Dass wir uns nicht nur alle gegenseitig bescheinigen, nicht rassistisch und sexistisch zu sein, sondern dass wir hinschauen, wenn es um konkrete Verhaltensweisen und \u00c4u\u00dferungen geht. <\/span><span style=\"font-weight: 400;\">Das gilt ganz besonders f\u00fcr Figuren, die in der Community eine gro\u00dfe Reichweite haben. Umso besser, dass nun jemand klarstellt, einen Fehler gemacht zu haben. Was mich aber besorgt, ist, dass dies erst unter einem solchen Druck geschehen ist. Mit dem Umstand, dass Nina Queer zun\u00e4chst alles abstritt, mir drohte <\/span><span style=\"font-weight: 400;\">und <a href=\"https:\/\/www.nollendorfblog.de\/?p=11980\">mich sogar verklagen wollte<\/a>, habe ich weniger ein Problem. Wie <\/span><span style=\"font-weight: 400;\">aber die Community und ihre Institutionen angemessen mit Herausforderungen wie Sexismus und Rassismus umgehen, ist mir nicht egal. <\/span><\/p>\n<p><span style=\"font-weight: 400;\">Deshalb ist das Verhalten der CSD-Vorst\u00e4nde, die noch auf der gestrigen Pressekonferenz meine Fragen nach den Rassismus-Vorw\u00fcrfen ihrer Kooperationspartnerin f\u00fcr abwegig, f\u00fcr nicht so wichtig und sp\u00e4ter sogar als Community-zerst\u00f6rend bezeichnet haben, eine Katastrophe. Wie will man \u00fcber Sexismus und Rassismus in der Community reden, wenn die Frage danach zum Problem gemacht wird und nicht der Sexismus und der Rassismus? Der CSD e.V. h\u00e4tte eigentlich diese Fragen stellen und diesen Druck zur Kl\u00e4rung aufbauen m\u00fcssen. Stattdessen werde ich jetzt daf\u00fcr angegriffen, es getan zu haben:<\/span><\/p>\n<blockquote><p><i><span style=\"font-weight: 400;\">Es ist schon nicht leicht, als Blogger die Aufmerksamkeit zu bekommen, die eine vern\u00fcnftige Journalie mit wirklich kritisch hinterfragenden Journalist*innen wie die Siegess\u00e4ule in der Community hat. Da hilft nur noch Kraealljournalismus statt sachlich-kritischer Journalismus,<\/span><\/i><\/p><\/blockquote>\n<p><span style=\"font-weight: 400;\">schreibt etwa die Anw\u00e4ltin Sissi Bruckner aus dem CSD-Team auf Facebook. Das ist nicht nur bei ihr das Niveau, auf dem der Diskurs \u00fcber Sexismus und Rassismus gef\u00fchrt. Beziehungsweise nicht gef\u00fchrt wird: <\/span><\/p>\n<p><span style=\"font-weight: 400;\">Warum greift mich niemand inhaltlich an, h\u00e4lt dagegen, sagt, wo er meine Argumentation f\u00fcr falsch h\u00e4lt? Oder erkl\u00e4rt mir, warum das vielleicht doch kein Rassismus oder Sexismus ist, oder warum es vielleicht falsch ist, ihn so zu bewerten, wie ich es tue? Stattdessen wird mir die Kompetenz und der gute Wille abgesprochen. (Was auch seine eigene innere Tragik hat: Der CSD Verein kooperiert mit einer Dragqueen, die ihre Aufmerksamkeit jahrelang durch Rassismus und Sexismus gen\u00e4hrt hat und wirft dann einem Journalisten ein Aufmerksamkeitsproblem vor, wenn sich dieser auf einer Pressekonferenz mit seinen Fragen nicht abwimmeln lassen will.)<\/span><\/p>\n<p><span style=\"font-weight: 400;\">Und selbst wenn!<\/span><\/p>\n<p><span style=\"font-weight: 400;\"> Selbst wenn ich diesen Blog und solche Dinge nur schreiben w\u00fcrde, weil ich mich so toll finde und unbedingt gesehen werden m\u00f6chte, &#8211;\u00a0 selbst wenn (was mir auch immer wieder gerne unterstellt wird) ich das alles nur tun w\u00fcrde, weil ich mit irgendjemandem irgendwelche pers\u00f6nlichen Rechnungen offen habe (was nicht der Fall ist), &#8211; selbst wenn ich sie auf der Pressekonferenz schrecklich genervt habe (was tats\u00e4chlich der Fall ist), <\/span><span style=\"font-weight: 400;\">weil, wie ich finde, sie sich um klare Aussagen dr\u00fcckten, sie meine schriftlichen Fragen hierzu nicht beantworten konnten oder wollten und sie, wie sie finden, doch Wichtigeres zu sagen haben:<\/span><\/p>\n<p><span style=\"font-weight: 400;\">W\u00e4re es nicht selbst dann f\u00fcr CSD-Aktivist*innen Pflicht, \u00fcber Rassismus und Sexismusvorw\u00fcrfe zu sprechen, die im Raum stehen statt \u00fcber die, die ihnen damit auf den Zeiger gehen?<\/span><\/p>\n<p>&#8212;<\/p>\n<p>Nachtrag:<\/p>\n<p>Immer mehr wichtige Akteur*innen distanzieren sich:<\/p>\n<blockquote><p><em>Ich habe absolut kein Verst\u00e4ndnis daf\u00fcr, sich als Vorstand des CSD e.V. auf eine Zusammenarbeit mit einer zwielichtigen und wenig seri\u00f6sen Pers\u00f6nlichkeit wie Nina Queer einzulassen, die wei\u00df Gott kein unbeschriebenes Blatt ist, sich aber gerne als verfolgte Unschuld aufspielt, sodass man wirklich den Eindruck gewinnen k\u00f6nnte, keine Ahnung davon zu haben, worum es sich dreht. Wovon man aber im Fall des CSD-Vorstands ausgehen sollte, in seiner eminent politischen Funktion, in der er nichts verloren hat, sollte er sich dessen nicht bewusst sein.<\/em><\/p>\n<p><a href=\"https:\/\/www.nollendorfblog.de\/?p=7838\">Bernd Gaiser<\/a>, einer der Gr\u00fcndungs-&#8222;V\u00e4ter&#8220; des Berliner CSD<\/p>\n<div dir=\"auto\"><em>&#8222;Die Wenigsten von uns tragen etwa die traumatische und stolze Geschichte der afro-amerikanischen B\u00fcrgerrechtsbewegung in sich, und doch marschieren Tausende von uns solidarisch auf BLM-Demos. Dass der CSD Berlin &#8211; Berlin Pride das Thema <a class=\"oajrlxb2 g5ia77u1 qu0x051f esr5mh6w e9989ue4 r7d6kgcz rq0escxv nhd2j8a9 nc684nl6 p7hjln8o kvgmc6g5 cxmmr5t8 oygrvhab hcukyx3x jb3vyjys rz4wbd8a qt6c0cv9 a8nywdso i1ao9s8h esuyzwwr f1sip0of lzcic4wl oo9gr5id gpro0wi8 lrazzd5p\" tabindex=\"0\" role=\"link\" href=\"https:\/\/www.facebook.com\/hashtag\/blacklivesmatter?__eep__=6&amp;__cft__[0]=AZV_1nff69tZgClTQWuJU8HqBvEt2P9rXa9cRxCf1jezrtXfQbedXU4qiR3gEtUvQG3Jbfcp3yddB_myNiy0XXMegaBQ3bHfo-48YGXvxsxkdFFq7oWBlyS0m1HDk-ovpU0kQHR69-ceH-uziKjo4Gg9X1GHCPBb0_aPP4_xtPYB1A&amp;__tn__=*NK-R\">#BlackLivesMatter<\/a> zum zentralen Kampfbegriff k\u00fcrte, war mehr als angemessen: Es war \u00fcberf\u00e4llig, es war dringend, und hoffentlich nicht nur ein Lippenbekenntnis. Denn die mediale Berichterstattung kommt um CSD-interne Verharmlosung von Rassismus und ausgebremste Pressefreiheit nicht mehr herum. <span class=\"q9uorilb tbxw36s4 knj5qynh kvgmc6g5 ditlmg2l oygrvhab nvdbi5me fgm26odu gl3lb2sf hhz5lgdu\"><img loading=\"lazy\" decoding=\"async\" src=\"https:\/\/static.xx.fbcdn.net\/images\/emoji.php\/v9\/te3\/1.5\/16\/270a_1f3fd.png\" alt=\"\u270a\" width=\"16\" height=\"16\" \/><\/span><\/em><\/div>\n<div dir=\"auto\"><em>Hoffen wir, dass der Schatten \u00fcber dem diesj\u00e4hrigen Fest mit neuer Besetzung und klugen Entscheidungen bis 2021 verschwinden wird. Getreu dem (etwas ungl\u00fccklich gew\u00e4hlten) CSD-Motto \u201eDon\u2019t hide your Pride!\u201c konzentriert die <a class=\"oajrlxb2 g5ia77u1 qu0x051f esr5mh6w e9989ue4 r7d6kgcz rq0escxv nhd2j8a9 nc684nl6 p7hjln8o kvgmc6g5 cxmmr5t8 oygrvhab hcukyx3x jb3vyjys rz4wbd8a qt6c0cv9 a8nywdso i1ao9s8h esuyzwwr f1sip0of lzcic4wl oo9gr5id gpro0wi8 lrazzd5p\" tabindex=\"0\" role=\"link\" href=\"https:\/\/www.facebook.com\/hashtag\/tfd?__eep__=6&amp;__cft__[0]=AZV_1nff69tZgClTQWuJU8HqBvEt2P9rXa9cRxCf1jezrtXfQbedXU4qiR3gEtUvQG3Jbfcp3yddB_myNiy0XXMegaBQ3bHfo-48YGXvxsxkdFFq7oWBlyS0m1HDk-ovpU0kQHR69-ceH-uziKjo4Gg9X1GHCPBb0_aPP4_xtPYB1A&amp;__tn__=*NK-R\">#TfD<\/a> ihre Energien auf wichtige Projekte fernab dieses Spektakels, und engagiert sich stolz f\u00fcr jene Events in der Community, deren solidarische Worte auch Taten folgen.&#8220;<\/em><\/div>\n<div dir=\"auto\">Travestie f\u00fcr Deutschland, Berliner Aktivist*innen Gruppe<\/div>\n<\/blockquote>\n<div dir=\"auto\">Nachtrag II, die Ereignisse \u00fcberschlagen sich, mittlerweile distanziert sich sogar der CSD e.V von sich selbst:<\/div>\n<div dir=\"auto\">\n<div class=\"kvgmc6g5 cxmmr5t8 oygrvhab hcukyx3x c1et5uql ii04i59q\">\n<blockquote>\n<div dir=\"auto\">Liebe Freund_innen des Berliner CSD,<\/div>\n<\/blockquote>\n<\/div>\n<blockquote>\n<div class=\"o9v6fnle cxmmr5t8 oygrvhab hcukyx3x c1et5uql ii04i59q\">\n<div dir=\"auto\">mit Bedauern nimmt der Vorstand des Berliner CSD zur Kenntnis, dass bez\u00fcglich der \u201eCausa Nina Queer\u201c Irritationen entstanden sind, zu denen wir Stellung nehmen:<\/div>\n<\/div>\n<div class=\"o9v6fnle cxmmr5t8 oygrvhab hcukyx3x c1et5uql ii04i59q\">\n<div dir=\"auto\">1. sprechen wir uns entschieden gegen jede Form von Rassismus und Sexismus aus.<\/div>\n<\/div>\n<div class=\"o9v6fnle cxmmr5t8 oygrvhab hcukyx3x c1et5uql ii04i59q\">\n<div dir=\"auto\">Jede einzelne Person im jetzigen Vorstand des Berliner CSD e.V. steht in seiner\/ihrer Vita f\u00fcr einen langj\u00e4hrigen Kampf gegen Homo-Trans-Interphobie und Ausgrenzung von People of Color, Menschen mit Behinderung, Menschen mit HIV sowie f\u00fcr den Schutz von gefl\u00fcchteten Menschen.<\/div>\n<\/div>\n<div class=\"o9v6fnle cxmmr5t8 oygrvhab hcukyx3x c1et5uql ii04i59q\">\n<div dir=\"auto\">2. Nina Queer ist nicht Bestandteil des Programms des CSD 2020. Ferner distanzieren wir uns ganz eindeutig von ihren \u00c4u\u00dferungen, die Menschen herabw\u00fcrdigen und\/oder rassistisch \/ sexistisch sind.<\/div>\n<\/div>\n<div class=\"o9v6fnle cxmmr5t8 oygrvhab hcukyx3x c1et5uql ii04i59q\">\n<div dir=\"auto\">Wir m\u00f6chten f\u00fcr Fehler, die wir in der Kommuniaktion gemacht haben, um Entschuldigung bitten und werden diesen Lernprozess im Rahmen des Programms des diesj\u00e4hrigen CSDs transparent thematisieren.<\/div>\n<\/div>\n<div class=\"o9v6fnle cxmmr5t8 oygrvhab hcukyx3x c1et5uql ii04i59q\">\n<div dir=\"auto\">Der Vorstand des Berliner CSD e.V.<\/div>\n<\/div>\n<div class=\"o9v6fnle cxmmr5t8 oygrvhab hcukyx3x c1et5uql ii04i59q\">\n<div dir=\"auto\">Jasmin Semken<\/div>\n<div dir=\"auto\">Lutz Ermster<\/div>\n<div dir=\"auto\">Dana Wetzel<\/div>\n<div dir=\"auto\">Ralph Ehrlich<\/div>\n<\/div>\n<\/blockquote>\n<div class=\"o9v6fnle cxmmr5t8 oygrvhab hcukyx3x c1et5uql ii04i59q\">\n<blockquote>\n<div dir=\"auto\">Berlin, 22. Juli 2020<\/div>\n<\/blockquote>\n<div dir=\"auto\">Und falls noch jemand Lust hat: Hier noch in eigener Sache mein Facebook-Post von mir von heute Abend (22. Juli 2020)<\/div>\n<div dir=\"auto\">\n<div class=\"kvgmc6g5 cxmmr5t8 oygrvhab hcukyx3x c1et5uql ii04i59q\"><\/div>\n<div class=\"o9v6fnle cxmmr5t8 oygrvhab hcukyx3x c1et5uql ii04i59q\">\n<blockquote>\n<div dir=\"auto\">\n<div class=\"kvgmc6g5 cxmmr5t8 oygrvhab hcukyx3x c1et5uql ii04i59q\">\n<div dir=\"auto\">Weil der Berliner CSD-Vorstand sich mehrmals \u00fcber mein Vorgehen in dieser Sache beschwert hat und mir unlautere Motive unterstellt, hier aus Transparenzgr\u00fcnden die Schritte, die aufzeigen, wie ich tats\u00e4chlich vorgegangen bin.<\/div>\n<\/div>\n<div class=\"o9v6fnle cxmmr5t8 oygrvhab hcukyx3x c1et5uql ii04i59q\">\n<div dir=\"auto\">Folgende Presseanfrage habe ich in der Nacht von Donnerstag auf Freitag verschickt, also noch bevor ich irgendetwas zur Sache geschrieben habe:<\/div>\n<div dir=\"auto\"><\/div>\n<div dir=\"auto\"><em>Liebes Presse-Team des Berliner CSD e.V.,<\/em><\/div>\n<\/div>\n<div class=\"o9v6fnle cxmmr5t8 oygrvhab hcukyx3x c1et5uql ii04i59q\">\n<div dir=\"auto\"><em>f\u00fcr die Berichterstattung im Nollendorfblog m\u00f6chte ich um die Beantwortung folgender Frage bitten:<\/em><\/div>\n<\/div>\n<div class=\"o9v6fnle cxmmr5t8 oygrvhab hcukyx3x c1et5uql ii04i59q\">\n<div dir=\"auto\"><em>Stimmt es, dass Nina Queer als Teil des Programms des diesj\u00e4hrigen virtuellen Berliner CSD eingeplant war oder ist?<\/em><\/div>\n<\/div>\n<div class=\"o9v6fnle cxmmr5t8 oygrvhab hcukyx3x c1et5uql ii04i59q\">\n<div dir=\"auto\"><em>Es w\u00e4re sch\u00f6n, wenn eine zeitnahe Antwort vor Samstag m\u00f6glich w\u00e4re.<\/em><\/div>\n<\/div>\n<div class=\"o9v6fnle cxmmr5t8 oygrvhab hcukyx3x c1et5uql ii04i59q\">\n<div dir=\"auto\"><em>Viele Gr\u00fc\u00dfe, <\/em><\/div>\n<div dir=\"auto\"><em>Johannes<\/em><\/div>\n<div dir=\"auto\"><\/div>\n<\/div>\n<div class=\"o9v6fnle cxmmr5t8 oygrvhab hcukyx3x c1et5uql ii04i59q\">\n<div dir=\"auto\">Wenn es so war, wie jetzt behauptet wird, h\u00e4tte man diese Frage in einer Minute mit einer Zeile oder weniger mit &#8222;nein&#8220; beantworten k\u00f6nnen. Aber das wollte oder konnte man nicht. Stattdessen habe ich folgende Mitteilung erhalten:<\/div>\n<div dir=\"auto\"><\/div>\n<\/div>\n<div class=\"o9v6fnle cxmmr5t8 oygrvhab hcukyx3x c1et5uql ii04i59q\">\n<div dir=\"auto\"><em>Hallo Johannes,<\/em><\/div>\n<\/div>\n<div class=\"o9v6fnle cxmmr5t8 oygrvhab hcukyx3x c1et5uql ii04i59q\">\n<div dir=\"auto\"><em>bitte habe Verst\u00e4ndnis, dass wir eine Woche vor dem Event die Beantwortung individueller Presseanfrage nicht mehr schaffen. Du bist aber herzlich zur PK am 21.7. eingeladen und kannst dort gern deine Fragen stellen.<\/em><\/div>\n<\/div>\n<div class=\"o9v6fnle cxmmr5t8 oygrvhab hcukyx3x c1et5uql ii04i59q\">\n<div dir=\"auto\"><em>Viele Gr\u00fc\u00dfe<\/em><\/div>\n<div dir=\"auto\"><em>M.<\/em><\/div>\n<div dir=\"auto\"><em>(CSD Berlin)<\/em><\/div>\n<\/div>\n<div class=\"o9v6fnle cxmmr5t8 oygrvhab hcukyx3x c1et5uql ii04i59q\">\n<div dir=\"auto\"><\/div>\n<div dir=\"auto\">Mir war mittlerweile bekannt, dass viele K\u00fcnster*innen einen Ablaufplan hatten, bei dem Nina Queer als Moderatorin eingetragen war. Einige wollten ihren Auftritt auch davon abh\u00e4ngig machen, ob Nina dabei ist. Ich wollte mich also nicht bis zur Pressekonferenz hinhalten lassen, und schrieb am Freitag meinen ersten Blogbeitrag dazu, der dann am Wochenende f\u00fcr gro\u00dfe Diskussionen sorgte. In der Community gab es ein berechtigtes Interesse dar\u00fcber, wie der CSD zu Nina und den Rassismusvorw\u00fcrfen steht. Ich habe deshalb am Montag folgende Presseanfrage gestellt, und gebeten, diese innerhalb von sechs Stunden zu beantworten, weil ich Sorge hatte, dass diese Sache nicht vor der Pressekonferenz gekl\u00e4rt werden kann:<\/div>\n<div dir=\"auto\"><\/div>\n<div dir=\"auto\"><em>Liebes Team des Berliner CSD e.V.<\/em><\/div>\n<\/div>\n<div class=\"o9v6fnle cxmmr5t8 oygrvhab hcukyx3x c1et5uql ii04i59q\">\n<div dir=\"auto\"><em>Nina Queer hat von Euch unwidersprochen bereist im Mai in einem RBB-Interview bekannt gegeben, dass sie als Moderatorin des digitalen CSD 2020 im Einsatz sein wird.<\/em><\/div>\n<div dir=\"auto\"><em>Sie hat sich in den von mir im Nollendorfblog am 18. Juli 2020 (Link) dokumentierten rassistischen und sexistischen \u00c4u\u00dferungen bis heute nicht distanziert.<\/em><\/div>\n<\/div>\n<div class=\"o9v6fnle cxmmr5t8 oygrvhab hcukyx3x c1et5uql ii04i59q\">\n<div dir=\"auto\"><em>Deswegen meine Fragen an Berliner CSD e.V.:<\/em><\/div>\n<\/div>\n<div class=\"o9v6fnle cxmmr5t8 oygrvhab hcukyx3x c1et5uql ii04i59q\">\n<div dir=\"auto\"><em>1.) Distanziert sich der Berliner CSD (in Form des Vorstandes, durch Sprecher*innen oder andere offizielle Vertreter*innen) von diesen \u00c4u\u00dferungen?<\/em><\/div>\n<div dir=\"auto\"><em>2.) H\u00e4lt der Berliner CSD trotz dieser \u00c4u\u00dferungen an seinem Engagement von Nina Queer f\u00fcr das Programm des digitalen CSD fest?<\/em><\/div>\n<\/div>\n<div class=\"o9v6fnle cxmmr5t8 oygrvhab hcukyx3x c1et5uql ii04i59q\">\n<div dir=\"auto\"><em>Aufgrund der gro\u00dfen grunds\u00e4tzlichen Bedeutung und des ebenso gro\u00dfen \u00f6ffentlichen Interesses bitte ich um zeitnahe Antwort &#8211; bitte bis sp\u00e4testens heute um 15.00 Uhr. Ich denke, dass diese Fragen innerhalb von sechs Stunden beantwortbar sein sollten. <\/em><\/div>\n<div dir=\"auto\"><em>Mit freundlichen Gr\u00fc\u00dfen,<\/em><\/div>\n<\/div>\n<div class=\"o9v6fnle cxmmr5t8 oygrvhab hcukyx3x c1et5uql ii04i59q\">\n<div dir=\"auto\"><em>Johannes Kram<\/em><\/div>\n<\/div>\n<div class=\"o9v6fnle cxmmr5t8 oygrvhab hcukyx3x c1et5uql ii04i59q\">\n<div dir=\"auto\"><\/div>\n<\/div>\n<div class=\"o9v6fnle cxmmr5t8 oygrvhab hcukyx3x c1et5uql ii04i59q\">\n<div dir=\"auto\">Auf diese Presseanfrage von Montag fr\u00fch bekam ich nicht einmal eine Absage. Man wollte oder konnte dazu nichts sagen, obwohl es doch so einfach gewesen w\u00e4re. Ich bin also am Dienstag auf die Pressekonferenz, wo man mir sehr widerspr\u00fcchliche Dinge zum Thema sagte und auch Dinge, die aufgrund meiner Informationen so nicht stimmen konnten oder sehr unglaubw\u00fcrdig waren. Einmal war die Rede davon, dass Nina Queer Kooperationspartnerin ist, dann hie\u00df es wieder, es ging nur um den Ruderclub und es wurde quasi so getan, als ob der mehr oder weniger zuf\u00e4llig da sei, wo auch die Nina Queer Party sei. Also alles sehr merkw\u00fcrdig und deswegen habe ich nicht lockergelassen, da mir bewusst war, dass es eine Sache war, die die Community von gro\u00dfem Interesse w\u00e4re, was dort aber wiederholt verneint wurde.<\/div>\n<div dir=\"auto\">Auch habe ich immer wieder versucht, ein klares Statement zu den Rassismusvorw\u00fcrfen gegen Nina Queer zu bekommen. Auch hier wurde mir gesagt, das Thema sei doch nicht so wichtig und ich k\u00f6nne ja nach der Pressekonferenz kommen, und dann meine Fragen pers\u00f6nlich beantwortet zu bekommen. Doch auch da ging es offensichtlich nur darum, mich hinzuhalten, weil einer der Vorst\u00e4nde untersagen wollte, dass ich noch irgendwelche Fragen stellen konnte.<\/div>\n<\/div>\n<div class=\"o9v6fnle cxmmr5t8 oygrvhab hcukyx3x c1et5uql ii04i59q\">\n<div dir=\"auto\">Alles, was der CSD heute verlautbart hat, h\u00e4tte er bereits am Freitag mit zwei ganz kleinen S\u00e4tzen nach meiner ersten Anfrage sagen k\u00f6nnen. Und am Samstag und auch am Sonntag, als es eine riesige Online-Diskussion gab. Oder am Montag nach meiner zweiten schriftlichen Anfrage. Oder am Dienstag auf der Pressekonferenz. Aber sie haben es nicht gemacht. Es liegt nicht an mir, dass daraus so ein gro\u00dfes Ding geworden ist. Bitte beurteilt selbst, ob mein Vorgehen angemessen war. Und bitte beurteilt selbst, wie glaubhaft ist, was sie jetzt behaupten.<\/div>\n<\/div>\n<div class=\"o9v6fnle cxmmr5t8 oygrvhab hcukyx3x c1et5uql ii04i59q\">\n<div dir=\"auto\">Johannes<\/div>\n<\/div>\n<\/div>\n<\/blockquote>\n<\/div>\n<\/div>\n<\/div>\n<\/div>\n<p><em><strong>Mehr zum Thema in diesem Blog:<br \/>\n<\/strong><\/em><\/p>\n<p><em><a title=\"Permanentlink zu \u201eBlack Lives Matter\u201c: CSD Berlin m\u00f6chte rassistischer und sexistischer Provokateurin Plattform bieten\" href=\"https:\/\/www.nollendorfblog.de\/?p=11953\" rel=\"bookmark\"><strong>Black Lives Matter\u201c: CSD Berlin m\u00f6chte rassistischer und sexistischer Provokateurin Plattform bieten\u00a0<\/strong><\/a><\/em><\/p>\n<p><strong><em><a title=\"Permanentlink zu Geplante Berliner CSD-K\u00fcnstlerin will Nollendorfblog verklagen und bel\u00fcgt Fans\" href=\"https:\/\/www.nollendorfblog.de\/?p=11980\" rel=\"bookmark\">Geplante Berliner CSD-K\u00fcnstlerin will Nollendorfblog verklagen und bel\u00fcgt Fans<\/a>)<\/em><\/strong><\/p>\n<p><strong><em><a href=\"https:\/\/www.nollendorfblog.de\/?p=6993\">Rassismus: Warum Nina Queer nicht Borat ist<\/a><\/em><\/strong><\/p>\n<hr class=\"wp-block-separator\" \/>\n<p><em><strong>Vielen Dank an alle, die dieses Blog mit ihren Beitr\u00e4gen gerade in diesen schweren Zeiten erm\u00f6glichen!\u00a0<\/strong>Als unabh\u00e4ngiges und werbefreies Blog brauchen wir Deine Hilfe. Hier kannst Du uns auf\u00a0<strong><a href=\"https:\/\/www.paypal.com\/donate\/?token=Sx7UO35_SDcAJtU34UUHgtD5jyv1zex9ZEMhfnkmUSKCOtBwgAd3VhsSD8v7GsW2W2ygw0&amp;country.x=DE&amp;locale.x=de_DE\">Paypa<\/a>l<\/strong>\u00a0unterst\u00fctzen. Oder hier ein\u00a0<strong>freiwilliges Unterst\u00fctzerabo<\/strong>\u00a0abschlie\u00dfen:<\/em><\/p>\n<hr class=\"wp-block-separator\" \/>\n<figure class=\"wp-block-image\"><a href=\"https:\/\/steadyhq.com\/de\/nollendorfblog\"><img loading=\"lazy\" decoding=\"async\" class=\"alignleft size-full wp-image-8327\" src=\"https:\/\/www.nollendorfblog.de\/wp-content\/uploads\/2017\/11\/steady_button-linke.png\" sizes=\"auto, (max-width: 966px) 100vw, 966px\" srcset=\"https:\/\/www.nollendorfblog.de\/wp-content\/uploads\/2017\/11\/steady_button-linke.png 966w, https:\/\/www.nollendorfblog.de\/wp-content\/uploads\/2017\/11\/steady_button-linke-300x47.png 300w, https:\/\/www.nollendorfblog.de\/wp-content\/uploads\/2017\/11\/steady_button-linke-768x119.png 768w\" alt=\"\" width=\"966\" height=\"150\" \/><\/a><\/figure>\n<p><em>Mehr dazu:\u00a0<\/em><em><a href=\"https:\/\/www.nollendorfblog.de\/?p=8291\">Das Nollendorfblog braucht Deine Unterst\u00fctzung<\/a><\/em><\/p>\n<hr class=\"wp-block-separator\" \/>\n<p>&nbsp;<\/p>\n<p>&nbsp;<\/p>\n","protected":false},"excerpt":{"rendered":"<p>Selbst Nina Queer findet &#8222;abartig&#8220;, worin Berliner CSD-Vorst\u00e4nde offensichtlich kein Problem sehen wollten. <\/p>\n","protected":false},"author":1,"featured_media":12045,"comment_status":"closed","ping_status":"closed","sticky":false,"template":"","format":"standard","meta":{"footnotes":""},"categories":[188,55],"tags":[],"class_list":["post-12038","post","type-post","status-publish","format-standard","has-post-thumbnail","hentry","category-188","category-community"],"_links":{"self":[{"href":"https:\/\/www.nollendorfblog.de\/index.php?rest_route=\/wp\/v2\/posts\/12038","targetHints":{"allow":["GET"]}}],"collection":[{"href":"https:\/\/www.nollendorfblog.de\/index.php?rest_route=\/wp\/v2\/posts"}],"about":[{"href":"https:\/\/www.nollendorfblog.de\/index.php?rest_route=\/wp\/v2\/types\/post"}],"author":[{"embeddable":true,"href":"https:\/\/www.nollendorfblog.de\/index.php?rest_route=\/wp\/v2\/users\/1"}],"replies":[{"embeddable":true,"href":"https:\/\/www.nollendorfblog.de\/index.php?rest_route=%2Fwp%2Fv2%2Fcomments&post=12038"}],"version-history":[{"count":36,"href":"https:\/\/www.nollendorfblog.de\/index.php?rest_route=\/wp\/v2\/posts\/12038\/revisions"}],"predecessor-version":[{"id":12081,"href":"https:\/\/www.nollendorfblog.de\/index.php?rest_route=\/wp\/v2\/posts\/12038\/revisions\/12081"}],"wp:featuredmedia":[{"embeddable":true,"href":"https:\/\/www.nollendorfblog.de\/index.php?rest_route=\/wp\/v2\/media\/12045"}],"wp:attachment":[{"href":"https:\/\/www.nollendorfblog.de\/index.php?rest_route=%2Fwp%2Fv2%2Fmedia&parent=12038"}],"wp:term":[{"taxonomy":"category","embeddable":true,"href":"https:\/\/www.nollendorfblog.de\/index.php?rest_route=%2Fwp%2Fv2%2Fcategories&post=12038"},{"taxonomy":"post_tag","embeddable":true,"href":"https:\/\/www.nollendorfblog.de\/index.php?rest_route=%2Fwp%2Fv2%2Ftags&post=12038"}],"curies":[{"name":"wp","href":"https:\/\/api.w.org\/{rel}","templated":true}]}}