{"id":12261,"date":"2020-12-13T20:48:24","date_gmt":"2020-12-13T18:48:24","guid":{"rendered":"http:\/\/www.nollendorfblog.de\/?p=12261"},"modified":"2020-12-24T17:41:08","modified_gmt":"2020-12-24T15:41:08","slug":"queere-weihnachten-wer-unsere-familie-ist-bestimmen-wir-selbst","status":"publish","type":"post","link":"https:\/\/www.nollendorfblog.de\/?p=12261","title":{"rendered":"Queere Weihnachten: Wer unsere Familie ist, bestimmen wir selbst!"},"content":{"rendered":"<blockquote><p>F\u00fcr die\u00a0<strong>Weihnachtstage<\/strong>\u00a0gilt: In Abh\u00e4ngigkeit von ihrem jeweiligen Infektionsgeschehen k\u00f6nnen die L\u00e4nder vom 24. Dezember bis zum 26. Dezember 2020 als Ausnahme von den sonst geltenden Kontaktbeschr\u00e4nkungen Treffen mit 4 \u00fcber den eigenen Hausstand hinausgehenden Personen aus dem engsten Familienkreis zuz\u00fcglich Kindern im Alter bis 14 Jahre zulassen, auch wenn dies mehr als zwei Hausst\u00e4nde oder 5 Personen \u00fcber 14 Jahre bedeutet.<\/p>\n<p><em><a href=\"https:\/\/www.bundesregierung.de\/breg-de\/themen\/coronavirus\/merkel-beschluss-weihnachten-1827396\">Beschluss<\/a> der Bundeskanzlerin und der Regierungschefinnen und Regierungschefs der L\u00e4nder am 13. Dezember 2020<\/em><\/p><\/blockquote>\n<p>F\u00fcr viele Menschen ist Weihnachten eine Tortur. Weil sie Angst vor der Einsamkeit haben. Weil sie mit ihrer kaputten Familie konfrontiert werden. Weil alte Konflikte alle Jahre wieder aufbrechen oder ihnen schmerzlich bewusst wird, dass sie notwendige Konflikte nie gewagt haben.<\/p>\n<p>Bei queeren Menschen gibt es noch eine andere Komponente: Ja, es gibt Coming-outs, die der oder die Betreffende samt Familie gut \u00fcberstanden hat. Aber da gibt es eben auch noch all die anderen: Coming-outs die fatalerweise nicht stattgefunden haben. Coming-outs, von denen nur ein Teil der Familie wissen darf. Coming-outs, die zum Streit oder Buch mit der Familie oder einzelnen Familienmitgliedern gef\u00fchrt haben. Coming-outs, nach denen sich zwar alle Beteiligten versichern, dass sich nichts ge\u00e4ndert hat, aber jeder wei\u00df, das das gelogen ist.<\/p>\n<p>Es gibt viele Faktoren, warum queere Menschen in der Pandemie besonders leiden: Subkultur, Beratungs- und Hilfsangebote, Therapien sind weggebrochen, sind oder waren nur eingeschr\u00e4nkt oder mit \u00c4ngsten vor der eigenen Ansteckungsrisiko erreichbar. Das ist sowohl f\u00fcr j\u00fcngere LGBTI besonders schlimm, die gerade in ihrer Coming-out-Zeit auf die M\u00f6glichkeiten der Community angewiesen sind, da ihnen oft weder das schulische, noch das famili\u00e4re Umfeld Unterst\u00fctzung und Ausgleich bieten. Das gilt aber auch f\u00fcr \u00e4ltere, die ganz oft in keinen belastbaren Beziehungsstrukturen leben, auch weil die Gesellschaft ihnen ein Leben ohne Sich-Verstecken und Scham sehr schwer gemacht hat.<\/p>\n<p>&#8222;We are family&#8220; ist nicht ohne Grund einer der Kerns\u00e4tze queerer Kultur. Er besagt nicht nur, dass uns unser Anderssein irgendwie verbindet, dass wir uns eine eigene Subkultur, eigene Rituale und Codes entwickelt haben. Es bedeutet auch ganz konkret, dass wir selbst bestimmen, wer unsere Familie ist. Und das bedeutet eben, dass die sogenannte &#8222;Kernfamilie&#8220; vieler queeren Menschen vor allem aus Menschen besteht, mit denen sie nicht verwandt sind. Menschen, auf die sie sich wirklich verlassen k\u00f6nnen. Menschen, bei denen sie sich wirklich geborgen f\u00fchlen. Menschen, auf die sie sich wirklich freuen.<\/p>\n<p>F\u00fcr queere Menschen ist es daher eine Zumutung, dass Kanzlerin und Ministerpr\u00e4sident*innen als die vier Kontaktpersonen \u00fcber Weihnachten nur Personen erlauben, die sich aus dem &#8222;engsten Familienkreis&#8220; rekrutieren.<\/p>\n<p>Welchen Sinn macht das? Hat das wirklich epidemiologische Gr\u00fcnde? Oder steckt dahinter ein bewusstes oder unbewusstes Moralgebot?<\/p>\n<p>Als bereits Ende November Wochen Coronaregelungen f\u00fcr Silvester und Weihnachten bekannt gegeben wurden, begr\u00fcndete der bayerische Ministerpr\u00e4sident seine restriktive Haltung so:<\/p>\n<blockquote><p>&#8222;Es geht nicht darum, an Silvester gro\u00dfe Partys zu feiern, sondern an Weihnachten den Wert der Familie zu entdecken.&#8220;<\/p><\/blockquote>\n<p>Und <a href=\"https:\/\/www.sueddeutsche.de\/politik\/corona-pandemie-weihnachten-beschraenkungen-hotels-1.5129355\">Familie definierte<\/a> er so:<\/p>\n<blockquote><p>&#8222;Familie ist eine Familie, die alleinerziehend ist, eine Patchworkfamilie, Familie sind zwei Menschen, die zusammenleben, Familie sind diejenigen, die zusammenkommen &#8211; Eltern, Gro\u00dfeltern,\u00a0Kinder.&#8220;<\/p><\/blockquote>\n<p>Vielleicht korrigieren sich Kanzlerin und Ministerpr\u00e4sident*innen ja, oder sie konkretisieren den hinter &#8222;engsten Familienkreis&#8220; stehenden Familienbegriff als einen, der auch der Lebenswirklichkeit vieler queeren Menschen gerecht wird. Oder sie erkl\u00e4ren uns, warum das Zusammentreffen mit Herkunftsfamilienmitglieder anderer Haushalte epidemiologisch gesehen problematischer ist als das Zusammentreffen mit Wahlverwandtschaft aus anderen Haushalten.<\/p>\n<p>Tun sie das nicht, bedeutet das tats\u00e4chlich einen Kulturkampf: Der Staat kehrt zur\u00fcck zu seiner offenen Queerfeindlichkeit, die er bis in die j\u00fcngste Vergangenheit mit dem &#8222;Schutz der Familie&#8220; begr\u00fcndet hat.<\/p>\n<p>Der Aktivist und Autor Dirk Ludigs schreibt heute auf Facebook:<\/p>\n<blockquote>\n<div dir=\"auto\">Die erleichterten Kontaktbeschr\u00e4nkungen zu Weihnachten abh\u00e4ngig zu machen von Blutlinien ist so ekelerregend v\u00f6lkisch und ein solcher zivilisatorischer R\u00fcckfall, dass man als queerer Aktivist nur zum zivlien Ungehorsam aufrufen kann!<\/div>\n<div dir=\"auto\">Haltet euch an die Zahl der Kontakte, aber wer f\u00fcr uns Familie ist, bestimmt keine Regierung dieser Welt!<\/div>\n<\/blockquote>\n<p>Noch ist offen, ob das alles nur eine Art redaktionelles Versehen war, wobei auch das R\u00fcckschl\u00fcsse darauf zulassen w\u00fcrden, wie &#8211; im besten Fall &#8211; egal den Regierenden queere Realit\u00e4ten sind, wenn es wirklich einmal darauf ankommen w\u00fcrde, diese mal im Blick zu halten.<\/p>\n<p>Die n\u00e4chsten Tage werden zeigen, ob und wie sehr wir wirklich k\u00e4mpfen m\u00fcssen. Nicht um Weihnachten. Sondern tats\u00e4chlich um Werte: So traurig das auch ist: Es geht dann darum, was wir in der Gesellschaft wert sind.<\/p>\n<p>&#8212;&#8211;<\/p>\n<p><strong>Nachtrag:<\/strong> Der (offen schwule) Berliner Kultursenator und B\u00fcrgermeister Klaus Lederer (Die Linke) schreibt auf Facebook bezogen auf das Land Berlin:<\/p>\n<blockquote><p><a class=\"oajrlxb2 g5ia77u1 qu0x051f esr5mh6w e9989ue4 r7d6kgcz rq0escxv nhd2j8a9 nc684nl6 p7hjln8o kvgmc6g5 cxmmr5t8 oygrvhab hcukyx3x jb3vyjys rz4wbd8a qt6c0cv9 a8nywdso i1ao9s8h esuyzwwr f1sip0of lzcic4wl q66pz984 gpro0wi8 b1v8xokw\" tabindex=\"0\" role=\"link\" href=\"https:\/\/www.facebook.com\/hashtag\/berlin?__eep__=6&amp;__cft__[0]=AZW1AFpd7jL73OUmfPnS5hQ8gHUQH9jap3DBspn7RnoFjrSON_ufuyy_mUXYVO8AzLezVMXX56f3Q3QE1BGQliQLtwRUZtPPq4gxBp8wUGXpOsV28ZIX6Kf0nTRyJTLLcibJ1__XrEBp92D7OunBSlGI6ibzUHj14Q-LL4sa1NMh2w&amp;__tn__=*NK-y-R\">#Berlin<\/a> setzt die MPK-Beschl\u00fcsse um &amp; ich bin froh dar\u00fcber. Grundrechtsbet\u00e4tigung wird smart eingeschr\u00e4nkt, Buchhandel bleibt (\u201egeistige Tankstelle\u201c) offen, queerer &amp; Singlerealit\u00e4t wird Rechnung getragen. Kritik bleibt bei fehlenden Hilfen f\u00fcr Soloselbst\u00e4ndige &amp; Einkommensarme.<\/p><\/blockquote>\n<p>Auf dem Facebook-Profil von Dirk Ludigs erg\u00e4nzt er auf dessen Nachfrage:<\/p>\n<blockquote><p>Das bedeutet, dass sich in Berlin vom 24.-26. auch bis zu 5 Menschen aus 5 Haushalten treffen k\u00f6nnen (aber nicht m\u00fcssen!), die nicht im zivilrechtlichen Sinn enge Verwandte sind.<\/p><\/blockquote>\n<p>Auch die Berliner Senatorin und B\u00fcrgermeisterin Ramona Pop (B\u00fcndnis 90\/Die Gr\u00fcnen) stellte f\u00fcr Berlin klar, dass\u00a0 es in der<\/p>\n<blockquote><p>&#8222;Single-, Alleinerziehenden- ich will auch sagen queeren Hauptstadt wie Berlin, wo das Thema Wahlfamilie eben auch anders gelebt wird als nur die reine, sozusagen abstammungs-biologischen Familie &#8230;&#8220;<\/p><\/blockquote>\n<p>erm\u00f6glicht werde, auch in der Wahlfamilie mit f\u00fcnf Personen aus f\u00fcnf Haushalten Weihnachten zu verbringen. \u2666<\/p>\n<p><strong><em>Folgt mir auf\u00a0<a href=\"https:\/\/twitter.com\/nollendorfblog\">\u00a0Twitter<\/a>, Instagram\u00a0<\/em><\/strong><strong><em>(<a href=\"https:\/\/www.instagram.com\/insta_johanneskram\/\">@insta_johanneskram<\/a>) und\u00a0<a href=\"https:\/\/www.facebook.com\/Nollendorfblog-459879804081681\">Facebook<\/a>!<\/em><\/strong><\/p>\n<p><em>Alle Beitr\u00e4ge im Blog zu queeren Aspekten der <a href=\"https:\/\/www.nollendorfblog.de\/?cat=193\">Corona-Krise gibt es hier.<\/a><\/em><\/p>\n<div class=\"entry-content\">\n<hr class=\"wp-block-separator\" \/>\n<p><em><strong>V<\/strong><\/em><em><strong>ielen Dank an alle, die dieses Blog mit ihren Beitr\u00e4gen gerade in diesen schweren Zeiten erm\u00f6glichen!\u00a0<\/strong>Als unabh\u00e4ngiges und werbefreies Blog brauchen wir Deine Hilfe. Hier kannst Du uns auf\u00a0<strong><a href=\"https:\/\/www.paypal.com\/donate\/?token=Sx7UO35_SDcAJtU34UUHgtD5jyv1zex9ZEMhfnkmUSKCOtBwgAd3VhsSD8v7GsW2W2ygw0&amp;country.x=DE&amp;locale.x=de_DE\">Paypa<\/a>l<\/strong>\u00a0unterst\u00fctzen. Oder hier ein\u00a0<strong>freiwilliges Unterst\u00fctzerabo<\/strong>\u00a0abschlie\u00dfen:<\/em><\/p>\n<div>\n<div class=\"\" dir=\"auto\">\n<div id=\"jsc_c_1o0\" class=\"ecm0bbzt hv4rvrfc e5nlhep0 dati1w0a\" data-ad-comet-preview=\"message\" data-ad-preview=\"message\">\n<div class=\"j83agx80 cbu4d94t ew0dbk1b irj2b8pg\">\n<div class=\"qzhwtbm6 knvmm38d\">\n<div class=\"o9v6fnle cxmmr5t8 oygrvhab hcukyx3x c1et5uql ii04i59q\">\n<div dir=\"auto\">\n<div class=\"ecm0bbzt e5nlhep0 a8c37x1j\">\n<div class=\"o9v6fnle cxmmr5t8 oygrvhab hcukyx3x c1et5uql\">\n<div dir=\"auto\">\n<hr class=\"wp-block-separator\" \/>\n<figure class=\"wp-block-image\"><a href=\"https:\/\/steadyhq.com\/de\/nollendorfblog\"><img loading=\"lazy\" decoding=\"async\" class=\"alignleft size-full wp-image-8327\" src=\"https:\/\/www.nollendorfblog.de\/wp-content\/uploads\/2017\/11\/steady_button-linke.png\" sizes=\"auto, (max-width: 966px) 100vw, 966px\" srcset=\"https:\/\/www.nollendorfblog.de\/wp-content\/uploads\/2017\/11\/steady_button-linke.png 966w, https:\/\/www.nollendorfblog.de\/wp-content\/uploads\/2017\/11\/steady_button-linke-300x47.png 300w, https:\/\/www.nollendorfblog.de\/wp-content\/uploads\/2017\/11\/steady_button-linke-768x119.png 768w\" alt=\"\" width=\"966\" height=\"150\" \/><\/a><em>Mehr dazu:\u00a0<\/em><em><a href=\"https:\/\/www.nollendorfblog.de\/?p=8291\">Das Nollendorfblog braucht Deine Unterst\u00fctzung<\/a><\/em><\/figure>\n<\/div>\n<\/div>\n<\/div>\n<\/div>\n<\/div>\n<\/div>\n<\/div>\n<\/div>\n<\/div>\n<\/div>\n<\/div>\n","protected":false},"excerpt":{"rendered":"<p>F\u00fcr queere Menschen ist es eine Zumutung, dass Kanzlerin und Ministerpr\u00e4sident*innen als die vier Kontaktpersonen \u00fcber Weihnachten nur Personen erlauben, die sich aus dem &#8222;engsten Familienkreis&#8220; rekrutieren.<\/p>\n","protected":false},"author":1,"featured_media":12273,"comment_status":"closed","ping_status":"closed","sticky":false,"template":"","format":"standard","meta":{"footnotes":""},"categories":[188,55],"tags":[],"class_list":["post-12261","post","type-post","status-publish","format-standard","has-post-thumbnail","hentry","category-188","category-community"],"_links":{"self":[{"href":"https:\/\/www.nollendorfblog.de\/index.php?rest_route=\/wp\/v2\/posts\/12261","targetHints":{"allow":["GET"]}}],"collection":[{"href":"https:\/\/www.nollendorfblog.de\/index.php?rest_route=\/wp\/v2\/posts"}],"about":[{"href":"https:\/\/www.nollendorfblog.de\/index.php?rest_route=\/wp\/v2\/types\/post"}],"author":[{"embeddable":true,"href":"https:\/\/www.nollendorfblog.de\/index.php?rest_route=\/wp\/v2\/users\/1"}],"replies":[{"embeddable":true,"href":"https:\/\/www.nollendorfblog.de\/index.php?rest_route=%2Fwp%2Fv2%2Fcomments&post=12261"}],"version-history":[{"count":19,"href":"https:\/\/www.nollendorfblog.de\/index.php?rest_route=\/wp\/v2\/posts\/12261\/revisions"}],"predecessor-version":[{"id":12320,"href":"https:\/\/www.nollendorfblog.de\/index.php?rest_route=\/wp\/v2\/posts\/12261\/revisions\/12320"}],"wp:featuredmedia":[{"embeddable":true,"href":"https:\/\/www.nollendorfblog.de\/index.php?rest_route=\/wp\/v2\/media\/12273"}],"wp:attachment":[{"href":"https:\/\/www.nollendorfblog.de\/index.php?rest_route=%2Fwp%2Fv2%2Fmedia&parent=12261"}],"wp:term":[{"taxonomy":"category","embeddable":true,"href":"https:\/\/www.nollendorfblog.de\/index.php?rest_route=%2Fwp%2Fv2%2Fcategories&post=12261"},{"taxonomy":"post_tag","embeddable":true,"href":"https:\/\/www.nollendorfblog.de\/index.php?rest_route=%2Fwp%2Fv2%2Ftags&post=12261"}],"curies":[{"name":"wp","href":"https:\/\/api.w.org\/{rel}","templated":true}]}}