{"id":12388,"date":"2021-01-13T16:37:36","date_gmt":"2021-01-13T14:37:36","guid":{"rendered":"http:\/\/www.nollendorfblog.de\/?p=12388"},"modified":"2021-02-06T02:20:04","modified_gmt":"2021-02-06T00:20:04","slug":"hitler-transenina-queer-luegt-offensichtlich-schon-wieder-ihre-fans-an","status":"publish","type":"post","link":"https:\/\/www.nollendorfblog.de\/?p=12388","title":{"rendered":"&#8222;Hitler-Transe&#8220;: Applaus f\u00fcr die Verniedlichung von Rassismus"},"content":{"rendered":"<p>Zun\u00e4chst eine Vorbemerkung:<\/p>\n<p>Besonders Leser*innen, die nicht aus Berlin kommen, fragen sich, warum dieser Blog einer trashigen Berliner Lokalber\u00fchmtheit so viel Aufmerksamkeit schenkt. Auch mir geht es so, dass ich mich lieber mit anderen Themen besch\u00e4ftigen w\u00fcrde, aber es geht hier auch um Rassismus und ob und wie dar\u00fcber in der \u00d6ffentlichkeit gesprochen wird. Seit Jahren erzielt Nina Queer ihren Erfolg unter anderem damit, mit rassistischen und minderheitenfeindlichen \u00c4u\u00dferungen zu provozieren. Ihre Karriere wurde nicht nur ma\u00dfgeblich durch die<a href=\"https:\/\/www.nollendorfblog.de\/?p=12332\"> BILD-Zeitung, sondern auch durch den RBB bef\u00f6rdert<\/a>, der immer wieder daf\u00fcr gesorgt hat, dass Rassismusvorw\u00fcrfe an ihr abprallen konnten. Es ist nicht nur auff\u00e4llig, wie oft Nina Queer Teil des RBB-Fernsehprogramms ist, sondern auch, dass sie sich meines Wissens dort nie zu ihren Grenz\u00fcberschreitungen \u00e4u\u00dfern musste. Das \u00f6ffentlich-rechtliche Glattb\u00fcgeln von Rassismusvorw\u00fcrfen f\u00fchrt zu weiterem Rassismus, weil die, die diesen beklagen, zu Irren erkl\u00e4rt werden, zu Zensoren, die b\u00f6se Dinge \u00fcber vermeintlich harmlose Pers\u00f6nlichkeiten in Umlauf setzen. Es entsteht ein gef\u00e4hrlicher Opfer-Mythos, wie man sich gerade auf Nina Queers Facebookseite anschauen kann.<\/p>\n<p>Nina Queer f\u00fchlt sich durch die mediale Unterst\u00fctzung offensichtlich ermutigt, ihre Opfer-Inszenierung immer weiter auf die Spitze zu treiben. Dabei schreckt sie selbst vor dreisten L\u00fcgen nicht zur\u00fcck. Bei der letzten gro\u00dfen \u00f6ffentlichen Aufregung <a href=\"https:\/\/www.nollendorfblog.de\/?p=11953\">um rassistische \u00c4u\u00dferungen<\/a>, die zu gro\u00dfen Verwerfungen innerhalb des Berliner CSDs f\u00fchrten, wollte Nina Queer mich <a href=\"https:\/\/www.nollendorfblog.de\/?p=11980\">sogar verklagen<\/a> und behauptete, der von mir pr\u00e4sentierte rassistische Facebook-Post sei Fake. Sie schrieb:<\/p>\n<div class=\"kvgmc6g5 cxmmr5t8 oygrvhab hcukyx3x c1et5uql ii04i59q\">\n<blockquote>\n<div dir=\"auto\">ACHTUNG FAKE!<\/div>\n<\/blockquote>\n<\/div>\n<blockquote>\n<div class=\"o9v6fnle cxmmr5t8 oygrvhab hcukyx3x c1et5uql ii04i59q\">\n<div dir=\"auto\">Liebe Freunde, liebe G\u00e4ste, liebe Fans.<\/div>\n<div dir=\"auto\">Zur Zeit geistert das Foto, eines Postings von mir, im Internet herum, welches ich NIEMALS so geschrieben habe. Es wurde nachtr\u00e4glich manipuliert und ist eine F\u00e4lschung. Meine Anw\u00e4lte sind bereits eingeschaltet und werden jeden zur Anzeige und Rechenschaft bringen, der solchen Dreck \u00fcber mich verbreitet.<\/div>\n<\/div>\n<div class=\"o9v6fnle cxmmr5t8 oygrvhab hcukyx3x c1et5uql ii04i59q\">\n<div dir=\"auto\">Obwohl ich niemals rechtlich gegen die eigene Community vorgehen wollte, bleibt mir diesmal keine Wahl.<\/div>\n<\/div>\n<\/blockquote>\n<div class=\"o9v6fnle cxmmr5t8 oygrvhab hcukyx3x c1et5uql ii04i59q\">\n<blockquote>\n<div dir=\"auto\">Euch allen einen sch\u00f6nen Sonntag, Eure Nina\u00a0<span class=\"q9uorilb tbxw36s4 knj5qynh kvgmc6g5 ditlmg2l oygrvhab nvdbi5me fgm26odu gl3lb2sf hhz5lgdu\"><img loading=\"lazy\" decoding=\"async\" src=\"https:\/\/static.xx.fbcdn.net\/images\/emoji.php\/v9\/t6c\/1\/16\/2764.png\" alt=\"\u2764\" width=\"16\" height=\"16\" \/><\/span><\/div>\n<\/blockquote>\n<\/div>\n<p>Das war, wie wir heute wissen <a href=\"https:\/\/www.nollendorfblog.de\/?p=12038\">und sie selbst zugeben musste<\/a>, nicht wahr. Nina Queer l\u00fcgt. Ihr Rassismus war echt.<\/p>\n<p>Doch ihrer Reputation beim RBB und anderswo hat das nicht geschadet. Wenn man ihre anschlie\u00dfenden Auftritte anschaut, k\u00f6nnte man fast meinen: Im Gegenteil. Nina Queer kann sich offensichtlich alles erlauben. Und das tut sie dann auch:<\/p>\n<p>Die Dragqueen scheint auch bei der aktuellen Aufregung darauf zu bauen, dass sie bald nicht weiter mit ihrem Rassismus und ihren beschwichtigenden L\u00fcgen konfrontiert werden wird.<\/p>\n<p>Gestern schrieb sie an ihre Fans auf Facebook:<\/p>\n<div class=\"kvgmc6g5 cxmmr5t8 oygrvhab hcukyx3x c1et5uql ii04i59q\">\n<blockquote>\n<div dir=\"auto\">Ich bin RTL sehr dankbar, dass man mich als Kandidatin f\u00fcr die Dschungelshow verpflichtet hat.<\/div>\n<\/blockquote>\n<\/div>\n<blockquote>\n<div class=\"o9v6fnle cxmmr5t8 oygrvhab hcukyx3x c1et5uql ii04i59q\">\n<div dir=\"auto\">Jetzt hat man kurzfristig entschieden, dass ich nicht mehr dabei sein soll.<\/div>\n<\/div>\n<div class=\"o9v6fnle cxmmr5t8 oygrvhab hcukyx3x c1et5uql ii04i59q\">\n<div dir=\"auto\">Der Vorwurf gegen mich sind rassistische und antisemitische \u00c4u\u00dferungen, die ich angeblich get\u00e4tigt habe.<\/div>\n<\/div>\n<div class=\"o9v6fnle cxmmr5t8 oygrvhab hcukyx3x c1et5uql ii04i59q\">\n<div dir=\"auto\">Schon an dieser Stelle sei gesagt: Ich bin keine Rassistin und ich bin keine Antisemitin. Ich distanziere mich eindeutig von Rassismus und Antisemitismus.<\/div>\n<\/div>\n<div class=\"o9v6fnle cxmmr5t8 oygrvhab hcukyx3x c1et5uql ii04i59q\">\n<div dir=\"auto\">Der Grund f\u00fcr die Entscheidung ist ein Interview mit dem Tagesspiegel aus dem Sommer 2019. Ich wurde auf ein Posting von mir im Zusammenhang eines gewaltt\u00e4tigen homophoben Angriffs angesprochen.<\/div>\n<\/div>\n<div class=\"o9v6fnle cxmmr5t8 oygrvhab hcukyx3x c1et5uql ii04i59q\">\n<div dir=\"auto\">Die emotionale Wortwahl des Beitrags kurz nach dem Angriff habe ich bedauert und mich daf\u00fcr entschuldigt.<\/div>\n<\/div>\n<div class=\"o9v6fnle cxmmr5t8 oygrvhab hcukyx3x c1et5uql ii04i59q\">\n<div dir=\"auto\">Im Interview sagte ich aber, dass ich trotz allem, solche Gewalt gegen die Community nicht akzeptieren will. Ich wurde dann vom Redakteur gefragt, ob es mich denn nicht st\u00f6ren w\u00fcrde, wenn ich als \u201eHitler-Transe\u201c dargestellt werde. Darauf habe ich geantwortet: \u201edann bin ich eben die erste Hitler-Transe, dann nehme ich das so hin.\u201c<\/div>\n<\/div>\n<div class=\"o9v6fnle cxmmr5t8 oygrvhab hcukyx3x c1et5uql ii04i59q\">\n<div dir=\"auto\">Die Aussage ist hart, aber klar satirisch. Das hat auch der Tagesspiegel damals so verstanden. Gerade diese Redaktion steht sicherlich nicht im Verdacht, rassistische Inhalte zu propagieren. Schlie\u00dflich stammt die ursp\u00fcngliche Wortsch\u00f6pfung der Hitler-Transe nicht von mir, sondern vom Tagesspiegel Redakteur.<\/div>\n<\/div>\n<div class=\"o9v6fnle cxmmr5t8 oygrvhab hcukyx3x c1et5uql ii04i59q\">\n<div dir=\"auto\">RTL wurde nun von meiner ehemaligen Freundin Desiree Nick, die ein pers\u00f6nliches Problem mit mir hat, mit einem Instagram-Posting konfrontiert in dem steht, ich w\u00e4re die \u201cselbsternannte Hitler-Transe\u201c.<\/div>\n<\/div>\n<div class=\"o9v6fnle cxmmr5t8 oygrvhab hcukyx3x c1et5uql ii04i59q\">\n<div dir=\"auto\">Ich bin entt\u00e4uscht, dass man ohne Recherche oder Gespr\u00e4ch mit mir diese Entscheidung getroffen hat.<\/div>\n<\/div>\n<div class=\"o9v6fnle cxmmr5t8 oygrvhab hcukyx3x c1et5uql ii04i59q\">\n<div dir=\"auto\">Denn nicht nur die Vorw\u00fcrfe sind falsch, auch ist meine Aussage aus dem Kontext gerissen.<\/div>\n<\/div>\n<div class=\"o9v6fnle cxmmr5t8 oygrvhab hcukyx3x c1et5uql ii04i59q\">\n<div dir=\"auto\">Ich kann verstehen, dass nach dem Fehler mit Michael Wendler bei RTL die Nerven Blank liegen. Nun werde ich aber (ob beabsichtigt oder nicht) mit dem Wendler in einen Topf geworfen. Das ist nicht nur unfair, sondern grob falsch.<\/div>\n<\/div>\n<div class=\"o9v6fnle cxmmr5t8 oygrvhab hcukyx3x c1et5uql ii04i59q\">\n<div dir=\"auto\">Im Leben einer Witze-Erz\u00e4hlerin geht der ein oder andere Witz mal daneben. Und ob man sich jetzt f\u00fcr Witze entschuldigen sollte, oder nicht. Ich habe mich entschuldigt, wenn ich das Gef\u00fchl hatte zu weit gegangen zu sein.<\/div>\n<\/div>\n<div class=\"o9v6fnle cxmmr5t8 oygrvhab hcukyx3x c1et5uql ii04i59q\">\n<div dir=\"auto\">Ich habe mich nie um die Anderen gek\u00fcmmert. Damit meine ich diejenigen, die man mit keiner Entschuldigung bes\u00e4nftigen kann. Die, die nicht vergeben k\u00f6nnen. Ich habe immer gedacht: Lass Sie reden. Aber in der heutigen Zeit wird die L\u00fcge die immer wieder wiederholt wird, irgendwann zu einer Scheinwahrheit.<\/div>\n<\/div>\n<div class=\"o9v6fnle cxmmr5t8 oygrvhab hcukyx3x c1et5uql ii04i59q\">\n<div dir=\"auto\">Das wird sich jetzt \u00e4ndern. Ich werde gegen jeden Vorgehen, der mich falsch zitiert und Rufmord an mir begeht<\/div>\n<\/div>\n<div class=\"o9v6fnle cxmmr5t8 oygrvhab hcukyx3x c1et5uql ii04i59q\">\n<div dir=\"auto\">Ich will mich nicht mit bekannten TV-K\u00fcnstlern wie Lisa Eckhart vergleichen. Ich kann aber nicht anders, als mich auch als Betroffene der immer weiter um sich greifenden Cancel-Culture zu sehen.<\/div>\n<\/div>\n<div class=\"o9v6fnle cxmmr5t8 oygrvhab hcukyx3x c1et5uql ii04i59q\">\n<div dir=\"auto\">Ein Gedanke noch zu Desiree. Ich habe ihr \u00f6ffentlich die Freundschaft gek\u00fcndigt. Wir sind danach in den Medien nicht zimperlich miteinander umgegangen.<\/div>\n<div dir=\"auto\">Ich kann verstehen, dass Sie nicht gut auf mich zu sprechen ist. Vielleicht hasst Sie mich auch, ich wei\u00df es nicht.<\/div>\n<\/div>\n<div class=\"o9v6fnle cxmmr5t8 oygrvhab hcukyx3x c1et5uql ii04i59q\">\n<div dir=\"auto\">\u00dcbel nehme ich folgendes: Eine Entertainerin, die sich ihre Prominenz mit harten und grenzwertigen Spr\u00fcchen erworben hat, dreht den Spie\u00df hier um.<\/div>\n<div dir=\"auto\">Ich bin nicht die Witze-Polizei und alleine deshalb hoffe ich, dass die deren falschen Applaus Desiree jetzt einsammelt, sich nicht irgendwann gegen sie wenden.<\/div>\n<\/div>\n<div class=\"o9v6fnle cxmmr5t8 oygrvhab hcukyx3x c1et5uql ii04i59q\">\n<div dir=\"auto\">ALWAYS LOVE, bleibt gesund. Eure Nina <span class=\"pq6dq46d tbxw36s4 knj5qynh kvgmc6g5 ditlmg2l oygrvhab nvdbi5me sf5mxxl7 gl3lb2sf hhz5lgdu\"><img loading=\"lazy\" decoding=\"async\" src=\"https:\/\/static.xx.fbcdn.net\/images\/emoji.php\/v9\/t6c\/1\/16\/2764.png\" alt=\"\u2764\" width=\"16\" height=\"16\" \/><\/span><\/div>\n<\/div>\n<\/blockquote>\n<p>Auf Facebook wird sie f\u00fcr dieses Statement gefeiert, es bekam \u00fcber 1000 Likes und Herz-Smileys. Auch von renommierten Vertretern aus der Community wie dem Gr\u00fcnder der LGBTI-Karrieremesse STICKS &amp; STONES, Stuart Cameron, und Michael R\u00e4del, dem Herausgeber von M\u00e4nner Media, zu der u.a. die queeren Magazine BLU und Hinnerk geh\u00f6ren.<\/p>\n<p>Wahrscheinlich wird es den allermeisten Nina-Queer-Unterst\u00fctzer*innen auch diesmal egal sein, ob ihre zentralen Ausagen L\u00fcgen und ihre Opfer-Erz\u00e4hlung die Fortsetzung des immer gleichen M\u00e4rchens ist. Das entscheidende Argument ihrer Vorw\u00e4rtsverteidigung lautet: Der Begriff &#8222;Hitler-Transe&#8220; stamme nicht von ihr, sondern sei von ihrem Interviewer, dem Tagesspiegel-Redakteur Sebastian Goddemeier ins Gespr\u00e4ch gebracht worden. Sie habe nur darauf reagiert. Diese Aussage ist insofern brisant, als sie den Tagesspiegel hier indirekt beschuldigt, den Gespr\u00e4chsverlauf an entscheidender Stelle falsch wiedergegeben zu haben. Ob Nina Queer hier die Wahrheit sagt, ist auch deshalb wichtig, weil sie RTL mit dieser Schilderung vorwerfen kann, sie wegen falscher Anschuldigen herausgeworfen zu haben.<\/p>\n<p>Fakt ist: Nina Queer l\u00fcgt auch hier. Ihre ganze Argumentation bricht in sich zusammen. Ich hatte die M\u00f6glichkeit, mir die entsprechende Phase des Tagesspiegel-Gespr\u00e4chs anzuh\u00f6ren, das mit Nina Queers Wissen auf Band aufgenommen worden war. Das im Tagesspiegel ver\u00f6ffentlichte Zitat<\/p>\n<blockquote><p>\u00a0\u201eDann bin ich eben die erste Hitler-Transe, die es gibt.\u201c<\/p><\/blockquote>\n<p>ist so gefallen. Es ist nicht aus dem Kontext gerissen. Es ist nicht die Erwiderung auf einen Einwand des Redakteurs, sondern Teil ihrer Rechtfertigung des Posts, in dem sie ihre Forderung nach Abschiebung in Kriegsgebiete verteidigt.<\/p>\n<p>Nina Queer bel\u00fcgt ihre Fans und verniedlicht ihren Rassismus.<\/p>\n<p>Jede*r, die oder der ihr daf\u00fcr applaudiert, ist dabei ihr Komplize. \u2666<\/p>\n<p>&#8212;<\/p>\n<p><em>Nachtrag:\u00a0<\/em><\/p>\n<p>Der Tagesspiegel hat eine<a href=\"https:\/\/www.tagesspiegel.de\/gesellschaft\/queerspiegel\/in-eigener-sache-klarstellung-zu-einer-falschen-behauptung-von-nina-queer\/26795134.html?fbclid=IwAR2P97Y-SXIZntgH2H4NNcaX2QhHOfUr5DIo8i57ZRrTdaoDNuvRrNByNHE\"> Erkl\u00e4rung<\/a> zu Nina Queers Falschbehauptung ver\u00f6ffentlicht und schreibt.<\/p>\n<blockquote><p>\u00a0&#8222;Wir bitten Nina Queer, diese Behauptung nicht mehr zu verbreiten und sie von ihren Profilen in den sozialen Medien zu l\u00f6schen&#8220;<\/p><\/blockquote>\n<p>Nachtrag 2:<\/p>\n<p>Ich habe die \u00dcberschrift dieses Beitrags ge\u00e4ndert. Die urspr\u00fcngliche Headline lautete: <span style=\"font-weight: 400;\"><a href=\"https:\/\/www.nollendorfblog.de\/?p=12388\">\u201eHitler-Transe\u201c: Nina Queer bel\u00fcgt (schon wieder) ihre Fans<\/a>.<\/span><\/p>\n<p><strong><em>Folgt mir auf\u00a0<a href=\"https:\/\/twitter.com\/nollendorfblog\">\u00a0Twitter<\/a>, Instagram\u00a0<\/em><\/strong><strong><em>(<a href=\"https:\/\/www.instagram.com\/insta_johanneskram\/\">@insta_johanneskram<\/a>) und\u00a0<a href=\"https:\/\/www.facebook.com\/Nollendorfblog-459879804081681\">Facebook<\/a>!<\/em><\/strong><\/p>\n<hr \/>\n<p>&nbsp;<\/p>\n<p>Hier der urspr\u00fcngliche Blogbeitrag:<\/p>\n<p><a href=\"https:\/\/www.nollendorfblog.de\/?p=12332\">RTL-Rauswurf der \u201eHitler-Transe\u201c: L\u00fcgen von \u201eBILD\u201c, PR vom RBB<\/a><\/p>\n<p>&nbsp;<\/p>\n<p><em>Mehr im Blog zum Thema:<\/em><\/p>\n<p><em><a href=\"https:\/\/www.nollendorfblog.de\/?p=12175\">Wie die RBB-Intendantin Patricia Schlesinger beim Rassismus von Dieter Nuhr versagt hat.<\/a><\/em><\/p>\n<p><em><a href=\"https:\/\/www.nollendorfblog.de\/?p=7778\">Nach \u201emenschenverachtendem\u201c Facebook-Post: SPD Berlin distanziert sich von Toleranzbotschafterin Nina Queer<\/a><\/em><\/p>\n<p><em><a href=\"https:\/\/www.nollendorfblog.de\/?p=6993\">Rassismus: Warum Nina Queer nicht Borat ist<\/a><\/em><\/p>\n<p><em><a href=\"https:\/\/www.nollendorfblog.de\/?p=11953\">\u201eBlack Lives Matter\u201c: CSD Berlin m\u00f6chte rassistischer und sexistischer Provokateurin Plattform bieten<\/a><\/em><\/p>\n<p><em>&#8212;<\/em><\/p>\n<p><em>Im BILDblog habe ich \u00fcber Nina Queers Kolumne bei Queer-BILD geschrieben: <a href=\"https:\/\/bildblog.de\/96733\/bild-feiert-den-schwulen-selbsthass\/\">BILD feiert den schwulen Selbsthass\u00a0<\/a><\/em><\/p>\n<div class=\"entry-content\">\n<hr class=\"wp-block-separator\" \/>\n<p><em><strong>V<\/strong><\/em><em><strong>ielen Dank an alle, die dieses Blog mit ihren Beitr\u00e4gen gerade in diesen schweren Zeiten erm\u00f6glichen!\u00a0<\/strong>Als unabh\u00e4ngiges und werbefreies Blog brauchen wir Deine Hilfe. Hier kannst Du uns auf\u00a0<strong><a href=\"https:\/\/www.paypal.com\/donate\/?token=Sx7UO35_SDcAJtU34UUHgtD5jyv1zex9ZEMhfnkmUSKCOtBwgAd3VhsSD8v7GsW2W2ygw0&amp;country.x=DE&amp;locale.x=de_DE\">Paypa<\/a>l<\/strong>\u00a0unterst\u00fctzen. Oder hier ein\u00a0<strong>freiwilliges Unterst\u00fctzerabo<\/strong>\u00a0abschlie\u00dfen:<\/em><\/p>\n<div>\n<div class=\"\" dir=\"auto\">\n<div id=\"jsc_c_1o0\" class=\"ecm0bbzt hv4rvrfc e5nlhep0 dati1w0a\" data-ad-comet-preview=\"message\" data-ad-preview=\"message\">\n<div class=\"j83agx80 cbu4d94t ew0dbk1b irj2b8pg\">\n<div class=\"qzhwtbm6 knvmm38d\">\n<div class=\"o9v6fnle cxmmr5t8 oygrvhab hcukyx3x c1et5uql ii04i59q\">\n<div dir=\"auto\">\n<div class=\"ecm0bbzt e5nlhep0 a8c37x1j\">\n<div class=\"o9v6fnle cxmmr5t8 oygrvhab hcukyx3x c1et5uql\">\n<div dir=\"auto\">\n<hr class=\"wp-block-separator\" \/>\n<figure class=\"wp-block-image\"><a href=\"https:\/\/steadyhq.com\/de\/nollendorfblog\"><img loading=\"lazy\" decoding=\"async\" class=\"alignleft size-full wp-image-8327\" src=\"https:\/\/www.nollendorfblog.de\/wp-content\/uploads\/2017\/11\/steady_button-linke.png\" sizes=\"auto, (max-width: 966px) 100vw, 966px\" srcset=\"https:\/\/www.nollendorfblog.de\/wp-content\/uploads\/2017\/11\/steady_button-linke.png 966w, https:\/\/www.nollendorfblog.de\/wp-content\/uploads\/2017\/11\/steady_button-linke-300x47.png 300w, https:\/\/www.nollendorfblog.de\/wp-content\/uploads\/2017\/11\/steady_button-linke-768x119.png 768w\" alt=\"\" width=\"966\" height=\"150\" \/><\/a><em>Mehr dazu:\u00a0<\/em><em><a href=\"https:\/\/www.nollendorfblog.de\/?p=8291\">Das Nollendorfblog braucht Deine Unterst\u00fctzung<\/a><\/em><\/figure>\n<\/div>\n<\/div>\n<\/div>\n<\/div>\n<\/div>\n<\/div>\n<\/div>\n<\/div>\n<\/div>\n<\/div>\n<\/div>\n<p>&nbsp;<\/p>\n","protected":false},"excerpt":{"rendered":"<p>Ihren Fans, Unterst\u00fctzer-Medien und vielen Unterst\u00fctzern aus der Community wird es wahrscheinlich auch diesmal egal sein. Aber: Nina Queer l\u00fcgt in ihrer Erkl\u00e4rung nach dem RTL-Rauswurf auch diesmal. Und das im entscheidenden Punkt.<\/p>\n","protected":false},"author":1,"featured_media":12391,"comment_status":"closed","ping_status":"closed","sticky":false,"template":"","format":"standard","meta":{"footnotes":""},"categories":[188,74,169,166,112,167],"tags":[36,195],"class_list":["post-12388","post","type-post","status-publish","format-standard","has-post-thumbnail","hentry","category-188","category-medien","category-online","category-print","category-rassismus","category-tv","tag-bild","tag-rbb"],"_links":{"self":[{"href":"https:\/\/www.nollendorfblog.de\/index.php?rest_route=\/wp\/v2\/posts\/12388","targetHints":{"allow":["GET"]}}],"collection":[{"href":"https:\/\/www.nollendorfblog.de\/index.php?rest_route=\/wp\/v2\/posts"}],"about":[{"href":"https:\/\/www.nollendorfblog.de\/index.php?rest_route=\/wp\/v2\/types\/post"}],"author":[{"embeddable":true,"href":"https:\/\/www.nollendorfblog.de\/index.php?rest_route=\/wp\/v2\/users\/1"}],"replies":[{"embeddable":true,"href":"https:\/\/www.nollendorfblog.de\/index.php?rest_route=%2Fwp%2Fv2%2Fcomments&post=12388"}],"version-history":[{"count":33,"href":"https:\/\/www.nollendorfblog.de\/index.php?rest_route=\/wp\/v2\/posts\/12388\/revisions"}],"predecessor-version":[{"id":12428,"href":"https:\/\/www.nollendorfblog.de\/index.php?rest_route=\/wp\/v2\/posts\/12388\/revisions\/12428"}],"wp:featuredmedia":[{"embeddable":true,"href":"https:\/\/www.nollendorfblog.de\/index.php?rest_route=\/wp\/v2\/media\/12391"}],"wp:attachment":[{"href":"https:\/\/www.nollendorfblog.de\/index.php?rest_route=%2Fwp%2Fv2%2Fmedia&parent=12388"}],"wp:term":[{"taxonomy":"category","embeddable":true,"href":"https:\/\/www.nollendorfblog.de\/index.php?rest_route=%2Fwp%2Fv2%2Fcategories&post=12388"},{"taxonomy":"post_tag","embeddable":true,"href":"https:\/\/www.nollendorfblog.de\/index.php?rest_route=%2Fwp%2Fv2%2Ftags&post=12388"}],"curies":[{"name":"wp","href":"https:\/\/api.w.org\/{rel}","templated":true}]}}