{"id":12519,"date":"2021-02-08T09:09:02","date_gmt":"2021-02-08T07:09:02","guid":{"rendered":"http:\/\/www.nollendorfblog.de\/?p=12519"},"modified":"2021-07-11T21:34:06","modified_gmt":"2021-07-11T19:34:06","slug":"keine-religion-hallervorden-verschlimmbessert-kritik","status":"publish","type":"post","link":"https:\/\/www.nollendorfblog.de\/?p=12519","title":{"rendered":"&#8222;Keine Religion!&#8220; Hallervorden verschlimmbessert Kritik"},"content":{"rendered":"<p>Nach meinem letzten Blogeintrag \u00fcber die<a href=\"https:\/\/www.nollendorfblog.de\/?p=12466\"> Attacken des Schauspielers<\/a> und Intendanten Dieter Hallervorden auf die Schauspieler*innen der Massen-Coming-out-Aktion #Actout hat es heftige Proteste gegen den Theatermacher gegeben.<\/p>\n<p>U.a. in einer Pressemitteilung der Queer Media Society:<\/p>\n<div class=\"o9v6fnle cxmmr5t8 oygrvhab hcukyx3x c1et5uql ii04i59q\">\n<blockquote>\n<div dir=\"auto\">\n<p>Gegen Verunglimpfung durch prominente Ku\u0308nstlerkollegen wie Schauspieler und Theaterleiter Dieter Hallervorden mu\u0308ssen wir uns allerdings entschieden wehren.<\/p>\n<\/div>\n<\/blockquote>\n<\/div>\n<blockquote>\n<div class=\"o9v6fnle cxmmr5t8 oygrvhab hcukyx3x c1et5uql ii04i59q\">\n<div dir=\"auto\">\u00bbAber niemand sollte mit seiner Besonderheit meinen, es besonders in den publizit\u00e4ren Vordergrund zu ru\u0308cken. Es gilt einfach: Jedem das Seine!\u00ab (Dieter Hallervorden via Facebook-Kommentar)<\/div>\n<\/div>\n<\/blockquote>\n<div class=\"o9v6fnle cxmmr5t8 oygrvhab hcukyx3x c1et5uql ii04i59q\">\n<blockquote>\n<div dir=\"auto\">Dies demonstriert, wie weit entfernt wir auch im Jahr 2021 von Geschichtsbewusstsein, Akzeptanz, Inklusion und Teilhabe sind, wie n\u00f6tig die Initiative #ActOut ist und wie wichtig die nachhaltige Arbeit der QMS ist.<\/div>\n<\/blockquote>\n<\/div>\n<p>Hallervorden hat sich nun in einem weiteren Facebook-Kommentar erkl\u00e4rt. Und alles verschlimmbessert:<\/p>\n<blockquote>\n<div dir=\"auto\">Dass ich mit Nazis nichts \u201eam Hut\u201c habe, ist aktenkundig.<\/div>\n<div dir=\"auto\">Jedem das Seine kommt aus dem Lateinischen und war in Deutschland Jahrhunderte alter Sprachgebrauch.<\/div>\n<div dir=\"auto\">Frage: Sollen Nazis auf Ewigkeit triumphieren, weil sie es mit Zw\u00f6lf Jahren Diktatur geschafft haben, unsere Sprachgewonheiten zu limitieren?<\/div>\n<div dir=\"auto\">Aber gut, ich gebe zu, das h\u00e4tte man anders formulieren m\u00fcssen!<\/div>\n<div dir=\"auto\">Und damit ihr euch weiter ereifern k\u00f6nnt, sag ich es mal mit Berliner Kodderschnauze:<\/div>\n<div dir=\"auto\">Jedem Tierchen sein Pl\u00e4sierchen! Keine Benachteiligung! Respektvoller Umgang f\u00fcr mich selbstverst\u00e4ndlich.<\/div>\n<div dir=\"auto\">Nur bitte von keiner Seite ne Art \u201eReligion\u201c draus machen&#8230;.<\/div>\n<div dir=\"auto\">Nicht dass mich irgendwann das Gef\u00fchl beschleicht, ich m\u00fcsse erkl\u00e4ren, warum ic heterosexuell war, bin und bleibe&#8230;..<\/div>\n<div dir=\"auto\">Ansonsten: Meine Arme f\u00fcr Zusammenarbeit sind offen!!!!!<\/div>\n<\/blockquote>\n<div dir=\"auto\">\n<p><span style=\"font-weight: 400;\">Das ist AfD-Sprech pur.\u00a0 Er hat also nichts gegen Homosexuelle, aber:<\/span><\/p>\n<p><span style=\"font-weight: 400;\">Wie sollen sich denn Homosexuelle outen, ohne, dass es zur &#8222;Religion&#8220; wird? Wenn bei ihm schon nach einer solchen bed\u00e4chtig argumentierten Aktion die Alarmglocken klingen? Queere Menschen, die durch ihr offenes queer-Sein eine Zumutung f\u00fcr Heteros sind, weil die sich dann irgendwann erkl\u00e4ren m\u00fcssten? Nach Hallervorderns Definition von &#8222;respektvollem Umgang&#8220; ist die einzige Form von Homosexualit\u00e4t, die nicht in Gefahr steht, irgendwann zum Problem zu werden, diejenige, im Schrank zu bleiben.<\/span><\/p>\n<p><span style=\"font-weight: 400;\">Aber den Hammer bringt er, wie bei seinem letzten Statement, wieder am Schluss: Ein Theaterintendant, der offen f\u00fcr die Zusammenarbeit mit homosexuellen Schauspieler*innen ist?<\/span><\/p>\n<p><span style=\"font-weight: 400;\">Mannomann!<\/span><\/p>\n<\/div>\n<p>\u2666<\/p>\n<p><a href=\"https:\/\/queerkram.podigee.io\/19-neue-episode\"><img loading=\"lazy\" decoding=\"async\" class=\"alignleft wp-image-12665\" src=\"https:\/\/www.nollendorfblog.de\/wp-content\/uploads\/2021\/02\/Teaser-Queerkram-Foto-Actout-300x130.jpg\" alt=\"\" width=\"232\" height=\"174\" srcset=\"https:\/\/www.nollendorfblog.de\/wp-content\/uploads\/2021\/02\/Teaser-Queerkram-Foto-Actout-300x225.jpg 300w, https:\/\/www.nollendorfblog.de\/wp-content\/uploads\/2021\/02\/Teaser-Queerkram-Foto-Actout.jpg 696w\" sizes=\"auto, (max-width: 232px) 100vw, 232px\" \/><\/a><em>Update 27. Februar 2021:<\/em><\/p>\n<p>In meinem Podcast habe ich mit den beiden #ActOut-Initiator*innen, der Schauspieler*in Karin Hanczewski (&#8222;Tatort&#8220;) und ihrem Kollegen Godehard Giese (&#8222;Babylon Berlin&#8220;) \u00fcber ihre Initiative gesprochen: Die bewegende Entstehungsgeschichte, die Reaktionen und was nun passieren soll. Der von queer.de pr\u00e4sentierte QUEERKRAM-Podcast l\u00e4sst sich auch auf allen gro\u00dfen Podcast-Portalen und Apps abspielen.<\/p>\n<p><em><span style=\"font-weight: 400;\">Hier der Ursprungsbeitrag zum Thema #Actout:<\/span><\/em><\/p>\n<p><strong><em><a href=\"https:\/\/www.nollendorfblog.de\/?p=12429\">Schauspieler*innen-Coming-out: Der Kampf beginnt erst jetzt!<\/a><\/em><\/strong><\/p>\n<p><span style=\"font-weight: 400;\">&#8212;<\/span><\/p>\n<p><em><span style=\"font-weight: 400;\">Weitere Beitr\u00e4ge zum Thema:<\/span><\/em><\/p>\n<p><em>Meine Rede anl\u00e4sslich zur Gr\u00fcndung der Queer Media Society:<\/em><\/p>\n<p><strong><em><a href=\"https:\/\/www.nollendorfblog.de\/?p=10018\">Queer in den Medien: Homosexualit\u00e4t ist keine Privatsache!<\/a><\/em><\/strong><\/p>\n<p><em>Im Theatermagazin habe ich 2018 \u00fcber Homophobie in Theater, Fernsehen und Film geschrieben und Coming-outs von Schauspieler*innen geschrieben. Ich bin sehr froh, dass sich die \u00dcberschrift von damals jetzt \u00fcberholt hat. Sie lautete:<\/em><\/p>\n<p><strong><em><a href=\"https:\/\/www.der-theaterverlag.de\/theatermagazin\/dtm\/theatermagazin-06-2018\/homophobie-im-theater\/\">J<\/a><\/em><em><a href=\"https:\/\/www.der-theaterverlag.de\/theatermagazin\/dtm\/theatermagazin-06-2018\/homophobie-im-theater\/\">eder sp<\/a><\/em><em><a href=\"https:\/\/www.der-theaterverlag.de\/theatermagazin\/dtm\/theatermagazin-06-2018\/homophobie-im-theater\/\">ringt f<\/a><\/em><em><a href=\"https:\/\/www.der-theaterverlag.de\/theatermagazin\/dtm\/theatermagazin-06-2018\/homophobie-im-theater\/\">\u00fcr sich<\/a><\/em><em><a href=\"https:\/\/www.der-theaterverlag.de\/theatermagazin\/dtm\/theatermagazin-06-2018\/homophobie-im-theater\/\"> allein.<\/a><\/em><\/strong><\/p>\n<p>&#8212;<\/p>\n<p><strong><em>Folgt mir auf <a href=\"https:\/\/twitter.com\/nollendorfblog\">Twitter<\/a>, Instagram\u00a0<\/em><\/strong><strong><em>(<a href=\"https:\/\/www.instagram.com\/insta_johanneskram\/\">@insta_johanneskram<\/a>) und\u00a0<a href=\"https:\/\/www.facebook.com\/Nollendorfblog-459879804081681\">Facebook<\/a>!<\/em><\/strong><\/p>\n<div class=\"entry-content\">\n<hr class=\"wp-block-separator\" \/>\n<p><span style=\"color: #ff0000;\"><strong><em>Als unabh\u00e4ngiges und werbefreies Blog brauchen wir Deine Hilfe. Hier kannst Du uns auf <a style=\"color: #ff0000;\" href=\"https:\/\/www.paypal.com\/donate\/?token=Sx7UO35_SDcAJtU34UUHgtD5jyv1zex9ZEMhfnkmUSKCOtBwgAd3VhsSD8v7GsW2W2ygw0&amp;country.x=DE&amp;locale.x=de_DE\">Paypa<\/a>l\u00a0unterst\u00fctzen. Oder hier ein\u00a0freiwilliges Unterst\u00fctzerabo\u00a0abschlie\u00dfen:<\/em><\/strong><\/span><\/p>\n<div>\n<div class=\"\" dir=\"auto\">\n<div id=\"jsc_c_1o0\" class=\"ecm0bbzt hv4rvrfc e5nlhep0 dati1w0a\" data-ad-comet-preview=\"message\" data-ad-preview=\"message\">\n<div class=\"j83agx80 cbu4d94t ew0dbk1b irj2b8pg\">\n<div class=\"qzhwtbm6 knvmm38d\">\n<div class=\"o9v6fnle cxmmr5t8 oygrvhab hcukyx3x c1et5uql ii04i59q\">\n<div dir=\"auto\">\n<div class=\"ecm0bbzt e5nlhep0 a8c37x1j\">\n<div class=\"o9v6fnle cxmmr5t8 oygrvhab hcukyx3x c1et5uql\">\n<div dir=\"auto\">\n<hr class=\"wp-block-separator\" \/>\n<figure class=\"wp-block-image\"><a href=\"https:\/\/steadyhq.com\/de\/nollendorfblog\"><img loading=\"lazy\" decoding=\"async\" class=\"alignleft size-full wp-image-8327\" src=\"https:\/\/www.nollendorfblog.de\/wp-content\/uploads\/2017\/11\/steady_button-linke.png\" sizes=\"auto, (max-width: 966px) 100vw, 966px\" srcset=\"https:\/\/www.nollendorfblog.de\/wp-content\/uploads\/2017\/11\/steady_button-linke.png 966w, https:\/\/www.nollendorfblog.de\/wp-content\/uploads\/2017\/11\/steady_button-linke-300x47.png 300w, https:\/\/www.nollendorfblog.de\/wp-content\/uploads\/2017\/11\/steady_button-linke-768x119.png 768w\" alt=\"\" width=\"966\" height=\"150\" \/><\/a><em>Mehr dazu:\u00a0<\/em><em><a href=\"https:\/\/www.nollendorfblog.de\/?p=8291\">Das Nollendorfblog braucht Deine Unterst\u00fctzung<\/a><\/em><\/figure>\n<\/div>\n<\/div>\n<\/div>\n<\/div>\n<\/div>\n<\/div>\n<\/div>\n<\/div>\n<\/div>\n<\/div>\n<\/div>\n<p>&nbsp;<\/p>\n","protected":false},"excerpt":{"rendered":"<p>Dieter Hallervorden hat nichts gegen Homosexuelle. Aber. Nach seiner Definition von &#8222;respektvollem Umgang&#8220; ist die einzige Form von Homosexualit\u00e4t, die nicht in Gefahr steht, irgendwann zum Problem zu werden, diejenige, im Schrank zu bleiben.<\/p>\n","protected":false},"author":1,"featured_media":12515,"comment_status":"closed","ping_status":"closed","sticky":false,"template":"","format":"standard","meta":{"footnotes":""},"categories":[196,198,194,98,74],"tags":[199],"class_list":["post-12519","post","type-post","status-publish","format-standard","has-post-thumbnail","hentry","category-196","category-actout","category-coming-out","category-film-theater","category-medien","tag-dieter-hallervorden"],"_links":{"self":[{"href":"https:\/\/www.nollendorfblog.de\/index.php?rest_route=\/wp\/v2\/posts\/12519","targetHints":{"allow":["GET"]}}],"collection":[{"href":"https:\/\/www.nollendorfblog.de\/index.php?rest_route=\/wp\/v2\/posts"}],"about":[{"href":"https:\/\/www.nollendorfblog.de\/index.php?rest_route=\/wp\/v2\/types\/post"}],"author":[{"embeddable":true,"href":"https:\/\/www.nollendorfblog.de\/index.php?rest_route=\/wp\/v2\/users\/1"}],"replies":[{"embeddable":true,"href":"https:\/\/www.nollendorfblog.de\/index.php?rest_route=%2Fwp%2Fv2%2Fcomments&post=12519"}],"version-history":[{"count":12,"href":"https:\/\/www.nollendorfblog.de\/index.php?rest_route=\/wp\/v2\/posts\/12519\/revisions"}],"predecessor-version":[{"id":12671,"href":"https:\/\/www.nollendorfblog.de\/index.php?rest_route=\/wp\/v2\/posts\/12519\/revisions\/12671"}],"wp:featuredmedia":[{"embeddable":true,"href":"https:\/\/www.nollendorfblog.de\/index.php?rest_route=\/wp\/v2\/media\/12515"}],"wp:attachment":[{"href":"https:\/\/www.nollendorfblog.de\/index.php?rest_route=%2Fwp%2Fv2%2Fmedia&parent=12519"}],"wp:term":[{"taxonomy":"category","embeddable":true,"href":"https:\/\/www.nollendorfblog.de\/index.php?rest_route=%2Fwp%2Fv2%2Fcategories&post=12519"},{"taxonomy":"post_tag","embeddable":true,"href":"https:\/\/www.nollendorfblog.de\/index.php?rest_route=%2Fwp%2Fv2%2Ftags&post=12519"}],"curies":[{"name":"wp","href":"https:\/\/api.w.org\/{rel}","templated":true}]}}