{"id":12675,"date":"2021-03-06T10:11:09","date_gmt":"2021-03-06T08:11:09","guid":{"rendered":"http:\/\/www.nollendorfblog.de\/?p=12675"},"modified":"2021-07-11T21:36:31","modified_gmt":"2021-07-11T19:36:31","slug":"queer-de-chef-zur-anti-queeren-eskalation-in-der-spd-es-geht-ums-eingemachte","status":"publish","type":"post","link":"https:\/\/www.nollendorfblog.de\/?p=12675","title":{"rendered":"Queer.de-Chef zur anti-queeren Eskalation in der SPD: &#8222;Es geht ums Eingemachte&#8220;"},"content":{"rendered":"<div>\n<div id=\"contentsContainer\" class=\"style-scope qowt-page\">\n<div id=\"contents\" class=\"style-scope qowt-page\">\n<div class=\"gmail_default\"><em>Falls <span class=\"gmail_default\">\u200bdie SPD-Legenden \u200b<\/span>Gesine Schwan und Wolfgang Thierse wirklich vorhatten, mit ihren Thesen zu Identit\u00e4ten und Minderheiten dem Auseinanderdriften der Gesellschaft etwas entgegenzusetzen, dann scheinen sie zumindest in einer Hinsicht einen Erfolg verbuchen zu k\u00f6nnen: Selten war sich &#8211; zumindest in der ver\u00f6ffentlichten Meinung \u2013 die Mehrheitsgesellschaft in der letzten Zeit so einig: In ihrer Emp\u00f6rung gegen Minderheiten.\u00a0<\/em><\/div>\n<div class=\"gmail_default\"><em><span class=\"gmail_default\">\u200b<\/span><\/em><\/div>\n<div>\n<p><em><span class=\"gmail_default\">Ein Interview mit dem queer.de-Herausgeber Micha Schulze, dessen queere Nachrichtenseite in den Fokus einer queerfeindlichen Eskalation geraten ist, die bereits weit \u00fcber die SPD hinausreicht.\u00a0<\/span><\/em><\/p>\n<\/div>\n<p id=\"E73\" class=\"x-scope qowt-word-para-0\"><strong><span id=\"E74\" class=\"qowt-font4-Tahoma qowt-stl-tojvnm2t\">In der gro\u00dfen Medienaufregung um die angebliche Unerw\u00fcnschtheit Wolfgang Thier<\/span><span id=\"E75\" class=\"qowt-font4-Tahoma qowt-stl-tojvnm2t\">s<\/span><span id=\"E76\" class=\"qowt-font4-Tahoma qowt-stl-tojvnm2t\">es in der SPD aufgrund dessen Aussagen zur \u201cIdentit\u00e4tspolitik\u201d spielt ein Bericht von queer.de eine zentrale Rolle: Ihr hattet <\/span><span id=\"E78\" class=\"qowt-font4-Tahoma qowt-stl-tojvnm2t\">unter der \u00dcberschrift <a href=\"https:\/\/www.queer.de\/detail.php?article_id=38247\">\u201cSPD-Spitze distanziert sich von Schwan und Thierse\u201d<\/a> \u00fcber eine Mail berichtet, in der sich die SPD-Parteivorsitzende Saskia <\/span><span id=\"E80\" class=\"qowt-font4-Tahoma qowt-stl-tojvnm2t\">Esken<\/span><span id=\"E82\" class=\"qowt-font4-Tahoma qowt-stl-tojvnm2t\"> bei queeren Mitglieder*innen und Kritiker*innen \u00fcber den Verlauf der von Gesine Schwan geleiteten<a href=\"https:\/\/www.nollendorfblog.de\/?p=12565\"> \u201cJour Fixe\u201d-Diskussion<\/a> entschuldigt und dabei auch \u201cAussagen einzelner Vertreter*innen der SPD zur sogenannten Identit\u00e4tspolitik\u201d kritisiert. Nach Debattenlage musste damit zumindest Thierse auch mitgemeint sein, da dieser der prominenteste SPD-Vertreter war, der sich <a href=\"https:\/\/www.deutschlandfunk.de\/wolfgang-thierse-spd-ueber-identitaetspolitik-ziemlich.694.de.html?dram:article_id=493111\">entsprechend ge\u00e4u\u00dfert<\/a> hatte. Nun schreibt der <a href=\"https:\/\/www.tagesspiegel.de\/politik\/streit-um-identitaetspolitik-in-der-spd-esken-sucht-gespraech-mit-thierse-wir-schaemen-uns-nicht-fuer-dich\/26971518.html\">Tagesspiegel<\/a>, Saskia <\/span><span id=\"E84\" class=\"qowt-font4-Tahoma qowt-stl-tojvnm2t\">Esken<\/span><span id=\"E86\" class=\"qowt-font4-Tahoma qowt-stl-tojvnm2t\"> habe gegen\u00fcber Thierse angegeben, queer.de habe diese Mail missbraucht und versucht, diese gegen den ehemaligen Bundestagspr\u00e4sidenten auszuspielen. Habt Ihr? <\/span><\/strong><\/p>\n<p id=\"E88\" class=\"x-scope qowt-word-para-1\"><span id=\"E89\" class=\"qowt-font4-Tahoma qowt-stl-tojvnm2t\">Nein, das ist doch <\/span><span id=\"E90\" class=\"qowt-font4-Tahoma qowt-stl-tojvnm2t\">v\u00f6llig <\/span><span id=\"E91\" class=\"qowt-font4-Tahoma qowt-stl-tojvnm2t\">absurd. <\/span><span id=\"E92\" class=\"qowt-font4-Tahoma qowt-stl-tojvnm2t\">Wir haben unseren Job als Journalist*innen gemacht<\/span><span id=\"E93\" class=\"qowt-font4-Tahoma qowt-stl-tojvnm2t\"> und \u00fcber die <\/span><span id=\"E94\" class=\"qowt-font4-Tahoma qowt-stl-tojvnm2t\">aller<\/span><span id=\"E95\" class=\"qowt-font4-Tahoma qowt-stl-tojvnm2t\">erste Reaktion der SPD<\/span><span id=\"E96\" class=\"qowt-font4-Tahoma qowt-stl-tojvnm2t\">-Spitze nach de<\/span><span id=\"E97\" class=\"qowt-font4-Tahoma qowt-stl-tojvnm2t\">m Eklat um die<\/span><span id=\"E98\" class=\"qowt-font4-Tahoma qowt-stl-tojvnm2t\"> <\/span><span id=\"E99\" class=\"qowt-font4-Tahoma qowt-stl-tojvnm2t\">\u201e<\/span><span id=\"E100\" class=\"qowt-font4-Tahoma qowt-stl-tojvnm2t\">Jour Fixe\u201c-Diskussion <\/span><span id=\"E101\" class=\"qowt-font4-Tahoma qowt-stl-tojvnm2t\">berichtet.<\/span><span id=\"E102\" class=\"qowt-font4-Tahoma qowt-stl-tojvnm2t\"> Das ist <\/span><span id=\"E104\" class=\"qowt-font4-Tahoma qowt-stl-tojvnm2t\">nat\u00fcrlich eine<\/span><span id=\"E106\" class=\"qowt-font4-Tahoma qowt-stl-tojvnm2t\"> Nachricht wert<\/span><span id=\"E107\" class=\"qowt-font4-Tahoma qowt-stl-tojvnm2t\">, zumal es <\/span><span id=\"E108\" class=\"qowt-font4-Tahoma qowt-stl-tojvnm2t\">in der E-Mail von Saskia <\/span><span id=\"E110\" class=\"qowt-font4-Tahoma qowt-stl-tojvnm2t\">Esken<\/span><span id=\"E112\" class=\"qowt-font4-Tahoma qowt-stl-tojvnm2t\"> und Kevin K\u00fchnert <\/span><span id=\"E113\" class=\"qowt-font4-Tahoma qowt-stl-tojvnm2t\">ja <\/span><span id=\"E114\" class=\"qowt-font4-Tahoma qowt-stl-tojvnm2t\">erfreulich klare Distanzierungen gab.<\/span><span id=\"E115\" class=\"qowt-font4-Tahoma qowt-stl-tojvnm2t\"> Wenn <\/span><span id=\"E116\" class=\"qowt-font4-Tahoma qowt-stl-tojvnm2t\">sich <\/span><span id=\"E117\" class=\"qowt-font4-Tahoma qowt-stl-tojvnm2t\">die SPD-Vorsitzende <\/span><span id=\"E118\" class=\"qowt-font4-Tahoma qowt-stl-tojvnm2t\">wundert<\/span><span id=\"E119\" class=\"qowt-font4-Tahoma qowt-stl-tojvnm2t\">, dass <\/span><span id=\"E120\" class=\"qowt-font4-Tahoma qowt-stl-tojvnm2t\">die <\/span><span id=\"E121\" class=\"qowt-font4-Tahoma qowt-stl-tojvnm2t\">schriftliche Einladung<\/span><span id=\"E122\" class=\"qowt-font4-Tahoma qowt-stl-tojvnm2t\">, die<\/span><span id=\"E123\" class=\"qowt-font4-Tahoma qowt-stl-tojvnm2t\"> <\/span><span id=\"E124\" class=\"qowt-font4-Tahoma qowt-stl-tojvnm2t\">an einen gr\u00f6\u00dferen Personenkreis <\/span><span id=\"E125\" class=\"qowt-font4-Tahoma qowt-stl-tojvnm2t\">ging, <\/span><span id=\"E126\" class=\"qowt-font4-Tahoma qowt-stl-tojvnm2t\">auch bei der <\/span><span id=\"E127\" class=\"qowt-font4-Tahoma qowt-stl-tojvnm2t\">P<\/span><span id=\"E128\" class=\"qowt-font4-Tahoma qowt-stl-tojvnm2t\">resse landet, <\/span><span id=\"E129\" class=\"qowt-font4-Tahoma qowt-stl-tojvnm2t\">dann muss sie ziemlich naiv sein.<\/span><span id=\"E130\" class=\"qowt-font4-Tahoma qowt-stl-tojvnm2t\"> <\/span><span id=\"E131\" class=\"qowt-font4-Tahoma qowt-stl-tojvnm2t\">Auch <\/span><span id=\"E132\" class=\"qowt-font4-Tahoma\">h\u00e4tte jedes Medium der Welt den Satz \u00fcber &#8222;Aussagen einzelner<\/span><span id=\"E134\" class=\"qowt-font4-Tahoma\"><br \/>\n<\/span><span id=\"E135\" class=\"qowt-font4-Tahoma\">Vertreter*innen der SPD zur sogenannten Identit\u00e4tspolitik&#8220; auf <\/span><span id=\"E136\" class=\"qowt-font4-Tahoma\">Wolfgang <\/span><span id=\"E137\" class=\"qowt-font4-Tahoma\">Thierse<\/span><span id=\"E138\" class=\"qowt-font4-Tahoma\"> <\/span><span id=\"E139\" class=\"qowt-font4-Tahoma\">bezogen, der &#8222;Tagesspiegel&#8220; tat es sp\u00e4ter auch. Das als &#8222;grundfalsche Interpretationen&#8220; zu kritisieren, ist schon <\/span><span id=\"E140\" class=\"qowt-font4-Tahoma\">mehr als <\/span><span id=\"E141\" class=\"qowt-font4-Tahoma\">dreist.<\/span><\/p>\n<p id=\"E143\" class=\"x-scope qowt-word-para-1\"><span id=\"E144\" class=\"qowt-font4-Tahoma qowt-stl-tojvnm2t\">Der eigentliche Skandal ist<\/span><span id=\"E146\" class=\"qowt-font4-Tahoma qowt-stl-tojvnm2t\"> j<\/span><span id=\"E147\" class=\"qowt-font4-Tahoma qowt-stl-tojvnm2t\">a<\/span><span id=\"E148\" class=\"qowt-font4-Tahoma qowt-stl-tojvnm2t\">, dass <\/span><span id=\"E149\" class=\"qowt-font4-Tahoma qowt-stl-tojvnm2t\">sich <\/span><span id=\"E151\" class=\"qowt-font4-Tahoma qowt-stl-tojvnm2t\">Esken<\/span><span id=\"E153\" class=\"qowt-font4-Tahoma qowt-stl-tojvnm2t\"> <\/span><span id=\"E154\" class=\"qowt-font4-Tahoma qowt-stl-tojvnm2t\">nach der Austrittsdrohung v<\/span><span id=\"E155\" class=\"qowt-font4-Tahoma qowt-stl-tojvnm2t\">on Wolfgang <\/span><span id=\"E156\" class=\"qowt-font4-Tahoma qowt-stl-tojvnm2t\">Thierse <\/span><span id=\"E157\" class=\"qowt-font4-Tahoma qowt-stl-tojvnm2t\">von ihren eigenen Aussagen <\/span><span class=\"qowt-font4-Tahoma qowt-stl-tojvnm2t\">distanziert<\/span><span id=\"E158\" class=\"qowt-font4-Tahoma qowt-stl-tojvnm2t\"> und <\/span><span id=\"E159\" class=\"qowt-font4-Tahoma qowt-stl-tojvnm2t\">von ihrer <\/span><span id=\"E160\" class=\"qowt-font4-Tahoma qowt-stl-tojvnm2t\">berechtigten <\/span><span id=\"E161\" class=\"qowt-font4-Tahoma qowt-stl-tojvnm2t\">Kritik an dieser <\/span><span id=\"E162\" class=\"qowt-font4-Tahoma qowt-stl-tojvnm2t\">Dramaqueen<\/span><span id=\"E163\" class=\"qowt-font4-Tahoma qowt-stl-tojvnm2t\"> nichts mehr wissen will. <\/span><span id=\"E164\" class=\"qowt-font4-Tahoma qowt-stl-tojvnm2t\">Damit ist klar geworden: <\/span><span id=\"E165\" class=\"qowt-font4-Tahoma qowt-stl-tojvnm2t\">Die SPD-Vorsitzende spricht<\/span><span id=\"E166\" class=\"qowt-font4-Tahoma qowt-stl-tojvnm2t\"> gegen\u00fcber der LGBTI-Community<\/span><span id=\"E167\" class=\"qowt-font4-Tahoma qowt-stl-tojvnm2t\"> mit gespaltener Zunge. <\/span><span id=\"E168\" class=\"qowt-font4-Tahoma qowt-stl-tojvnm2t\">In <\/span><span id=\"E169\" class=\"qowt-font4-Tahoma qowt-stl-tojvnm2t\">ihrer<\/span><span id=\"E170\" class=\"qowt-font4-Tahoma qowt-stl-tojvnm2t\"> E-Mail <\/span><span id=\"E171\" class=\"qowt-font4-Tahoma qowt-stl-tojvnm2t\">versichert<\/span><span id=\"E172\" class=\"qowt-font4-Tahoma qowt-stl-tojvnm2t\">e<\/span><span id=\"E173\" class=\"qowt-font4-Tahoma qowt-stl-tojvnm2t\"> sie eine Solidarit\u00e4t und Unterst\u00fctzung, die offensichtlich nicht wirklich vorhanden ist.<\/span><\/p>\n<\/div>\n<\/div>\n<div id=\"contentsContainer\" class=\"style-scope qowt-page\">\n<div id=\"contents\" class=\"style-scope qowt-page\">\n<p id=\"E175\" class=\"x-scope qowt-word-para-0\"><strong><span id=\"E176\" class=\"qowt-font4-Tahoma qowt-stl-tojvnm2t\">Wie beurteilst du die Eskalation der \u00f6ffentlichen Debatte in dieser Sache? Welchen Anteil hat queer.de daran und <\/span><span id=\"E178\" class=\"qowt-font4-Tahoma qowt-stl-tojvnm2t\">welche andere Medien<\/span><span id=\"E180\" class=\"qowt-font4-Tahoma qowt-stl-tojvnm2t\">? <\/span><\/strong><\/p>\n<figure id=\"attachment_12677\" aria-describedby=\"caption-attachment-12677\" style=\"width: 390px\" class=\"wp-caption alignleft\"><img loading=\"lazy\" decoding=\"async\" class=\"wp-image-12677\" src=\"https:\/\/www.nollendorfblog.de\/wp-content\/uploads\/2021\/03\/Foto-Micha-Schulze-300x279.jpg\" alt=\"\" width=\"400\" height=\"372\" srcset=\"https:\/\/www.nollendorfblog.de\/wp-content\/uploads\/2021\/03\/Foto-Micha-Schulze-300x279.jpg 300w, https:\/\/www.nollendorfblog.de\/wp-content\/uploads\/2021\/03\/Foto-Micha-Schulze-1024x953.jpg 1024w, https:\/\/www.nollendorfblog.de\/wp-content\/uploads\/2021\/03\/Foto-Micha-Schulze-768x714.jpg 768w, https:\/\/www.nollendorfblog.de\/wp-content\/uploads\/2021\/03\/Foto-Micha-Schulze.jpg 1348w\" sizes=\"auto, (max-width: 400px) 100vw, 400px\" \/><figcaption id=\"caption-attachment-12677\" class=\"wp-caption-text\">Queer.de-Herausgeber Micha Schulze<\/figcaption><\/figure>\n<p id=\"E182\" class=\"x-scope qowt-word-para-1\"><span id=\"E183\" class=\"qowt-font4-Tahoma qowt-stl-tojvnm2t\">Die Eskalation der Debatte zeigt, wie d\u00fcnn die Akzeptanz queerer Menschen in Deutschland<\/span><span id=\"E184\" class=\"qowt-font4-Tahoma qowt-stl-tojvnm2t\"> tats\u00e4chlich<\/span><span id=\"E185\" class=\"qowt-font4-Tahoma qowt-stl-tojvnm2t\"> ist<\/span><span id=\"E186\" class=\"qowt-font4-Tahoma qowt-stl-tojvnm2t\"> und wie wenig <\/span><span id=\"E187\" class=\"qowt-font4-Tahoma qowt-stl-tojvnm2t\">Bewusstsein es nach wie vor f\u00fcr die verschiedenen Formen von <\/span><span id=\"E189\" class=\"qowt-font4-Tahoma qowt-stl-tojvnm2t\">Queerfeindlichkeit<\/span><span id=\"E191\" class=\"qowt-font4-Tahoma qowt-stl-tojvnm2t\"> gibt<\/span><span id=\"E192\" class=\"qowt-font4-Tahoma qowt-stl-tojvnm2t\"> \u2013 das <\/span><span id=\"E193\" class=\"qowt-font4-Tahoma\">Gerede \u00fcber eine angebliche &#8218;Identit\u00e4tspolitik&#8220;, das immer zu<\/span><span id=\"E194\" class=\"qowt-font4-Tahoma\"> <\/span><span id=\"E195\" class=\"qowt-font4-Tahoma\">einem minderheitenfeindlichen Diskurs f\u00fchrt, geh\u00f6rt dazu<\/span><span id=\"E196\" class=\"qowt-font4-Tahoma\">. <\/span><span id=\"E197\" class=\"qowt-font4-Tahoma qowt-stl-tojvnm2t\">Es erschreckt mich<\/span><span id=\"E198\" class=\"qowt-font4-Tahoma qowt-stl-tojvnm2t\"> dabei allerdings<\/span><span id=\"E199\" class=\"qowt-font4-Tahoma qowt-stl-tojvnm2t\"> weniger, dass sich die <\/span><span id=\"E200\" class=\"qowt-font4-Tahoma qowt-stl-tojvnm2t\">\u201e\u00fcblichen Verd\u00e4chtigen\u201c <\/span><span id=\"E201\" class=\"qowt-font4-Tahoma qowt-stl-tojvnm2t\">in den Redaktionen gro\u00dfer Tageszeitungen <\/span><span id=\"E202\" class=\"qowt-font4-Tahoma qowt-stl-tojvnm2t\">nun <\/span><span id=\"E203\" class=\"qowt-font4-Tahoma qowt-stl-tojvnm2t\">so heftig \u00fcber die Kritik an Thierse emp\u00f6ren<\/span><span id=\"E204\" class=\"qowt-font4-Tahoma qowt-stl-tojvnm2t\">. <\/span><span id=\"E205\" class=\"qowt-font4-Tahoma qowt-stl-tojvnm2t\">Viel mehr Sorgen macht <\/span><span id=\"E206\" class=\"qowt-font4-Tahoma qowt-stl-tojvnm2t\">mir, <\/span><span id=\"E207\" class=\"qowt-font4-Tahoma qowt-stl-tojvnm2t\">dass <\/span><span id=\"E208\" class=\"qowt-font4-Tahoma qowt-stl-tojvnm2t\">sich <\/span><span id=\"E209\" class=\"qowt-font4-Tahoma qowt-stl-tojvnm2t\">bislang nur sehr<\/span><span id=\"E210\" class=\"qowt-font4-Tahoma qowt-stl-tojvnm2t\"> wenige Journalist*innen <\/span><span id=\"E211\" class=\"qowt-font4-Tahoma qowt-stl-tojvnm2t\">wirklich ernsthaft mit dem <\/span><a href=\"https:\/\/www.nollendorfblog.de\/?p=12535\"><span id=\"E212\" class=\"qowt-font4-Tahoma qowt-stl-tojvnm2t\">spalterischen <\/span><\/a><span id=\"E213\" class=\"qowt-font4-Tahoma qowt-stl-tojvnm2t\">FAZ-Essay des <\/span><span id=\"E214\" class=\"qowt-font4-Tahoma qowt-stl-tojvnm2t\">ehemaligen Bundestagspr\u00e4sidenten <\/span><span id=\"E215\" class=\"qowt-font4-Tahoma qowt-stl-tojvnm2t\">besch\u00e4ftigt haben und der LGBTI-Community <\/span><span id=\"E216\" class=\"qowt-font4-Tahoma qowt-stl-tojvnm2t\">solidarisch <\/span><span id=\"E217\" class=\"qowt-font4-Tahoma qowt-stl-tojvnm2t\">zur Seite spring<\/span><span id=\"E218\" class=\"qowt-font4-Tahoma qowt-stl-tojvnm2t\">en.<\/span><\/p>\n<p id=\"E220\" class=\"x-scope qowt-word-para-1\"><span id=\"E221\" class=\"qowt-font4-Tahoma qowt-stl-tojvnm2t\">Die Reaktionen sind <\/span><span id=\"E222\" class=\"qowt-font4-Tahoma qowt-stl-tojvnm2t\">insgesamt <\/span><span id=\"E223\" class=\"qowt-font4-Tahoma qowt-stl-tojvnm2t\">auch nicht<\/span><span id=\"E224\" class=\"qowt-font4-Tahoma qowt-stl-tojvnm2t\"> <\/span><span id=\"E226\" class=\"qowt-font4-Tahoma qowt-stl-tojvnm2t\">wirklich <\/span><span id=\"E227\" class=\"qowt-font4-Tahoma qowt-stl-tojvnm2t\">\u00fcberraschend<\/span><span id=\"E229\" class=\"qowt-font4-Tahoma qowt-stl-tojvnm2t\">. <\/span><span id=\"E230\" class=\"qowt-font4-Tahoma qowt-stl-tojvnm2t\">Wenn wir \u00fcber die <\/span><span id=\"E232\" class=\"qowt-font4-Tahoma qowt-stl-tojvnm2t\">Queerfeindlichkeit<\/span><span id=\"E234\" class=\"qowt-font4-Tahoma qowt-stl-tojvnm2t\"> der AfD berichten, gibt es von allen Seiten Beifall<\/span><span id=\"E235\" class=\"qowt-font4-Tahoma qowt-stl-tojvnm2t\"> und es wird uns versichert, wie wichtig unsere Arbeit ist. <\/span><span id=\"E236\" class=\"qowt-font4-Tahoma qowt-stl-tojvnm2t\">Wenn wir <\/span><span id=\"E237\" class=\"qowt-font4-Tahoma qowt-stl-tojvnm2t\">dagegen <\/span><span id=\"E239\" class=\"qowt-font4-Tahoma qowt-stl-tojvnm2t\">queerfeindliche<\/span><span id=\"E241\" class=\"qowt-font4-Tahoma qowt-stl-tojvnm2t\"> \u00c4u\u00dferungen in sogenannten <\/span><span id=\"E243\" class=\"qowt-font4-Tahoma qowt-stl-tojvnm2t\">queerfreundlichen<\/span><span id=\"E245\" class=\"qowt-font4-Tahoma qowt-stl-tojvnm2t\"> Parteien themati<\/span><span id=\"E246\" class=\"qowt-font4-Tahoma qowt-stl-tojvnm2t\">si<\/span><span id=\"E247\" class=\"qowt-font4-Tahoma qowt-stl-tojvnm2t\">eren, gibt es <\/span><span id=\"E248\" class=\"qowt-font4-Tahoma qowt-stl-tojvnm2t\">jedes Mal<\/span><span id=\"E249\" class=\"qowt-font4-Tahoma qowt-stl-tojvnm2t\"> gro\u00dfe <\/span><span id=\"E250\" class=\"qowt-font4-Tahoma qowt-stl-tojvnm2t\">Emp\u00f6rung, das gilt als Tabu.<\/span><span id=\"E251\" class=\"qowt-font4-Tahoma qowt-stl-tojvnm2t\"> <\/span><span id=\"E252\" class=\"qowt-font4-Tahoma qowt-stl-tojvnm2t\">Diese Auseinandersetzungen sind jedoch besonders wichtig, denn hier geht es ans Eingemachte.<\/span><span id=\"E253\" class=\"qowt-font4-Tahoma qowt-stl-tojvnm2t\"> <\/span><span id=\"E254\" class=\"qowt-font4-Tahoma qowt-stl-tojvnm2t\">Wir m\u00fcssen dagegen k\u00e4mpfen, dass s<\/span><span id=\"E255\" class=\"qowt-font4-Tahoma qowt-stl-tojvnm2t\">ich ausgrenzende Rhetorik im &#8222;Mainstream&#8220; breitmacht oder weiter <\/span><span id=\"E256\" class=\"qowt-font4-Tahoma qowt-stl-tojvnm2t\">akzeptiert wird.<\/span><span id=\"E258\" class=\"qowt-font4-Tahoma qowt-stl-tojvnm2t\"> Was <\/span><span id=\"E260\" class=\"qowt-font4-Tahoma qowt-stl-tojvnm2t\">queerfeindlich<\/span><span id=\"E262\" class=\"qowt-font4-Tahoma qowt-stl-tojvnm2t\"> ist und was nicht, kann <\/span><span id=\"E263\" class=\"qowt-font4-Tahoma qowt-stl-tojvnm2t\">dabei <\/span><span id=\"E264\" class=\"qowt-font4-Tahoma qowt-stl-tojvnm2t\">nicht die Mehrheitsgesellschaft definieren.<\/span><span id=\"E265\" class=\"qowt-font4-Tahoma qowt-stl-tojvnm2t\"> <\/span><\/p>\n<\/div>\n<\/div>\n<div id=\"contentsContainer\" class=\"style-scope qowt-page\">\n<div id=\"contents\" class=\"style-scope qowt-page\">\n<p id=\"E267\" class=\"x-scope qowt-word-para-0\"><strong><span id=\"E268\" class=\"qowt-font4-Tahoma qowt-stl-tojvnm2t\">Welche Rolle <\/span><span id=\"E269\" class=\"qowt-font4-Tahoma qowt-stl-tojvnm2t\">spielen <\/span><span id=\"E270\" class=\"qowt-font4-Tahoma qowt-stl-tojvnm2t\">homophobe Ressentiments<\/span><span id=\"E271\" class=\"qowt-font4-Tahoma qowt-stl-tojvnm2t\"> in der Berichterstattung zu Thierse?<\/span><\/strong><\/p>\n<p id=\"E273\" class=\"x-scope qowt-word-para-1\"><span id=\"E274\" class=\"qowt-font4-Tahoma qowt-stl-tojvnm2t\">Eine gro\u00dfe. <\/span><span id=\"E275\" class=\"qowt-font4-Tahoma qowt-stl-tojvnm2t\">So wie sich hinter der sogenannten Islamkritik <\/span><span id=\"E276\" class=\"qowt-font4-Tahoma qowt-stl-tojvnm2t\">oft <\/span><span id=\"E277\" class=\"qowt-font4-Tahoma qowt-stl-tojvnm2t\">eindeutiger <\/span><span id=\"E278\" class=\"qowt-font4-Tahoma qowt-stl-tojvnm2t\">Rassismus <\/span><span id=\"E279\" class=\"qowt-font4-Tahoma qowt-stl-tojvnm2t\">verbirgt<\/span><span id=\"E280\" class=\"qowt-font4-Tahoma qowt-stl-tojvnm2t\">, <\/span><span id=\"E281\" class=\"qowt-font4-Tahoma qowt-stl-tojvnm2t\">ist <\/span><span id=\"E282\" class=\"qowt-font4-Tahoma qowt-stl-tojvnm2t\">Kritik an \u201e<\/span><span id=\"E283\" class=\"qowt-font4-Tahoma qowt-stl-tojvnm2t\">Identit\u00e4tspolitik&#8220;<\/span><span id=\"E284\" class=\"qowt-font4-Tahoma qowt-stl-tojvnm2t\"> oft <\/span><span id=\"E286\" class=\"qowt-font4-Tahoma qowt-stl-tojvnm2t\">queerfeindlich<\/span><span id=\"E288\" class=\"qowt-font4-Tahoma qowt-stl-tojvnm2t\"> motiviert. <\/span><span id=\"E289\" class=\"qowt-font4-Tahoma qowt-stl-tojvnm2t\">Der Einsatz gegen Diskriminierung und f\u00fcr gleiche Rechte wird <\/span><span id=\"E290\" class=\"qowt-font4-Tahoma qowt-stl-tojvnm2t\">als egoistische<\/span><span id=\"E291\" class=\"qowt-font4-Tahoma qowt-stl-tojvnm2t\">r Eigennutz diffamiert<\/span><span id=\"E292\" class=\"qowt-font4-Tahoma qowt-stl-tojvnm2t\">, l\u00e4cherlich gemacht und gegen vermeintlich wichtigere Dinge ausgespielt, obwohl diese nicht in Konkurrenz zueinanderstehen.<\/span><span id=\"E293\" class=\"qowt-font4-Tahoma qowt-stl-tojvnm2t\"> <\/span><\/p>\n<p id=\"E295\" class=\"x-scope qowt-word-para-0\"><span id=\"E296\" class=\"qowt-font4-Tahoma qowt-stl-tojvnm2t\">Viele <\/span><span id=\"E297\" class=\"qowt-font4-Tahoma qowt-stl-tojvnm2t\">Kommen<\/span><span id=\"E298\" class=\"qowt-font4-Tahoma qowt-stl-tojvnm2t\">tator*innen<\/span><span id=\"E299\" class=\"qowt-font4-Tahoma qowt-stl-tojvnm2t\">, die Thierse zur Seite spr<\/span><span id=\"E300\" class=\"qowt-font4-Tahoma qowt-stl-tojvnm2t\">a<\/span><span id=\"E301\" class=\"qowt-font4-Tahoma qowt-stl-tojvnm2t\">ngen, <\/span><span id=\"E302\" class=\"qowt-font4-Tahoma qowt-stl-tojvnm2t\">zeigen <\/span><span id=\"E303\" class=\"qowt-font4-Tahoma qowt-stl-tojvnm2t\">ihre Distanz zur <\/span><span id=\"E304\" class=\"qowt-font4-Tahoma qowt-stl-tojvnm2t\">LGBTI-<\/span><span id=\"E305\" class=\"qowt-font4-Tahoma qowt-stl-tojvnm2t\">Community<\/span><span id=\"E306\" class=\"qowt-font4-Tahoma qowt-stl-tojvnm2t\"> <\/span><span id=\"E307\" class=\"qowt-font4-Tahoma qowt-stl-tojvnm2t\">sehr auff\u00e4llig <\/span><span id=\"E308\" class=\"qowt-font4-Tahoma qowt-stl-tojvnm2t\">auch in ihren sprachlichen Formulierungen<\/span><span id=\"E309\" class=\"qowt-font4-Tahoma qowt-stl-tojvnm2t\">. <\/span><span id=\"E311\" class=\"qowt-font4-Tahoma qowt-stl-tojvnm2t\">Esken<\/span><span id=\"E313\" class=\"qowt-font4-Tahoma qowt-stl-tojvnm2t\"> lasse <\/span><span id=\"E314\" class=\"qowt-font4-Tahoma\">einen altgedienten Genossen falle<\/span><span id=\"E315\" class=\"qowt-font4-Tahoma\">n<\/span><span id=\"E316\" class=\"qowt-font4-Tahoma\">, <\/span><span id=\"E317\" class=\"qowt-font4-Tahoma\">\u201e<\/span><span id=\"E318\" class=\"qowt-font4-Tahoma\">um sich beim queeren Milieu lieb Kind zu machen<\/span><span id=\"E319\" class=\"qowt-font4-Tahoma\">\u201c, schrieb etwa Ex<\/span><span id=\"E321\" class=\"qowt-font4-Tahoma\">-\u201e<\/span><span id=\"E323\" class=\"qowt-font4-Tahoma\">Welt\u201c-Herausgeber T<\/span><span id=\"E324\" class=\"qowt-font4-Tahoma\">homas Schmid<\/span><span id=\"E325\" class=\"qowt-font4-Tahoma\">.<\/span><span id=\"E326\" class=\"qowt-font4-Tahoma\"> <\/span><span id=\"E327\" class=\"qowt-font4-Tahoma\">Die SPD-Chefin<\/span><span id=\"E328\" class=\"qowt-font4-Tahoma\"> habe sich als<\/span><span id=\"E329\" class=\"qowt-font4-Tahoma\">\u00a0<\/span><span id=\"E330\" class=\"qowt-font4-Tahoma\">\u201e\u2018<\/span><span id=\"E331\" class=\"qowt-font4-Tahoma\">tief verst\u00f6rte<\/span><span id=\"E332\" class=\"qowt-font4-Tahoma\">\u2018<\/span><span id=\"E333\" class=\"qowt-font4-Tahoma\"> Mitf\u00fchlende der diversen Geschlechtergemeinschaft hervortun wolle<\/span><span id=\"E334\" class=\"qowt-font4-Tahoma\">n\u201c, hie\u00df es in der \u201eFAZ\u201c. <\/span><span id=\"E335\" class=\"qowt-font4-Tahoma\">Einen absurden Gegensatz baute <\/span><span id=\"E336\" class=\"qowt-font4-Tahoma\">\u201eWelt\u201c-Chef Ulf Poschardt<\/span><span id=\"E337\" class=\"qowt-font4-Tahoma\">, als er <\/span><span id=\"E338\" class=\"qowt-font4-Tahoma\">di<\/span><span id=\"E339\" class=\"qowt-font4-Tahoma\">e SPD <\/span><span id=\"E340\" class=\"qowt-font4-Tahoma\">auf Twitter<\/span><span id=\"E341\" class=\"qowt-font4-Tahoma\"> dazu auf<\/span><span id=\"E342\" class=\"qowt-font4-Tahoma\">forderte<\/span><span id=\"E343\" class=\"qowt-font4-Tahoma\">, den \u201e<\/span><span id=\"E344\" class=\"qowt-font4-Tahoma\">identit\u00e4tspolitischen L\u00e4rm<\/span><span id=\"E345\" class=\"qowt-font4-Tahoma\">\u201c<\/span><span id=\"E346\" class=\"qowt-font4-Tahoma\"> zu<\/span><span id=\"E347\" class=\"qowt-font4-Tahoma\"> <\/span><span id=\"E348\" class=\"qowt-font4-Tahoma\">ignorieren und sich <\/span><span id=\"E349\" class=\"qowt-font4-Tahoma\">stattdessen <\/span><span id=\"E350\" class=\"qowt-font4-Tahoma\">an <\/span><span id=\"E351\" class=\"qowt-font4-Tahoma\">ihre \u201e<\/span><span id=\"E352\" class=\"qowt-font4-Tahoma\">liberalen <\/span><span id=\"E353\" class=\"qowt-font4-Tahoma\">T<\/span><span id=\"E354\" class=\"qowt-font4-Tahoma\">raditione<\/span><span id=\"E355\" class=\"qowt-font4-Tahoma\">n\u201c<\/span><span id=\"E356\" class=\"qowt-font4-Tahoma\"> <\/span><span id=\"E357\" class=\"qowt-font4-Tahoma\">zu <\/span><span id=\"E358\" class=\"qowt-font4-Tahoma\">erinnern.<\/span><\/p>\n<p id=\"E360\" class=\"x-scope qowt-word-para-0\"><strong><span id=\"E361\" class=\"qowt-font4-Tahoma qowt-stl-tojvnm2t\">Wolfgang Thierse wird in fast allen medialen Kommentaren gerade als Opfer einer v\u00f6llig \u00fcberzogenen Kritik dargestellt. Aus queerer Sicht halten ihm viele zugute, dass er ja LGBTI-Rechte immer verteidigt habe. Trifft die ganze Aufregung hier den Falschen?<\/span><\/strong><\/p>\n<p id=\"E363\" class=\"x-scope qowt-word-para-1\"><span id=\"E364\" class=\"qowt-font4-Tahoma qowt-stl-tojvnm2t\">Nat\u00fcrlich steht Wolfgang Thierse nicht auf eine<\/span><span id=\"E366\" class=\"qowt-font4-Tahoma qowt-stl-tojvnm2t\">r<\/span><span id=\"E367\" class=\"qowt-font4-Tahoma qowt-stl-tojvnm2t\"> Stufe <\/span><span id=\"E369\" class=\"qowt-font4-Tahoma qowt-stl-tojvnm2t\">mit <\/span><span id=\"E370\" class=\"qowt-font4-Tahoma qowt-stl-tojvnm2t\">erkl\u00e4rten LGBTI-Gegner<\/span><span id=\"E372\" class=\"qowt-font4-Tahoma qowt-stl-tojvnm2t\">*innen wie <\/span><span id=\"E373\" class=\"qowt-font4-Tahoma qowt-stl-tojvnm2t\">Beatrix<\/span><span id=\"E374\" class=\"qowt-font4-Tahoma qowt-stl-tojvnm2t\"> von Storch<\/span><span id=\"E375\" class=\"qowt-font4-Tahoma qowt-stl-tojvnm2t\">, das haben wir auch nie behauptet.<\/span><span id=\"E376\" class=\"qowt-font4-Tahoma qowt-stl-tojvnm2t\"> U<\/span><span id=\"E377\" class=\"qowt-font4-Tahoma qowt-stl-tojvnm2t\">m die Demokratie in Deutschland <\/span><span id=\"E378\" class=\"qowt-font4-Tahoma qowt-stl-tojvnm2t\">hat er sich<\/span><span id=\"E379\" class=\"qowt-font4-Tahoma qowt-stl-tojvnm2t\"> <\/span><span id=\"E380\" class=\"qowt-font4-Tahoma qowt-stl-tojvnm2t\">zweifellos <\/span><span id=\"E381\" class=\"qowt-font4-Tahoma qowt-stl-tojvnm2t\">verdient gemach<\/span><span id=\"E382\" class=\"qowt-font4-Tahoma qowt-stl-tojvnm2t\">t.<\/span><span id=\"E383\" class=\"qowt-font4-Tahoma qowt-stl-tojvnm2t\"> <\/span><span id=\"E384\" class=\"qowt-font4-Tahoma qowt-stl-tojvnm2t\">Aber <\/span><span id=\"E385\" class=\"qowt-font4-Tahoma qowt-stl-tojvnm2t\">Thierse<\/span><span id=\"E386\" class=\"qowt-font4-Tahoma qowt-stl-tojvnm2t\"> hat einen <\/span><span id=\"E387\" class=\"qowt-font4-Tahoma qowt-stl-tojvnm2t\">gro\u00dfen <\/span><span id=\"E388\" class=\"qowt-font4-Tahoma qowt-stl-tojvnm2t\">blinden <\/span><span class=\"qowt-font4-Tahoma qowt-stl-tojvnm2t\">Spot f\u00fcr <\/span><span id=\"E390\" class=\"qowt-font4-Tahoma qowt-stl-tojvnm2t\">Queerfeindlichkeit<\/span><span id=\"E392\" class=\"qowt-font4-Tahoma qowt-stl-tojvnm2t\">, und zwar<\/span><span id=\"E393\" class=\"qowt-font4-Tahoma qowt-stl-tojvnm2t\"> schon<\/span><span id=\"E394\" class=\"qowt-font4-Tahoma qowt-stl-tojvnm2t\"> seit langem. <\/span><span id=\"E395\" class=\"qowt-font4-Tahoma\">2014 <\/span><span id=\"E396\" class=\"qowt-font4-Tahoma\">nannte <\/span><span id=\"E397\" class=\"qowt-font4-Tahoma\">er <\/span><span id=\"E398\" class=\"qowt-font4-Tahoma\">die Ablehnung gleichgeschlechtlicher Ehen<\/span><span id=\"E399\" class=\"qowt-font4-Tahoma\"> <\/span><span id=\"E400\" class=\"qowt-font4-Tahoma\">eine<\/span><span id=\"E401\" class=\"qowt-font4-Tahoma\"> &#8222;legitime respektable Position&#8220;<\/span><span id=\"E402\" class=\"qowt-font4-Tahoma\">, auch <\/span><span id=\"E403\" class=\"qowt-font4-Tahoma\">sah <\/span><span id=\"E404\" class=\"qowt-font4-Tahoma\">er <\/span><span id=\"E405\" class=\"qowt-font4-Tahoma\">in der blo\u00dfen Erw\u00e4hnung von LGBTI im Schulunterricht ein \u201eUngleichgewicht\u201c<\/span><span id=\"E406\" class=\"qowt-font4-Tahoma\"> gegen\u00fcber heterosexuellen Familie<\/span><span id=\"E407\" class=\"qowt-font4-Tahoma\">n. <\/span><span id=\"E408\" class=\"qowt-font4-Tahoma\">Das haben wir schon damals kritisiert.<\/span><\/p>\n<\/div>\n<\/div>\n<div id=\"contentsContainer\" class=\"style-scope qowt-page\">\n<div id=\"contents\" class=\"style-scope qowt-page\">\n<p id=\"E410\" class=\"x-scope qowt-word-para-1\"><span id=\"E411\" class=\"qowt-font4-Tahoma\">Sein j\u00fcngstes FAZ-Essay \u201eWie viel Identit\u00e4t vertr\u00e4gt die Gesellschaft?\u201c <\/span><span id=\"E412\" class=\"qowt-font4-Tahoma\">ist<\/span><span id=\"E413\" class=\"qowt-font4-Tahoma\"> <\/span><span id=\"E414\" class=\"qowt-font4-Tahoma\">nun <\/span><span id=\"E415\" class=\"qowt-font4-Tahoma\">sogar<\/span><span id=\"E416\" class=\"qowt-font4-Tahoma\"> ein<\/span><span id=\"E417\" class=\"qowt-font4-Tahoma\"> klare<\/span><span id=\"E418\" class=\"qowt-font4-Tahoma\">r<\/span><span id=\"E419\" class=\"qowt-font4-Tahoma\"> <\/span><span id=\"E420\" class=\"qowt-font4-Tahoma\">Angriff auf Minderheitenrechte. <\/span><span id=\"E421\" class=\"qowt-font4-Tahoma\">Mit neurechtem Vokabular <\/span><span id=\"E422\" class=\"qowt-font4-Tahoma\">stellt<\/span><span id=\"E423\" class=\"qowt-font4-Tahoma\"> Thierse<\/span><span id=\"E424\" class=\"qowt-font4-Tahoma\"> <\/span><span id=\"E425\" class=\"qowt-font4-Tahoma\">die Verh\u00e4ltnisse auf den Kopf<\/span><span id=\"E426\" class=\"qowt-font4-Tahoma\">:<\/span><span id=\"E427\" class=\"qowt-font4-Tahoma\"> Nicht <\/span><span id=\"E428\" class=\"qowt-font4-Tahoma\">Diskriminierung<\/span><span id=\"E429\" class=\"qowt-font4-Tahoma\"> und Ausgrenzung gef\u00e4hrden f\u00fcr ihn de<\/span><span id=\"E430\" class=\"qowt-font4-Tahoma\">n<\/span><span id=\"E431\" class=\"qowt-font4-Tahoma\"> gesellschaf<\/span><span id=\"E432\" class=\"qowt-font4-Tahoma\">tlichen Zusammen<\/span><span id=\"E433\" class=\"qowt-font4-Tahoma\">halt<\/span><span id=\"E434\" class=\"qowt-font4-Tahoma\">, sondern ausgerechnet Minderheiten, die den Mund aufmachen. <\/span><span id=\"E435\" class=\"qowt-font4-Tahoma\">Dem muss laut und <\/span><span id=\"E436\" class=\"qowt-font4-Tahoma\">deutlich<\/span><span id=\"E437\" class=\"qowt-font4-Tahoma\"> widersprochen werden<\/span><span id=\"E438\" class=\"qowt-font4-Tahoma\">, gerade von der<\/span><span id=\"E439\" class=\"qowt-font4-Tahoma\"> Spitze einer demokratischen Partei.<\/span><\/p>\n<p id=\"E441\" class=\"x-scope qowt-word-para-0\"><strong><span id=\"E442\" class=\"qowt-font4-Tahoma\">Der Schwarze Marburger SPD-Kommunalpolitiker <\/span><span id=\"E444\" class=\"qowt-font4-Tahoma\">Liban<\/span><span id=\"E446\" class=\"qowt-font4-Tahoma\"> Farah berichtet auf Twitter davon, dass er nach seiner Kritik an Thierse auf das &#8222;<\/span><span id=\"E447\" class=\"qowt-font4-Tahoma\">\u00dc<\/span><span id=\"E448\" class=\"qowt-font4-Tahoma\">belste beleidigt&#8220; werde, inklusive des N-Worts. Auch aus der SPD erreichten ihn Nachrichten mit dem Tenor, er brauche sich \u00fcber so etwas nicht zu wundern, wenn er einen so ehrenwerten Genossen wie Thierse beleidige. Er schreibt &#8222;Meinungsfreiheit gilt wohl nur f\u00fcr die Mehrheitsgesellschaft.&#8220; Ist da was dran?<\/span><\/strong><\/p>\n<p id=\"E450\" class=\"x-scope qowt-word-para-1\"><span id=\"E451\" class=\"qowt-font4-Tahoma\">Ich sehe keine Gefahr f\u00fcr die Meinungsfreiheit in Deutschland. <\/span><span id=\"E452\" class=\"qowt-font4-Tahoma\">Aber nat\u00fcrlich zielt <\/span><span id=\"E453\" class=\"qowt-font4-Tahoma\">Thierse<\/span><span id=\"E454\" class=\"qowt-font4-Tahoma\">s Essay in der FAZ darauf ab, Minderheiten zum Schweigen zu bringen<\/span><span id=\"E455\" class=\"qowt-font4-Tahoma\">. Es ist die klare Aufforderung<\/span><span id=\"E456\" class=\"qowt-font4-Tahoma\"> an queere und auch Schwarze Men<\/span><span id=\"E457\" class=\"qowt-font4-Tahoma\">s<\/span><span id=\"E458\" class=\"qowt-font4-Tahoma\">chen<\/span><span id=\"E459\" class=\"qowt-font4-Tahoma\">, <\/span><span id=\"E460\" class=\"qowt-font4-Tahoma\">sich unterzuordnen<\/span><span id=\"E461\" class=\"qowt-font4-Tahoma\">, <\/span><span id=\"E462\" class=\"qowt-font4-Tahoma\">die Mehrheitsgesellschaft in Ruhe zu lasse<\/span><span id=\"E463\" class=\"qowt-font4-Tahoma\">n<\/span><span id=\"E464\" class=\"qowt-font4-Tahoma\"> und Machtverh\u00e4ltnisse nicht in Frage zu stellen. <\/span><span id=\"E465\" class=\"qowt-font4-Tahoma\">Die Mehrheitsgesellschaft will <\/span><span id=\"E467\" class=\"qowt-font4-Tahoma\">ganz offensichtlich<\/span><span id=\"E469\" class=\"qowt-font4-Tahoma\"> <\/span><span id=\"E470\" class=\"qowt-font4-Tahoma\">nicht mit ihrer eigenen <\/span><span id=\"E473\" class=\"qowt-font4-Tahoma\">Queerfeindlichkeit<\/span><span id=\"E475\" class=\"qowt-font4-Tahoma\"> und ihrem Rassismus konfrontiert werden<\/span><span id=\"E476\" class=\"qowt-font4-Tahoma\">.<\/span><span id=\"E477\" class=\"qowt-font4-Tahoma\"> <\/span><\/p>\n<p id=\"E479\" class=\"x-scope qowt-word-para-0\"><strong><span id=\"E480\" class=\"qowt-font4-Tahoma qowt-stl-tojvnm2t\">Was zeigt die ganze Diskussion \u00fcber die innere Haltung der <\/span>SPD zu den Interessen der queeren Community? Welche Reaktionen auf Eure Berichterstattung kommen direkt bei Euch an, etwa in den Kommentaren oder auf anderem Wege?<\/strong><\/p>\n<\/div>\n<\/div>\n<div id=\"contentsContainer\" class=\"style-scope qowt-page\">\n<div id=\"contents\" class=\"style-scope qowt-page\">\n<p id=\"E482\" class=\"x-scope qowt-word-para-1\"><span id=\"E483\" class=\"qowt-font4-Tahoma qowt-stl-tojvnm2t\">Nicht wenige fanden <\/span><span id=\"E485\" class=\"qowt-font4-Tahoma qowt-stl-tojvnm2t\">ja die<\/span><span id=\"E487\" class=\"qowt-font4-Tahoma qowt-stl-tojvnm2t\"> <\/span><span id=\"E488\" class=\"qowt-font4-Tahoma qowt-stl-tojvnm2t\">extrem <\/span><span id=\"E489\" class=\"qowt-font4-Tahoma qowt-stl-tojvnm2t\">scharfe Kritik des LSVD an der SPD nach dem <\/span><span id=\"E490\" class=\"qowt-font4-Tahoma qowt-stl-tojvnm2t\">durchaus <\/span><span id=\"E491\" class=\"qowt-font4-Tahoma qowt-stl-tojvnm2t\">sehr <\/span><span id=\"E492\" class=\"qowt-font4-Tahoma\">kritikw\u00fcrdigen <\/span><span id=\"E493\" class=\"qowt-font4-Tahoma qowt-stl-tojvnm2t\">\u201eJour Fixe\u201c <\/span><span id=\"E494\" class=\"qowt-font4-Tahoma qowt-stl-tojvnm2t\">mit Gesine Schwan <\/span><span id=\"E495\" class=\"qowt-font4-Tahoma qowt-stl-tojvnm2t\">\u00fcberzogen. Nun hat <\/span><span id=\"E496\" class=\"qowt-font4-Tahoma qowt-stl-tojvnm2t\">es <\/span><span id=\"E497\" class=\"qowt-font4-Tahoma qowt-stl-tojvnm2t\">ausgerechnet die Parteivorsitzende<\/span><span id=\"E498\" class=\"qowt-font4-Tahoma qowt-stl-tojvnm2t\"> geschafft, <\/span><span id=\"E499\" class=\"qowt-font4-Tahoma qowt-stl-tojvnm2t\">alle<\/span><span id=\"E500\" class=\"qowt-font4-Tahoma qowt-stl-tojvnm2t\"> Vorw\u00fcrfe zu best\u00e4tigen. Die Beteuerungen der SPD, auf der Seite queerer Menschen zu stehen, sind tats\u00e4chlich &#8222;nichts wert<\/span><span id=\"E501\" class=\"qowt-font4-Tahoma qowt-stl-tojvnm2t\">\u201c, wie es in der <a href=\"https:\/\/www.lsvd.de\/de\/ct\/4534-SPD-versagt-bei-Parteinahme-fuer-queere-Menschen\">LSVD-Pressemitteilung<\/a> h<\/span><span id=\"E502\" class=\"qowt-font4-Tahoma qowt-stl-tojvnm2t\">ie\u00df<\/span><span id=\"E503\" class=\"qowt-font4-Tahoma qowt-stl-tojvnm2t\">.<\/span><span id=\"E504\" class=\"qowt-font4-Tahoma qowt-stl-tojvnm2t\"> S<\/span><span id=\"E505\" class=\"qowt-font4-Tahoma qowt-stl-tojvnm2t\">askia <\/span><span id=\"E507\" class=\"qowt-font4-Tahoma qowt-stl-tojvnm2t\">Esken<\/span><span id=\"E509\" class=\"qowt-font4-Tahoma qowt-stl-tojvnm2t\"> <\/span><span id=\"E510\" class=\"qowt-font4-Tahoma qowt-stl-tojvnm2t\">verk\u00f6rpert<\/span><span id=\"E511\" class=\"qowt-font4-Tahoma qowt-stl-tojvnm2t\"> nun<\/span><span id=\"E512\" class=\"qowt-font4-Tahoma qowt-stl-tojvnm2t\"> die<\/span><span id=\"E513\" class=\"qowt-font4-Tahoma qowt-stl-tojvnm2t\"> Unglaubw\u00fcrdigkeit <\/span><span id=\"E514\" class=\"qowt-font4-Tahoma qowt-stl-tojvnm2t\">der SPD-<\/span><span id=\"E516\" class=\"qowt-font4-Tahoma qowt-stl-tojvnm2t\">Queerpo<\/span><span id=\"E517\" class=\"qowt-font4-Tahoma qowt-stl-tojvnm2t\">litik<\/span><span id=\"E519\" class=\"qowt-font4-Tahoma qowt-stl-tojvnm2t\"> in <\/span><span id=\"E520\" class=\"qowt-font4-Tahoma qowt-stl-tojvnm2t\">Person.<\/span><span id=\"E521\" class=\"qowt-font4-Tahoma qowt-stl-tojvnm2t\"> <\/span><span id=\"E522\" class=\"qowt-font4-Tahoma qowt-stl-tojvnm2t\">Unsere User*innen sehen das wohl auch so: <\/span><span id=\"E523\" class=\"qowt-font4-Tahoma qowt-stl-tojvnm2t\">In unserer Wochen<\/span><span id=\"E524\" class=\"qowt-font4-Tahoma qowt-stl-tojvnm2t\">umfrage bewerten <\/span><span id=\"E525\" class=\"qowt-font4-Tahoma qowt-stl-tojvnm2t\">fast die H\u00e4lfte der<\/span><span id=\"E526\" class=\"qowt-font4-Tahoma qowt-stl-tojvnm2t\"> Teilnehmer*innen den Einsatz der SPD f\u00fcr LGBTI-Rechte als \u201emangelhaft<\/span><span id=\"E527\" class=\"qowt-font4-Tahoma qowt-stl-tojvnm2t\">\u201c oder<\/span><span id=\"E528\" class=\"qowt-font4-Tahoma qowt-stl-tojvnm2t\"> \u201eungen\u00fcgend\u201c.<\/span><\/p>\n<p class=\"x-scope qowt-word-para-1\"><span id=\"E531\" class=\"qowt-font4-Tahoma qowt-stl-tojvnm2t\">Von SPD-Fans gab es auf Twitter und Facebook <\/span><span id=\"E532\" class=\"qowt-font4-Tahoma qowt-stl-tojvnm2t\">zwar ein paar heftige Kommentare gegen uns, aber keinen<\/span><span id=\"E533\" class=\"qowt-font4-Tahoma qowt-stl-tojvnm2t\"> echten<\/span><span id=\"E534\" class=\"qowt-font4-Tahoma qowt-stl-tojvnm2t\"> Shitstorm.<\/span><span id=\"E535\" class=\"qowt-font4-Tahoma qowt-stl-tojvnm2t\"> Das deute ich auch als <\/span><span id=\"E536\" class=\"qowt-font4-Tahoma qowt-stl-tojvnm2t\">ein<\/span><span id=\"E537\" class=\"qowt-font4-Tahoma qowt-stl-tojvnm2t\">en<\/span><span id=\"E538\" class=\"qowt-font4-Tahoma qowt-stl-tojvnm2t\"> <\/span><span id=\"E539\" class=\"qowt-font4-Tahoma qowt-stl-tojvnm2t\">Beleg daf\u00fcr<\/span><span id=\"E540\" class=\"qowt-font4-Tahoma qowt-stl-tojvnm2t\">, dass es die <\/span><span id=\"E541\" class=\"qowt-font4-Tahoma qowt-stl-tojvnm2t\">SPD diesmal so richtig verbockt hat<\/span><span id=\"E542\" class=\"qowt-font4-Tahoma qowt-stl-tojvnm2t\">. <\/span><span id=\"E543\" class=\"qowt-font4-Tahoma qowt-stl-tojvnm2t\">Als wir <\/span><span id=\"E544\" class=\"qowt-font4-Tahoma qowt-stl-tojvnm2t\">auf queer.de <\/span><span id=\"E545\" class=\"qowt-font4-Tahoma qowt-stl-tojvnm2t\">die <\/span><span id=\"E546\" class=\"qowt-font4-Tahoma qowt-stl-tojvnm2t\">Homo<\/span><span id=\"E547\" class=\"qowt-font4-Tahoma qowt-stl-tojvnm2t\">feindlichkeit von<\/span><span id=\"E548\" class=\"qowt-font4-Tahoma\"> Boris Palmer oder Sahra Wagenknecht <\/span><span id=\"E549\" class=\"qowt-font4-Tahoma\">themati<\/span><span id=\"E550\" class=\"qowt-font4-Tahoma\">sierten<\/span><span id=\"E551\" class=\"qowt-font4-Tahoma\">, <\/span><span id=\"E552\" class=\"qowt-font4-Tahoma\">wurden<\/span><span id=\"E553\" class=\"qowt-font4-Tahoma\"> <\/span><span id=\"E554\" class=\"qowt-font4-Tahoma\">noch <\/span><span id=\"E555\" class=\"qowt-font4-Tahoma\">Abo<\/span><span class=\"qowt-font4-Tahoma\">s gek\u00fcndigt. \u2666<\/span><\/p>\n<p><em>Offenlegung: Mein QUEERKRAM-Podcast erscheint als Kooperation mit queer.de, ist aber eine von queer.de redaktionell und juristisch unabh\u00e4ngige eigene Unternehmung. Als Teilnehmer der <span id=\"E82\" class=\"qowt-font4-Tahoma qowt-stl-tojvnm2t\">\u201cJour Fixe\u201d-Diskussion z\u00e4hle auch ich zu dem Personenkreis, der die mittlerweile viel zitierte E-Mail <span id=\"E108\" class=\"qowt-font4-Tahoma qowt-stl-tojvnm2t\">von Saskia <\/span><span id=\"E110\" class=\"qowt-font4-Tahoma qowt-stl-tojvnm2t\">Esken<\/span><span id=\"E112\" class=\"qowt-font4-Tahoma qowt-stl-tojvnm2t\"> und Kevin K\u00fchnert mit einer Gespr\u00e4chseinladung erhalten hat. Ich habe weder die Mail noch deren Inhalt an queer.de noch an eine andere Stelle geleakt. &#8211; Johannes Kram<\/span><\/span><\/em><\/p>\n<\/div>\n<\/div>\n<p>&#8212;<\/p>\n<\/div>\n<p><strong><em>Folgt mir auf <a href=\"https:\/\/twitter.com\/nollendorfblog\">Twitter<\/a>, Instagram\u00a0<\/em><\/strong><strong><em>(<a href=\"https:\/\/www.instagram.com\/insta_johanneskram\/\">@insta_johanneskram<\/a>) und\u00a0<a href=\"https:\/\/www.facebook.com\/Nollendorfblog-459879804081681\">Facebook<\/a>!<\/em><\/strong><\/p>\n<p><em>Mehr zum Thema:<\/em><\/p>\n<p><a href=\"https:\/\/www.nollendorfblog.de\/?p=12698\"><strong>&#8222;Ich bin nicht beleidigt!&#8220;: Warum die \u00c4u\u00dferungen Schwans und Thierses so gef\u00e4hrlich f\u00fcr Minderheiten, aber auch die SPD sind.<\/strong><\/a><\/p>\n<p>&#8212;<\/p>\n<p><em>Hintergrund:<\/em><\/p>\n<p>Meine <strong><a href=\"https:\/\/www.nollendorfblog.de\/?p=12535\">Gegenrede zum queerfeindlichen FAZ-Artikel von Sandra Kegel zu &#8222;Act Out&#8220;<\/a><\/strong><\/p>\n<p><strong><a href=\"https:\/\/www.nollendorfblog.de\/?p=12565\">SPD-Talk zu Act Out: L\u00fcgt Sandra Kegel? ZDF widerspricht FAZ-Frau<\/a><\/strong><\/p>\n<p>Dossier: Alle Beitr\u00e4ge zum Thema<strong><a href=\"https:\/\/www.nollendorfblog.de\/?cat=198\"> &#8222;Act Out&#8220;<\/a><\/strong><\/p>\n<p>Dossier: Alle Beitr\u00e4ge zur <strong><a href=\"https:\/\/www.nollendorfblog.de\/?tag=spd\">SPD<\/a><\/strong><\/p>\n<p>Dossier: Alle Beitr\u00e4ge zur <strong><a href=\"https:\/\/www.nollendorfblog.de\/?tag=faz\">Homophobie der FAZ<\/a><\/strong><\/p>\n<p>Dossier: Alle Beitr\u00e4ge zur <strong><a href=\"https:\/\/www.nollendorfblog.de\/?tag=faz\">Homophobie der WELT<\/a><\/strong><\/p>\n<p>Dossier: Alle Beitr\u00e4ge zur <strong><a href=\"https:\/\/www.nollendorfblog.de\/?cat=74\">Homophobie in den Medien<\/a><\/strong><\/p>\n<div class=\"entry-content\">\n<hr class=\"wp-block-separator\" \/>\n<p><span style=\"color: #ff0000;\"><strong><em>Als unabh\u00e4ngiges und werbefreies Blog brauchen wir Deine Hilfe. Hier kannst Du uns auf <a style=\"color: #ff0000;\" href=\"https:\/\/www.paypal.com\/donate\/?token=Sx7UO35_SDcAJtU34UUHgtD5jyv1zex9ZEMhfnkmUSKCOtBwgAd3VhsSD8v7GsW2W2ygw0&amp;country.x=DE&amp;locale.x=de_DE\">Paypa<\/a>l\u00a0unterst\u00fctzen. Oder hier ein\u00a0freiwilliges Unterst\u00fctzerabo\u00a0abschlie\u00dfen:<\/em><\/strong><\/span><\/p>\n<div>\n<div class=\"\" dir=\"auto\">\n<div id=\"jsc_c_1o0\" class=\"ecm0bbzt hv4rvrfc e5nlhep0 dati1w0a\" data-ad-comet-preview=\"message\" data-ad-preview=\"message\">\n<div class=\"j83agx80 cbu4d94t ew0dbk1b irj2b8pg\">\n<div class=\"qzhwtbm6 knvmm38d\">\n<div class=\"o9v6fnle cxmmr5t8 oygrvhab hcukyx3x c1et5uql ii04i59q\">\n<div dir=\"auto\">\n<div class=\"ecm0bbzt e5nlhep0 a8c37x1j\">\n<div class=\"o9v6fnle cxmmr5t8 oygrvhab hcukyx3x c1et5uql\">\n<div dir=\"auto\">\n<hr class=\"wp-block-separator\" \/>\n<figure class=\"wp-block-image\"><a href=\"https:\/\/steadyhq.com\/de\/nollendorfblog\"><img loading=\"lazy\" decoding=\"async\" class=\"alignleft size-full wp-image-8327\" src=\"https:\/\/www.nollendorfblog.de\/wp-content\/uploads\/2017\/11\/steady_button-linke.png\" sizes=\"auto, (max-width: 966px) 100vw, 966px\" srcset=\"https:\/\/www.nollendorfblog.de\/wp-content\/uploads\/2017\/11\/steady_button-linke.png 966w, https:\/\/www.nollendorfblog.de\/wp-content\/uploads\/2017\/11\/steady_button-linke-300x47.png 300w, https:\/\/www.nollendorfblog.de\/wp-content\/uploads\/2017\/11\/steady_button-linke-768x119.png 768w\" alt=\"\" width=\"966\" height=\"150\" \/><\/a><em>Mehr dazu:\u00a0<\/em><em><a href=\"https:\/\/www.nollendorfblog.de\/?p=8291\">Das Nollendorfblog braucht Deine Unterst\u00fctzung<\/a><\/em><\/figure>\n<\/div>\n<\/div>\n<\/div>\n<\/div>\n<\/div>\n<\/div>\n<\/div>\n<\/div>\n<\/div>\n<\/div>\n<\/div>\n<p>&nbsp;<\/p>\n","protected":false},"excerpt":{"rendered":"<p>&#8222;Saskia Esken verk\u00f6rpert nun die Unglaubw\u00fcrdigkeit der SPD-Queerpolitik in Person. Unsere User*innen sehen das wohl auch so: In unserer Wochenumfrage bewerten fast die H\u00e4lfte der Teilnehmer*innen den Einsatz der SPD f\u00fcr LGBTI-Rechte als &#8218;mangelhaft&#8216; oder &#8218;ungen\u00fcgend&#8216;.&#8220;<\/p>\n","protected":false},"author":1,"featured_media":12682,"comment_status":"closed","ping_status":"closed","sticky":false,"template":"","format":"standard","meta":{"footnotes":""},"categories":[196,198,74,169,166,112],"tags":[34,200,89,35],"class_list":["post-12675","post","type-post","status-publish","format-standard","has-post-thumbnail","hentry","category-196","category-actout","category-medien","category-online","category-print","category-rassismus","tag-faz","tag-sandra-kegel","tag-spd","tag-welt"],"_links":{"self":[{"href":"https:\/\/www.nollendorfblog.de\/index.php?rest_route=\/wp\/v2\/posts\/12675","targetHints":{"allow":["GET"]}}],"collection":[{"href":"https:\/\/www.nollendorfblog.de\/index.php?rest_route=\/wp\/v2\/posts"}],"about":[{"href":"https:\/\/www.nollendorfblog.de\/index.php?rest_route=\/wp\/v2\/types\/post"}],"author":[{"embeddable":true,"href":"https:\/\/www.nollendorfblog.de\/index.php?rest_route=\/wp\/v2\/users\/1"}],"replies":[{"embeddable":true,"href":"https:\/\/www.nollendorfblog.de\/index.php?rest_route=%2Fwp%2Fv2%2Fcomments&post=12675"}],"version-history":[{"count":20,"href":"https:\/\/www.nollendorfblog.de\/index.php?rest_route=\/wp\/v2\/posts\/12675\/revisions"}],"predecessor-version":[{"id":12715,"href":"https:\/\/www.nollendorfblog.de\/index.php?rest_route=\/wp\/v2\/posts\/12675\/revisions\/12715"}],"wp:featuredmedia":[{"embeddable":true,"href":"https:\/\/www.nollendorfblog.de\/index.php?rest_route=\/wp\/v2\/media\/12682"}],"wp:attachment":[{"href":"https:\/\/www.nollendorfblog.de\/index.php?rest_route=%2Fwp%2Fv2%2Fmedia&parent=12675"}],"wp:term":[{"taxonomy":"category","embeddable":true,"href":"https:\/\/www.nollendorfblog.de\/index.php?rest_route=%2Fwp%2Fv2%2Fcategories&post=12675"},{"taxonomy":"post_tag","embeddable":true,"href":"https:\/\/www.nollendorfblog.de\/index.php?rest_route=%2Fwp%2Fv2%2Ftags&post=12675"}],"curies":[{"name":"wp","href":"https:\/\/api.w.org\/{rel}","templated":true}]}}