{"id":12794,"date":"2021-06-23T20:45:07","date_gmt":"2021-06-23T18:45:07","guid":{"rendered":"http:\/\/www.nollendorfblog.de\/?p=12794"},"modified":"2021-06-23T20:59:41","modified_gmt":"2021-06-23T18:59:41","slug":"manuel-neuer-super-ally-no-1","status":"publish","type":"post","link":"https:\/\/www.nollendorfblog.de\/?p=12794","title":{"rendered":"Manuel Neuer: Super-Ally-No. 1"},"content":{"rendered":"<div>\n<p>Jetzt, wo Dank des UEFA-Ungarn-Allianz-Arena-Desasters das ganze Land in Regenbogenfarben geh\u00fcllt ist, musste ich an die Zeit um die Entscheidung \u00fcber die Ehe f\u00fcr alle vor ziemlich genau vier Jahren denken. Jahrzehnte lang hatte die Community auf eine solche Abstimmung hingearbeitet, hatte gek\u00e4mpft, geworben und versucht, die nicht-queere Mehrheitsgesellschaft davon zu \u00fcberzeugen, dass es eine gute Sache ist, diesen Kampf gemeinsam zu f\u00fchren. Doch wir haben ihn ziemlich alleine gef\u00fchrt. Die Regenbogenfahne wollte uns fast niemand abnehmen. Und als die Ehe f\u00fcr alle dann am 30. Juni 2017 beschlossen, dieser jahrzehntelange Kampf endlich vorbei und gewonnen war, wollte niemand so recht mit uns feiern. In den Stra\u00dfen sah man keine Regenbogenfahnen. Und auch der Bundespr\u00e4sident wollte sich zum Thema nicht \u00e4u\u00dfern.<\/p>\n<p>Als der amerikanische Supreme Court zwei Jahre zuvor die Same-sex-marriage einf\u00fchrt hatte, wurden das Empire State Building, das Wei\u00dfe Haus und viele andere US-Heiligt\u00fcmer in den Regenbogenfarben angestrahlt. Nach der deutschen Entscheidung gab es nichts dergleichen.<\/p>\n<p>Am 5. Juli 2017, also kurz nach der Abstimmung im Bundestag, habe ich hier im Blog meine Eindr\u00fccke dieser merkw\u00fcrdigen Tage festgehalten:<\/p>\n<blockquote><p>Die Ehe f\u00fcr alle kam auch deswegen so sp\u00e4t nach Deutschland, weil sich fast nur die Heteros f\u00fcr das Thema interessiert hatten, die leidenschaftlich dagegen sind. Leidenschaftliche Bef\u00fcrworter, gar\u00a0<a href=\"https:\/\/www.nollendorfblog.de\/?p=7658\">K\u00e4mpfer f\u00fcr die Sache gab es kaum<\/a>, und auch in den wohlwollenden Kommentaren nach der Entscheidung im Bundestag ist zu lesen, dass diese zwar f\u00fcr die \u2013 relativ wenigen \u2013 \u201eBetroffenen\u201c eine gro\u00dfe Sache sei, ansonsten aber halt ein Nischenthema, \u00fcber das man jetzt nicht so einen Wind machen m\u00fcsse. Geradezu ausgelacht werden wir oft, wenn wir die historische Dimension betonen, die Homos m\u00f6gen es halt gerne dramatisch.<\/p><\/blockquote>\n<p>Bei aller Freude dar\u00fcber, dass die ungarische staatliche Aggression gegen unsere Minderheiten durch diese riesige Regenbogenwelle eine deutliche Antwort aus fast allen Teilen der Bev\u00f6lkerung erf\u00e4hrt, stellt sich doch die Frage, wo diese Menschen waren, als wir sie f\u00fcr die wichtigen Emanzipationsschritte hier im Land so dringend gebraucht hatten. (Oder auch bei unserem Protest gegen die staatlichen Homophobiegesetze in Russland.)<\/p>\n<\/div>\n<p>Hier kommt wohl vieles zusammen, auch vieles Ungutes. <a href=\"https:\/\/www.nollendorfblog.de\/?p=12774\">Willkommenes Pinkwashing f\u00fcr Politik und Wirtschaft<\/a> nat\u00fcrlich aber auch die Tatsache, dass diesmal der Regenbogen im Vorfeld eines Fu\u00dfballspiels dazu taugt, dass sich ein Land besser\u00a0 f\u00fchlen darf als ein anderes.<\/p>\n<div>\n<p>Doch all dies erkl\u00e4rt nicht die gro\u00dfe Fahrt, die das queere Thema unter dem Regenbogen in den letzten Tagen aufgenommen hat. Ein Superzug, auf den jeder aufspringen m\u00f6chte, braucht einen Supermenschen, der ihn gestartet hat. Manuel Neuer konnte nicht wissen, was er mit der Entscheidung ausl\u00f6ste, als Kapit\u00e4n der Nationalmannschaft die Regenbogenbinde bei diesem Tunier zu tragen. Eigentlich hatte er nicht viel dabei zu gewinnen, au\u00dfer den Sympathien der Community. Er hatte auch einiges zu verlieren. Identit\u00e4tspolitik! Gutmenschentum! Haben-wir keine-anderen-Probleme! Fussball-muss-sich-aus-der-Poltik-raushalten! Die Regenbogenflagge war vor dieser Europameisterschaft kein Sympathiegarant. Und nach Corona sehnte sich die Nation eher nach neuer St\u00e4rke als nach ihren Minderheiten. Manuel Neuer war das egal. Er hatte Haltung. Und er hatte eine Wirkungsmacht, die er bereit war, f\u00fcr diese Haltung einzubringen.<\/p>\n<p>Ich will es nicht \u00fcberh\u00f6hen, aber es ist eben so: F\u00fcr das, was Manuel Neuer gemacht hat, gibt es in Deutschland\u00a0 wenige Vorbilder. Wie viele andere Allies in dieser Liga in einer solche Situation fallen uns ein? Manuel Neuer hat gezeigt, was mit Haltung alles m\u00f6glich ist.<\/p>\n<p>Manuel Neuer, Super-Ally-No. 1!<\/p>\n<p>&#8212;<\/p>\n<p><em>Mehr zum Thema:<\/em><\/p>\n<p><em><a href=\"https:\/\/www.nollendorfblog.de\/?p=12774\">\u201eRegenbogen-Paradoxon\u201c: Wie sich die Rainbow-Flag auch gegen die Community richtet<\/a><\/em><\/p>\n<p>&nbsp;<\/p>\n<\/div>\n<p><strong><em>Folgt mir auf <a href=\"https:\/\/twitter.com\/nollendorfblog\">Twitter<\/a>, Instagram\u00a0<\/em><\/strong><strong><em>(<a href=\"https:\/\/www.instagram.com\/insta_johanneskram\/\">@insta_johanneskram<\/a>) und\u00a0<a href=\"https:\/\/www.facebook.com\/Nollendorfblog-459879804081681\">Facebook<\/a>!<\/em><\/strong><\/p>\n<p>&#8212;<\/p>\n<p><em>\u00c4hnliche Beitr\u00e4ge zum Thema hier im Blog:<\/em><\/p>\n<p>Das Pinkwashing des Energiekonzerns <a href=\"https:\/\/www.nollendorfblog.de\/?tag=eon\">E.ON.<\/a><\/p>\n<p>Die Homophobie von <a href=\"https:\/\/www.nollendorfblog.de\/?tag=cdu-csu\">CDU\/CSU<\/a>.<\/p>\n<p>&nbsp;<\/p>\n<p>&nbsp;<\/p>\n<div class=\"entry-content\">\n<hr class=\"wp-block-separator\" \/>\n<p><span style=\"color: #ff0000;\"><strong><em>Als unabh\u00e4ngiges und werbefreies Blog brauchen wir Deine Hilfe. Hier kannst Du uns auf <a style=\"color: #ff0000;\" href=\"https:\/\/www.paypal.com\/donate\/?token=Sx7UO35_SDcAJtU34UUHgtD5jyv1zex9ZEMhfnkmUSKCOtBwgAd3VhsSD8v7GsW2W2ygw0&amp;country.x=DE&amp;locale.x=de_DE\">Paypa<\/a>l\u00a0unterst\u00fctzen. Oder hier ein\u00a0freiwilliges Unterst\u00fctzerabo\u00a0abschlie\u00dfen:<\/em><\/strong><\/span><\/p>\n<div>\n<div class=\"\" dir=\"auto\">\n<div id=\"jsc_c_1o0\" class=\"ecm0bbzt hv4rvrfc e5nlhep0 dati1w0a\" data-ad-comet-preview=\"message\" data-ad-preview=\"message\">\n<div class=\"j83agx80 cbu4d94t ew0dbk1b irj2b8pg\">\n<div class=\"qzhwtbm6 knvmm38d\">\n<div class=\"o9v6fnle cxmmr5t8 oygrvhab hcukyx3x c1et5uql ii04i59q\">\n<div dir=\"auto\">\n<div class=\"ecm0bbzt e5nlhep0 a8c37x1j\">\n<div class=\"o9v6fnle cxmmr5t8 oygrvhab hcukyx3x c1et5uql\">\n<div dir=\"auto\">\n<hr class=\"wp-block-separator\" \/>\n<figure class=\"wp-block-image\"><a href=\"https:\/\/steadyhq.com\/de\/nollendorfblog\"><img loading=\"lazy\" decoding=\"async\" class=\"alignleft size-full wp-image-8327\" src=\"https:\/\/www.nollendorfblog.de\/wp-content\/uploads\/2017\/11\/steady_button-linke.png\" sizes=\"auto, (max-width: 966px) 100vw, 966px\" srcset=\"https:\/\/www.nollendorfblog.de\/wp-content\/uploads\/2017\/11\/steady_button-linke.png 966w, https:\/\/www.nollendorfblog.de\/wp-content\/uploads\/2017\/11\/steady_button-linke-300x47.png 300w, https:\/\/www.nollendorfblog.de\/wp-content\/uploads\/2017\/11\/steady_button-linke-768x119.png 768w\" alt=\"\" width=\"966\" height=\"150\" \/><\/a><em>Mehr dazu:\u00a0<\/em><em><a href=\"https:\/\/www.nollendorfblog.de\/?p=8291\">Das Nollendorfblog braucht Deine Unterst\u00fctzung<\/a><\/em><\/figure>\n<\/div>\n<\/div>\n<\/div>\n<\/div>\n<\/div>\n<\/div>\n<\/div>\n<\/div>\n<\/div>\n<\/div>\n<\/div>\n<p>&nbsp;<\/p>\n","protected":false},"excerpt":{"rendered":"<p>Ich will es nicht \u00fcberh\u00f6hen, aber es ist eben so: F\u00fcr das, was Manuel Neuer gemacht hat, gibt es in Deutschland\u00a0 wenige Vorbilder. Wie viele andere Allies in dieser Liga fallen uns ein? Manuel Neuer hat gezeigt, was mit Haltung alles m\u00f6glich ist.\u00a0<\/p>\n","protected":false},"author":1,"featured_media":12795,"comment_status":"closed","ping_status":"closed","sticky":false,"template":"","format":"standard","meta":{"footnotes":""},"categories":[196],"tags":[],"class_list":["post-12794","post","type-post","status-publish","format-standard","has-post-thumbnail","hentry","category-196"],"_links":{"self":[{"href":"https:\/\/www.nollendorfblog.de\/index.php?rest_route=\/wp\/v2\/posts\/12794","targetHints":{"allow":["GET"]}}],"collection":[{"href":"https:\/\/www.nollendorfblog.de\/index.php?rest_route=\/wp\/v2\/posts"}],"about":[{"href":"https:\/\/www.nollendorfblog.de\/index.php?rest_route=\/wp\/v2\/types\/post"}],"author":[{"embeddable":true,"href":"https:\/\/www.nollendorfblog.de\/index.php?rest_route=\/wp\/v2\/users\/1"}],"replies":[{"embeddable":true,"href":"https:\/\/www.nollendorfblog.de\/index.php?rest_route=%2Fwp%2Fv2%2Fcomments&post=12794"}],"version-history":[{"count":15,"href":"https:\/\/www.nollendorfblog.de\/index.php?rest_route=\/wp\/v2\/posts\/12794\/revisions"}],"predecessor-version":[{"id":12808,"href":"https:\/\/www.nollendorfblog.de\/index.php?rest_route=\/wp\/v2\/posts\/12794\/revisions\/12808"}],"wp:featuredmedia":[{"embeddable":true,"href":"https:\/\/www.nollendorfblog.de\/index.php?rest_route=\/wp\/v2\/media\/12795"}],"wp:attachment":[{"href":"https:\/\/www.nollendorfblog.de\/index.php?rest_route=%2Fwp%2Fv2%2Fmedia&parent=12794"}],"wp:term":[{"taxonomy":"category","embeddable":true,"href":"https:\/\/www.nollendorfblog.de\/index.php?rest_route=%2Fwp%2Fv2%2Fcategories&post=12794"},{"taxonomy":"post_tag","embeddable":true,"href":"https:\/\/www.nollendorfblog.de\/index.php?rest_route=%2Fwp%2Fv2%2Ftags&post=12794"}],"curies":[{"name":"wp","href":"https:\/\/api.w.org\/{rel}","templated":true}]}}