{"id":1284,"date":"2013-03-15T01:06:34","date_gmt":"2013-03-14T23:06:34","guid":{"rendered":"http:\/\/www.nollendorfblog.de\/?p=1284"},"modified":"2019-03-02T13:21:36","modified_gmt":"2019-03-02T11:21:36","slug":"1284","status":"publish","type":"post","link":"https:\/\/www.nollendorfblog.de\/?p=1284","title":{"rendered":"&#8222;Schrill&#8220;: BILD erkl\u00e4rt, was uns Alexander Dobrindt sagen wollte"},"content":{"rendered":"<p>Kennen Sie Sven Florijan?* Keine Sorge, das geht nicht nur Ihnen so.<\/p>\n<p>Eine Suche in Google-News ergibt heute \u00a0in 0,15 Sekunden f\u00fcnf Artikel mit diesem Namen. Drei sind wirkliche Presseberichte, wobei es in zwei davon gar nicht um Herrn Florijan geht. Man kann sagen, er wird dort nur erw\u00e4hnt:<\/p>\n<p>Einmal in der Hamburger Morgenpost in <span style=\"color: #800000;\"><a href=\"http:\/\/www.mopo.de\/nachrichten\/karneval-in-hamburg-lilabe--so-heiss-ist-hamburgs-groesste-faschingsparty,5067140,21888162.html\"><span style=\"color: #800000;\">einem Beitrag<\/span><\/a> <\/span>\u00fcber eine Faschingsparty:<\/p>\n<blockquote><p><span style=\"color: #333333;\">&#8222;Als Showact dabei: Hot-Banditoz-S\u00e4nger Silva Gonzales (33). Der Hamburger war zuletzt im RTL-Dschungelcamp, wurde von den Zuschauern aber als erstes rausgew\u00e4hlt.<\/span><\/p>\n<p><span style=\"color: #333333;\">Mal sehen, ob er bei den Leuten auf der, nach eigenen Angaben &#8222;wildesten Kost\u00fcmparty Norddeutschlands&#8220;, besser ankommt. Auch der Assistent von Olivia Jones, <strong>Sven Florijan<\/strong>, feiert mit.&#8220;<\/span><\/p><\/blockquote>\n<p>Und dann in der Hamburger <span style=\"color: #800000;\"><a href=\"http:\/\/www.bild.de\/regional\/hamburg\/olivia-jones\/verwoehnt-fiona-georgina-29239554.bild.html\"><span style=\"color: #800000;\">Regionalausgabe<\/span><\/a><\/span> der BILD-Zeitung:<\/p>\n<blockquote><p><span style=\"color: #333333;\">&#8222;Kult-Transe Olivia Jones (43) hatte zum Dreh f\u00fcr \u201eDas perfekte Promidinner\u201c nach Hamburg geladen. Neben der Dragqueen zauberte ihr Assistent<strong> Sven Florijan<\/strong> (32) am Drei-G\u00e4nge- Men\u00fc.&#8220;<\/span><\/p>\n<h5>(*Hervorhebung durch mich)<\/h5>\n<\/blockquote>\n<p>Ohne Herrn Florijan beleidigen zu wollen, darf man wohl sagen, dass es viele, ja sogar sehr viele Menschen gibt, die mehr im Fokus der Medien\u00f6ffentlichkeit stehen als er.<\/p>\n<p>Und es spricht Vieles daf\u00fcr, dass Menschen, die Fans von Promi-Geschichten sind, nicht gerade gierig nach Neuigkeiten aus seinem Privatleben d\u00fcrsten.<\/p>\n<p>Es muss deshalb ein Zufall sein, dass es \u00a0Sven Florjan vorgestern trotzdem auf die Startseite von <span style=\"color: #800000;\"><a href=\"http:\/\/www.bild.de\/regional\/hamburg\/hochzeit\/das-wird-die-schrillste-hochzeit-des-jahres-29497106.bild.html\"><span style=\"color: #800000;\">bild.de<\/span><\/a> <\/span>geschafft hat:<\/p>\n<p><a href=\"https:\/\/www.nollendorfblog.de\/wp-content\/uploads\/2013\/03\/Bildschirmfoto-2013-03-14-um-18.40.44.png\"><img loading=\"lazy\" decoding=\"async\" class=\"aligncenter size-medium wp-image-1292\" src=\"https:\/\/www.nollendorfblog.de\/wp-content\/uploads\/2013\/03\/Bildschirmfoto-2013-03-14-um-18.40.44-281x300.png\" alt=\"Bildschirmfoto 2013-03-14 um 18.40.44\" width=\"281\" height=\"300\" srcset=\"https:\/\/www.nollendorfblog.de\/wp-content\/uploads\/2013\/03\/Bildschirmfoto-2013-03-14-um-18.40.44-281x300.png 281w, https:\/\/www.nollendorfblog.de\/wp-content\/uploads\/2013\/03\/Bildschirmfoto-2013-03-14-um-18.40.44.png 547w\" sizes=\"auto, (max-width: 281px) 100vw, 281px\" \/><\/a><\/p>\n<p>Und was f\u00fcr ein Zufall, dass ein solcher Artikel just in dieser Woche so prominent erscheint.<\/p>\n<p>Ein Artikel mit einer \u00dcberschrift gebastelt aus &#8222;Schrill&#8220; und &#8222;Hochzeit&#8220; ausgerechnet einige Tage nach dem der <span style=\"color: #800000;\"><a href=\"http:\/\/www.welt.de\/politik\/deutschland\/article114290201\/Union-muss-Stimme-gegen-schrille-Minderheit-sein.html\"><span style=\"color: #800000;\">der Verweis<\/span><\/a><\/span> auf die<em>\u00a0<\/em>angebliche<em> Schrill<\/em>-heit einer Minderheit \u00a0dazu dienen soll, deren Recht auf\u00a0<em>Hochzeit<\/em>\u00a0im Sinne einer staatlich legitimierten Ehe in Frage zu stellen?<\/p>\n<p>BILD stellt nat\u00fcrlich nichts in Frage und h\u00e4lt sich wie immer aus diesem Politik-Zeugs <a href=\"https:\/\/www.nollendorfblog.de\/?p=1250\"><span style=\"color: #800000;\">v\u00f6llig heraus<\/span><\/a>.<\/p>\n<p>Aber wenn diese Geschichte weder von politischer Relevanz noch von der ihrer Protagonisten getragen wird, wovon denn dann?<\/p>\n<p>Etwa wirklich davon, dass diese Hochzeit \u00a0so supercrazy ist? Die, was auch immer das ist, die &#8222;schrillste&#8220; des Jahres ist?<\/p>\n<p>Jeder der schonmal vor dem Schaufenster mit den Hochzeitsbildern eines Fotogesch\u00e4ftes in einer Kleinstadt gestanden hat, weiss, dass das nicht stimmen kann.<\/p>\n<p>Und jeder, der eine Story \u00fcber eine wirklich schr\u00e4ge Hochzeit machen m\u00f6chte, findet da ganz anderes BILD-<span style=\"color: #800000;\"><a href=\"http:\/\/www.humorsharing.com\/crazy-wedding-ceremonies\/5567\"><span style=\"color: #800000;\">Material<\/span><\/a><\/span>.<\/p>\n<p>Aber irgendwie muss es diese Story ja auf die Startseite von bild.de geschafft haben. Irgendwas muss doch hier von allgemeinem, \u00fcberregionalem Interesse sein. Ist es vielleicht doch kein Zufall?<\/p>\n<p>Machen wir es Zeile f\u00fcr Zeile:<\/p>\n<p>Headline 1:<\/p>\n<blockquote><p><span style=\"color: #333333;\">Olivias Assistent Sven heiratet seinen Freund<\/span><\/p><\/blockquote>\n<p>Hm, da steht also: Jemand, den man nicht kennt heiratet jemanden, den man nicht kennt. Aber da steht auch ein Versprechen: \u00a0Keine Angst, sch\u00f6n crazy ist es trotzdem, denn beide sind ja schwul.<\/p>\n<p>Headline 2:<\/p>\n<blockquote><p><span style=\"color: #333333;\">Das wird die schrillste Hochzeit des Jahres<\/span><\/p><\/blockquote>\n<p>Man wei\u00df nicht so genau, ob das als Hoffnung oder als Drohung gemeint ist. Aber zumindest wird vermittelt, dass \u00a0sich die beiden nicht gegen diese Einsch\u00e4tzung wehren. Was wir daraus lernen k\u00f6nnen: \u00a0Jeder w\u00fcnscht sich eine m\u00f6glichst tolle Hochzeit. Und wenn eine schwule Hochzeit das Ziel hat, m\u00f6glichst &#8222;schrill&#8220; zu sein, muss dann nicht &#8222;schrill&#8220; etwas besonders Tolles sein? F\u00fcr Schwule.<\/p>\n<p>Da fragt man sich nur, warum sich die Schwulen so <span style=\"color: #800000;\"><a href=\"http:\/\/www.rp-online.de\/politik\/deutschland\/spahn-sieht-sich-durch-dobrindt-beleidigt-1.3247028\"><span style=\"color: #800000;\">aufregen<\/span><\/a><\/span>, wenn man sie so nennt.<\/p>\n<p>Zur Bildunterschrift:<\/p>\n<p><em>(Lassen wir mal die Frage offen, ob Fotograf und Redakteur \u00a0den beiden mit dieser Inszenierung einen Gefallen tun wollten. Jedenfalls schafft es die Redaktion,<span style=\"color: #800000;\"> <a href=\"http:\/\/www.bild.de\/sport\/mehr-sport\/matthias-rath\/totilas-reiter-heiratet-seine-franziska-29378692.bild.html\"><span style=\"color: #800000;\">heterosexuelle<\/span><\/a> <a href=\"http:\/\/www.bild.de\/unterhaltung\/leute\/dsds\/pietro-und-sarah-hochzeitskuss-29348806.bild.html\"><span style=\"color: #800000;\">Hochzeitspaare<\/span><\/a><\/span> in <span style=\"color: #800000;\"><a href=\"http:\/\/www.bild.de\/unterhaltung\/leute\/sido\/charlotte-engelhardt-ist-schwanger-29261534.bild.html\"><span style=\"color: #800000;\">nat\u00fcrlicheren<\/span><\/a> <a href=\"http:\/\/www.bild.de\/unterhaltung\/leute\/guildo-horn\/heimliche-hochzeit-mit-daniela-28478230.bild.html\"><span style=\"color: #800000;\">Situationen<\/span><\/a> <a href=\"http:\/\/www.bild.de\/regional\/berlin\/hochzeit\/das-geheimnis-von-70-jahren-ehe-meine-frau-war-immer-der-chef-28310314.bild.html\"><span style=\"color: #800000;\">einzufangen<\/span><\/a><\/span>)<\/em><\/p>\n<blockquote><p><span style=\"color: #333333;\">Seit 15 Monaten ein Paar, n\u00e4chste Woche heiraten Sven Florijan (32, r.) und sein Schatz Sebi (24) standesamtlich<\/span><\/p><\/blockquote>\n<p>Echt?<\/p>\n<p>Der Artikel beginnt:<\/p>\n<blockquote><p><span style=\"color: #333333;\">City \u2013 Als \u201eKugelblitz von St. Pauli\u201c startet Sven Florijan (32) gerade durch.<\/span><br \/>\n<span style=\"color: #333333;\"> Und auch privat l\u00e4uft es f\u00fcr den Assistenten von Olivia Jones rund: N\u00e4chste Woche heiratet der bunte Vogel seinen Freund Sebi (24).<\/span><\/p><\/blockquote>\n<p>Okay, fangen wir einfach mal an, die Synonyme f\u00fcr &#8222;andersartig&#8220; zu z\u00e4hlen. &#8222;Schrill&#8220; hatten wir schon, mit dem &#8222;bunten Vogel&#8220; w\u00e4ren w\u00e4re das dann der zweite Strich.<\/p>\n<blockquote><p><span style=\"color: #333333;\">Im TV haben sie sich kennengelernt, seit 15 Monaten sind sie ein Paar.<\/span><\/p><\/blockquote>\n<p>Das ist bis jetzt mein absoluter Lieblingssatz des Jahres! Wunderbar. Wie die das machen, dass sich v\u00f6llig Absurdes so logisch liest! \u00a0Nein, nicht bei irgendeiner Sendung haben sie sich kennen gelernt. Sondern &#8211; genial &#8211; &#8222;im TV&#8220; ! \u00a0Das Fernsehen ist n\u00e4mlich gar kein Medium, sondern ein Ort. Ein nat\u00fcrlichen Lebensraum f\u00fcr &#8222;bunte V\u00f6gel&#8220;. Andere nennen sagen\u00a0<span style=\"color: #800000;\"><a href=\"http:\/\/www.taz.de\/!33173\/\"><span style=\"color: #800000;\">&#8222;Paradiesv\u00f6gel&#8220;<\/span><\/a><\/span>, Volker Kauder <span style=\"color: #800000;\"><a href=\"http:\/\/www.spiegel.de\/politik\/deutschland\/homo-ehe-cdu-mann-kauder-schliesst-gesetze-bis-zur-wahl-aus-a-888709.html\"><span style=\"color: #800000;\">nennt<\/span><\/a><\/span> es &#8222;Kulturszene&#8220;.<\/p>\n<blockquote><p><span style=\"color: #333333;\">Kurz nach dem Tod von Svens Vater haben sie sich verlobt. Sven: \u201eMein Vater hat Sebi sehr gemocht. Darum war klar, dass wir schnell heiraten.\u201c<\/span><\/p><\/blockquote>\n<p>Nur zur Erinnerung: Das Ganze firmiert unter der &#8222;schrillsten Hochzeit des Jahres&#8220;.<\/p>\n<p>Aber versprochen ist versprochen:<\/p>\n<blockquote><p><span style=\"color: #333333;\">Und das wird keine 0815-Trauung\u2005&#8230;<\/span><\/p><\/blockquote>\n<p>Geht doch. Strich Nummer Drei. Jetzt sind wir aber gespannt &#8230;<\/p>\n<blockquote><p><span style=\"color: #333333;\">Der Ablauf: Mit einer Stretch-Limousine geht es zum Standesamt Eppendorf, (&#8230;)<\/span><\/p><\/blockquote>\n<p>Das ist aber wirklich schrill! Jedoch: Wenn man sich etwas auf den einschl\u00e4gigen\u00a0Stretch-Limousinen-Seiten umgeschaut, hat man nicht den Eindruck, dass man Stretch-Limousinen-Inhaber dazu zwingen muss, ihre Wagen f\u00fcr Hochzeiten zu vermieten. Es scheint sich um ein etabliertes Gesch\u00e4ftsmodell zu handeln, auch f\u00fcr Heteros.<\/p>\n<p>Aber vielleicht passiert ja jetzt etwas super Abgedrehtes:<\/p>\n<blockquote><p><span style=\"color: #333333;\">(&#8230;) dort wird vor 180 Freunden \u201eJa\u201c gesagt.\u00a0Ab 18 Uhr Feier in \u201eOlivias Show Club\u201c.\u00a0Mit Svens Familie aus Bad Rothenfelde, aber auch mit Promis: Dschungel-K\u00f6nig Joey will singen \u2013 und auch Klaus Baumgart hat eine \u00dcberraschung\u2005&#8230;<\/span><\/p><\/blockquote>\n<p>Um was f\u00fcr eine \u00dcberraschung es dabei geht, wird nicht gesagt. \u00a0Aber das Alles ist ja auch so schon atemberaubend genug:<\/p>\n<blockquote><p><span style=\"color: #333333;\">Das Outfit: Beide tragen wei\u00dfe Jeans-Fr\u00e4cke mit Nieten, darunter ein T-Shirt mit ihren Konturen.<\/span><\/p><\/blockquote>\n<p>Doch zum \u00c4ussersten kommt es dann doch nicht. Der n\u00e4chste Satz klingt wie eine Entschuldigung an die Leser:<\/p>\n<blockquote><p><span style=\"color: #333333;\">Svens Styling: (fast) ungeschminkt. \u201eDas ist ungew\u00f6hnlich, war aber meine Bedingung\u201c, sagt Sebi.<\/span><\/p><\/blockquote>\n<p>Doch so richtig sch\u00f6n dekadent wird es dann doch noch. Na, ein bisschen zumindest &#8230; :<\/p>\n<blockquote><p><span style=\"color: #333333;\">Die Ringe sind aus Silber mit einem schwarzen Brillanten. Innen stehen ihre Namen und ihr Partymotto: \u201eStimmung!\u201c<\/span><\/p><\/blockquote>\n<p>Und jetzt halten Sie sich fest:<\/p>\n<blockquote><p><span style=\"color: #333333;\"> Im Sommer geht\u2019s in die Flitterwochen nach Mallorca. Stimmung garantiert.<\/span><\/p><\/blockquote>\n<p>Manchmal ist die Nachricht nur, dass es eine Nachricht ist. Hier ist es nicht einmal das. Hier sind es zwei W\u00f6rter in einer \u00dcberschrift und ein Bild.<\/p>\n<p><em>* Mir ist schon klar, dass die Findbarkeit bei Google News nicht die Medienpr\u00e4senz einer Person anzeigt. Ich weiss auch, dass\u00a0Florijan\u00a0w\u00e4hrend des Dschungelcamps als die Begleitung von Olivia Jones bei RTL ein paar mal im Bild war. Es gibt auch noch einen <span style=\"color: #800000;\"><a href=\"http:\/\/www.bild.de\/regional\/hamburg\/entertainer\/der-schrillste-gute-laune-pummel-27921122.bild.html\"><span style=\"color: #800000;\">anderen Artikel<\/span><\/a><\/span>\u00a0von BILD Hamburg \u00fcber\u00a0Florijan. Doch dieser ist nicht sehr viel weniger <span style=\"color: #800000;\"><a href=\"http:\/\/www.blsj.de\/projekte\/schoener-schreiben\/\"><span style=\"color: #800000;\">bezeichnender<\/span><\/a> <\/span>als der hier besprochene und ,und darum geht es, er war auch auf der Startseite von bild.de .<\/em><\/p>\n","protected":false},"excerpt":{"rendered":"<p> Bild.de berichtet auf seiner Startseite \u00fcber die angeblich &#8222;schrillste Hochzeit&#8220; des Jahres. Es ist ein Lehrst\u00fcck \u00fcber das Schreiben \u00fcber Schwule als schr\u00e4ge Attraktion, zumal sich die Hochzeit selbst als relativ unspektakul\u00e4r erweist. Auch wenn sie so ern\u00fcchternd gleich sind m\u00fcssen sie vor allem Eines sein: Anders. <\/p>\n","protected":false},"author":1,"featured_media":0,"comment_status":"open","ping_status":"open","sticky":false,"template":"","format":"standard","meta":{"footnotes":""},"categories":[159,173,79,74,1,166],"tags":[37,36],"class_list":["post-1284","post","type-post","status-publish","format-standard","hentry","category-159","category-das-wichigste-aus-zehn-jahren","category-die-neue-homophobie","category-medien","category-politik","category-print","tag-alexander-dobrindt","tag-bild"],"_links":{"self":[{"href":"https:\/\/www.nollendorfblog.de\/index.php?rest_route=\/wp\/v2\/posts\/1284","targetHints":{"allow":["GET"]}}],"collection":[{"href":"https:\/\/www.nollendorfblog.de\/index.php?rest_route=\/wp\/v2\/posts"}],"about":[{"href":"https:\/\/www.nollendorfblog.de\/index.php?rest_route=\/wp\/v2\/types\/post"}],"author":[{"embeddable":true,"href":"https:\/\/www.nollendorfblog.de\/index.php?rest_route=\/wp\/v2\/users\/1"}],"replies":[{"embeddable":true,"href":"https:\/\/www.nollendorfblog.de\/index.php?rest_route=%2Fwp%2Fv2%2Fcomments&post=1284"}],"version-history":[{"count":110,"href":"https:\/\/www.nollendorfblog.de\/index.php?rest_route=\/wp\/v2\/posts\/1284\/revisions"}],"predecessor-version":[{"id":5816,"href":"https:\/\/www.nollendorfblog.de\/index.php?rest_route=\/wp\/v2\/posts\/1284\/revisions\/5816"}],"wp:attachment":[{"href":"https:\/\/www.nollendorfblog.de\/index.php?rest_route=%2Fwp%2Fv2%2Fmedia&parent=1284"}],"wp:term":[{"taxonomy":"category","embeddable":true,"href":"https:\/\/www.nollendorfblog.de\/index.php?rest_route=%2Fwp%2Fv2%2Fcategories&post=1284"},{"taxonomy":"post_tag","embeddable":true,"href":"https:\/\/www.nollendorfblog.de\/index.php?rest_route=%2Fwp%2Fv2%2Ftags&post=1284"}],"curies":[{"name":"wp","href":"https:\/\/api.w.org\/{rel}","templated":true}]}}