{"id":13094,"date":"2025-07-02T16:12:02","date_gmt":"2025-07-02T14:12:02","guid":{"rendered":"https:\/\/www.nollendorfblog.de\/?p=13094"},"modified":"2025-07-02T17:16:10","modified_gmt":"2025-07-02T15:16:10","slug":"maischberger-dpa-deutschlandfunk-medien-verschlimmbessern-merz-zirkusszelt-zitat","status":"publish","type":"post","link":"https:\/\/www.nollendorfblog.de\/?p=13094","title":{"rendered":"Maischberger, dpa &#038; Deutschlandfunk: Medien verschlimmbessern Merz\u00b4 \u201eZirkusszelt\u201c-Zitat"},"content":{"rendered":"<p>&nbsp;<\/p>\n<p>Das \u201eZirkuszelt\u201c-Zitat von Friedrich Merz im Rahmen der Diskussion um die von der Bundestagspr\u00e4sidentin verbotene Beflaggung des Reichstagsgeb\u00e4udes mit der Regenbogenfahne zum CSD sorgt zu Recht f\u00fcr gro\u00dfe Kritik. Doch nicht nur der Auftritt von Merz in der &#8222;Maischberger&#8220;-Sendung ist ein besorgniserregendes Beispiel daf\u00fcr, wie queere Themen zurzeit in der \u00d6ffentlichkeit verhandelt werden. Auch der mediale Umgang mit diesem Auftritt ist es.<\/p>\n<p>Ein Ritual der ARD-Sendung\u00a0 ist es, die politischen Talk-G\u00e4ste zu klaren Positionierungen in strittigen Fragen zu dr\u00e4ngen, indem sie von der Moderatorin vorgegebene Halbs\u00e4tze vervollst\u00e4ndigen sollen.<\/p>\n<p><br data-start=\"488\" data-end=\"491\" \/>Die <a href=\"https:\/\/www.ardmediathek.de\/video\/maischberger\/aufruestung-migration-sozialreformen-bundeskanzler-friedrich-merz-im-gespraech\/ard\/Y3JpZDovL2Rhc2Vyc3RlLmRlL21lbnNjaGVuIGJlaSBtYWlzY2hiZXJnZXIvMjAyNS0wNy0wMV8yMi01MC1NRVNa\">gestrige Sendung<\/a> hatte mit Bundeskanzler Merz ausnahmsweise nur einen einzigen Gast. Die Themen, zu denen er sich in diesem S\u00e4tze-Vervollst\u00e4ndigen-Block festlegen sollte, hatten also ein entsprechendes Gewicht: Er sollte u. a. sagen, was er von einem deutschen \u201eIron-Dome\u201c halte,also einem mobilen Raketenabwehrsystem \u00e0 la Israel (viel), von der fehlenden Unterst\u00fctzung Deutschlands f\u00fcr einen NATO-Beitritt der Ukraine 2008 (wenig, aber \u201enachher wei\u00df man alles besser\u201c) und dem Untersuchungsbericht \u00fcber Jens Spahns Masken-Deals (nat\u00fcrlich: wenig). <span style=\"font-weight: 400;\">Dass es direkt danach um die Regenbogenflagge auf dem Reichstag ging, hatte also eine gewisse Fallh\u00f6he. <\/span>Schon die Tatsache, dass sich der Bundeskanzler mit so etwas besch\u00e4ftigen soll, d\u00fcrfte breite Teile Fernsehdeutschlands in Wallung gebracht haben.<br data-start=\"1193\" data-end=\"1196\" \/>Dass das Verst\u00e4ndnis f\u00fcr queere Themen in Deutschland gerade nicht besonders ausgepr\u00e4gt ist, hat wohl jeder queere Mensch schon am eigenen Leib erfahren. Umso sch\u00f6ner w\u00e4re es, wenn diese Themen medial zumindest einigerma\u00dfen verst\u00e4ndlich aufbereitet w\u00fcrden. Das ist gestern \u2013 wieder einmal \u2013 ziemlich misslungen.<\/p>\n<p>Doch der Reihe nach. Maischbergers Halbsatz, den Merz vervollst\u00e4ndigen sollte, lautete:<\/p>\n<blockquote><p><br data-start=\"1597\" data-end=\"1600\" \/>\u201eDass Julia Kl\u00f6ckner die Regenbogenfahne zum CSD nicht hissen will im Bundestag \u2026\u201c<\/p><\/blockquote>\n<p><br data-start=\"1682\" data-end=\"1685\" \/>Dass es \u201eden\u201c CSD nicht gibt, sondern viele, die an vielen unterschiedlichen Terminen stattfinden (in der Diskussion geht es nat\u00fcrlich um den Berliner), ist eine eigentlich vernachl\u00e4ssigbare Ungenauigkeit der Moderatorin. Aber eben nur eigentlich, da es schlie\u00dflich die Summe der Ungenauigkeiten sein wird, die die ganze Sache medial entgleiten lassen. Merz jedenfalls will sich offensichtlich nicht auf eine Bewertung festlegen:<\/p>\n<blockquote><p><br data-start=\"2116\" data-end=\"2119\" \/>\u201eIch kann Ihnen die Frage nicht abschlie\u00dfend beantworten\u201c,<\/p><\/blockquote>\n<p data-start=\"2181\" data-end=\"4326\">sagt er, um wenig sp\u00e4ter, weil die Moderatorin nicht locker l\u00e4sst und weil Merz eben Merz ist, dann doch genau das zu tun. Es f\u00e4llt der Satz vom Bundestag, der ja kein Zirkuszelt sei, an dem man ja nicnht irgendwelche beliebigen Flaggen hisse, was nat\u00fcrlich ein lustiger Statz ist. Aber eben auch einer, dar\u00fcber, dass erstens die Regenbogenflagge irgendeine beliebige Flagge ist und zweitens die, die ihre Hissung auf dem Reichstag forderten, ganz sch\u00f6n bl\u00f6de Clowns sein m\u00fcssen.<\/p>\n<p data-start=\"2181\" data-end=\"4326\"><br data-start=\"2660\" data-end=\"2663\" \/>Dann erkl\u00e4rt der Bundeskanzler:<\/p>\n<blockquote>\n<p data-start=\"2181\" data-end=\"4326\"><br data-start=\"2694\" data-end=\"2697\" \/>\u201eAm 17. Mai ist der Tag, an dem der Christopher Steret Day stattfindet, an dem auch an diese Gruppen gedacht wird, da kann man eine andere Fahne aufh\u00e4ngen. Aber die restlichen 364 Tagen nicht.\u201c<\/p>\n<\/blockquote>\n<p data-start=\"2181\" data-end=\"4326\"><br data-start=\"2893\" data-end=\"2896\" \/>Dass das &#8222;Zirkuszelt&#8220;-Zitat uns\u00e4glich ist, ist klar. Dass er aber hier offensichtlich Unsinn erz\u00e4hlt, will ich ihm wirklich nicht vorwerfen, er hat wirklich gerade andere Baustellen. Richtig ist: Der 17. Mai hat mit dem Christopher Street Day aber nichts zu tun. Richtig ist hingegen: Am 17. Mai wird der sogenannte IDAHOBIT begangen \u2013 der \u201eInternational Day Against Homophobia, Biphobia, Interphobia and Transphobia\u201c, der daran erinnert, dass Homosexualit\u00e4t erst am 17. Mai 1990 von der WHO offiziell aus dem Diagnoseschl\u00fcssel f\u00fcr Krankheiten gestrichen wurde. Den IDAHOBIT gibt es erst seit 2005, CSDs in Deutschland nat\u00fcrlich schon sehr viel l\u00e4nger, die ersten fanden 1979 in Berlin und Bremen statt und beziehen sich auf die Stonewall-Riots in der Nacht vom 27. auf den 28. Juni 1969.<\/p>\n<p data-start=\"2181\" data-end=\"4326\"><br data-start=\"3635\" data-end=\"3638\" \/>Dass ich Friedrich Merz nicht daf\u00fcr kritisieren m\u00f6chte, dass er IDAHOBIT und CSD durcheinander bringt, bedeutet nicht, dass es egal ist, was er hier falsch erkl\u00e4rt. Im Gegenteil: In der Debatte um die Regenbogenflagge geht es ja genau darum, warum und zu welchem Anlass sie gehisst werden sollte. Und deshalb w\u00e4re es nat\u00fcrlich wichtig, dass das Fernsehpublikum das zumindest einigerma\u00dfen nachvollziehen kann.<br data-start=\"4040\" data-end=\"4043\" \/>Ob Sandra Maischberger die Hintergr\u00fcnde der Debatte kennt oder nicht, kann ich nicht beurteilen. Jedenfalls ist das, was als eine klarstellende Frage klingt, genau das Gegenteil:<\/p>\n<p data-start=\"2181\" data-end=\"4326\"><br data-start=\"4221\" data-end=\"4224\" \/>Maischberger:<\/p>\n<blockquote>\n<p data-start=\"2181\" data-end=\"4326\"><br data-start=\"4237\" data-end=\"4240\" \/>\u201eNicht zur Parade, aber zum Christopher Street Tag, hab ich Sie richtig verstanden?\u201c<\/p>\n<\/blockquote>\n<p data-start=\"4328\" data-end=\"4335\">Merz:<\/p>\n<p data-start=\"4337\" data-end=\"4434\">\u201eJa, das ist der Tag, der 17. Mai, nach dem nach dem Fahnenerlass der Bundestag beflaggt wird.\u201c<\/p>\n<p data-start=\"4436\" data-end=\"6625\">Alle Zuschauer*innen, die sich noch weniger als Friedrich Merz (und m\u00f6glicherweise auch Frau Maischberger) mit dem Thema besch\u00e4ftigen, d\u00fcrften nun sp\u00e4testens an dieser Stelle einigerma\u00dfen berechtigterweise verwirrt und auch ver\u00e4rgert sein. Immerhin hat der Bundeskanzler (best\u00e4rkt, bzw. nicht widersprochen von einer der wichtigsten deutschen TV-Journalistinnen) hier gerade erkl\u00e4rt, dass der Bundestag ja zum \u201ewahren\u201c CSD l\u00e4ngst Regenbogenflagge werde und dass sich die Kritik der Community nur darum drehe, dass dies nicht auch noch zur Parade geschehe.<br data-start=\"4993\" data-end=\"4996\" \/>Doch damit sind wir leider nicht am traurigen medialen Ende der Regenbogenfahnenstange angekommen.<br data-start=\"5094\" data-end=\"5097\" \/>Das Zirkuszelt-Zitat hat es heute Morgen sogar in die Nachrichten des Deutschlandfunks geschafft, einer der wichtigsten News-Quellen des politischen Berlins. Nur leider als Falschmeldung.<\/p>\n<p data-start=\"4436\" data-end=\"6625\"><br data-start=\"5284\" data-end=\"5287\" \/>Der DLF behauptete, Merz h\u00e4tte gesagt:<\/p>\n<blockquote>\n<p data-start=\"4436\" data-end=\"6625\"><br data-start=\"5325\" data-end=\"5328\" \/>\u201e\u2026 es reiche, die Regenbogenflagge an einem Tag im Jahr am Bundestag zu hissen, das sei der 17. Mai, der Tag gegen Homophobie.\u201c<\/p>\n<\/blockquote>\n<p data-start=\"4436\" data-end=\"6625\"><br data-start=\"5455\" data-end=\"5458\" \/>Doch genau das hatte Merz ja eben nicht gesagt. Der Bundeskanzler hat von einem \u201eTag gegen Homophobie\u201c (oder wie er heute hei\u00dft: \u201eTag gegen Homo-, Bi- und Transphobie\u201c) ja offensichtlich keine Ahnung und ist der Meinung, hier werde bereits zum CSD beflaggt.<\/p>\n<p data-start=\"4436\" data-end=\"6625\"><br data-start=\"5715\" data-end=\"5718\" \/>Die Falschmeldung des Deutschlandfunks, die so oder so \u00e4hnlich auch in anderen Medien auftauchte, geht offensichtlich auf eine <a href=\"https:\/\/www.br.de\/nachrichten\/deutschland-welt\/merz-zu-regenbogenfahne-am-csd-bundestag-kein-zirkuszelt,UpiX9dp\">dpa-Meldung<\/a> zur\u00fcck, die sich bem\u00fchte, den Bundeskanzler nicht so unwissend aussehen zu lassen, wie er tats\u00e4chlich ist. Anders als der Deutschlandfunk hat die dpa-Meldung nicht explizit behauptet, der Kanzler habe gesagt, der 17. Mai <strong>sei<\/strong> der Tag der Homophobie. Sondern geschrieben, dass der 17. Mai der Tag gegen Homophobie<strong> ist<\/strong>. Doch so wie diese Aussage in Meldung verwurstest ist, kann man dem Deutschlandfunk nicht vorwerfen, darauf hereingefallen zu sein<\/p>\n<p data-start=\"4436\" data-end=\"6625\">dpa:<\/p>\n<blockquote>\n<p data-start=\"4436\" data-end=\"6625\">\u00a0In der ARD-Talkshow &#8222;Maischberger&#8220; \u00e4u\u00dferte sich der CDU-Vorsitzende zu Kl\u00f6ckners Entscheidung (&#8230;) . Es gebe einen Tag im Jahr, das sei der 17. Mai \u2013<strong> das ist der Tag gegen Homophobie<\/strong> \u2013\u00a0 \u00a0[Hervorhebung durch mich ],\u00a0 an dem die Regenbogenflagge gehisst werde, so der Kanzler.<\/p>\n<\/blockquote>\n<p data-start=\"202\" data-end=\"541\">Julia Kl\u00f6ckner ging es offensichtlich nicht darum, mit ihrer Entscheidung zur Regenbogenflagge die Neutralit\u00e4t des Parlaments zu wahren. Alle ihre Verlautbarungen dazu zeigen, worum es ihr in der von ihr selbst angezettelten Debatte tats\u00e4chlich geht: um einseitige Parteinahme und um die Diskreditierung der Anliegen der queeren Community.<\/p>\n<p data-start=\"543\" data-end=\"925\">Etwa wenn sie sagt, dann m\u00fcsse sie ja <a href=\"http:\/\/Julia Kl\u00f6ckner ging es offensichtlich nicht darum, mit ihrer Entscheidung zur Regenbogenflagge die Neutralit\u00e4t des Parlaments zu wahren. Alle ihre Verlautbarungen dazu zeigen, worum es ihr in der von ihr selbst angezettelten Debatte tats\u00e4chlich geht: um einseitige Parteinahme und um die Diskreditierung der Anliegen der queeren Community. Etwa wenn sie sagt, dann m\u00fcsse sie ja auch die Vatikanflagge hissen. Oder wenn sie \u2013 wie auf einer Personalversammlung der Bundestagsmitarbeiter*innen \u2013 erkl\u00e4rt, das Kreuz sei im Gegensatz zur Regenbogenflagge ein neutrales Symbol, denn ohne es \u201eg\u00e4be es die offene Gesellschaft, wie wir sie heute in Deutschland haben, nicht\u201c. Man k\u00f6nnte dar\u00fcber lachen, wenn es nicht so infam w\u00e4re. Nat\u00fcrlich wei\u00df auch sie \u2013 die studierte Theologin \u2013, dass die schreckliche Homosexuellenverfolgung in Deutschland nach 1945 ma\u00dfgeblich durch die Kirchen, im Zeichen des Kreuzes, vorangetrieben wurde. Julia Kl\u00f6ckner ist nicht neutral. Sie ist boshaft.\">auch die Vatikanflagge hissen<\/a>. Oder wenn sie \u2013 wie auf einer Personalversammlung der Bundestagsmitarbeiter*innen \u2013 erkl\u00e4rt, das Kreuz sei im Gegensatz zur Regenbogenflagge ein neutrales Symbol, denn ohne es <a href=\"https:\/\/www.spiegel.de\/politik\/cdu-julia-kloeckner-und-die-kontroverse-um-die-csd-absage-des-bundestags-a-a045de62-ab0c-4889-ac56-711bbf988060\">\u201eg\u00e4be es die offene Gesellschaft, wie wir sie heute in Deutschland haben, nicht\u201c.<\/a> Man k\u00f6nnte dar\u00fcber lachen, wenn es nicht so infam w\u00e4re.<\/p>\n<p data-start=\"927\" data-end=\"1126\">Nat\u00fcrlich wei\u00df auch sie \u2013 die studierte Theologin \u2013, dass die schreckliche Homosexuellenverfolgung in Deutschland nach 1945 ma\u00dfgeblich durch die Kirchen, im Zeichen des Kreuzes, vorangetrieben wurde.<\/p>\n<p data-start=\"1128\" data-end=\"1178\">Julia Kl\u00f6ckner ist nicht neutral. Sie ist boshaft.<\/p>\n<p>Vor allem aber hat sie es geschafft, das sensibles Thema queere Sichtbarkeit zu einem Reiz-Thema zu entr\u00fccken.<\/p>\n<p data-start=\"123\" data-end=\"231\">Ja, viele Deutsche sind genervt und verwirrt von queeren Themen. Etwas mediale Entwirrung t\u00e4te dringend gut.<\/p>\n<p data-start=\"233\" data-end=\"524\">Stattdessen zeigt der ARD-Auftritt von Friedrich Merz, wie sich eine Fehlerkette vom Bundeskanzler \u00fcber <em data-start=\"337\" data-end=\"351\">Maischberger<\/em> und die dpa bis hin zum Deutschlandfunk zuschn\u00fcren kann \u2013 eine Kette, in der alle Beteiligten nicht zur Aufkl\u00e4rung, sondern ausschlie\u00dflich zur Verkl\u00e4rung beigetragen haben.\u2666<\/p>\n<hr \/>\n<p><strong><em>Folgt mir auf Instagram <\/em><\/strong><strong><em>(<a href=\"https:\/\/www.instagram.com\/insta_johanneskram\/\">@insta_johanneskram<\/a>) und\u00a0<a href=\"https:\/\/www.facebook.com\/Nollendorfblog-459879804081681\">Facebook<\/a>!<\/em><\/strong><\/p>\n<h5><strong>Mehr zum Thema:<\/strong><\/h5>\n<p><strong>Nollendorfblog vom Februar 2014: &#8222;<a title=\"Permanentlink zu Maischberger erkl\u00e4rt Homosexualit\u00e4t zur \u201eGesinnung\u201c\" href=\"https:\/\/www.nollendorfblog.de\/?p=3149\" rel=\"bookmark\">Maischberger erkl\u00e4rt Homosexualit\u00e4t zur Gesinnung&#8220;<\/a><\/strong><\/p>\n<p><strong>Nollendorfblog vom Mai 2025:\u00a0 &#8222;<a href=\"https:\/\/www.nollendorfblog.de\/?p=13064\">Katherina Reiche und Wolfram Weimer: Der gef\u00e4hrliche Kulturkampf des Friedrich Merz&#8220;<\/a><\/strong><\/p>\n<p><strong>Nollendorfblog vom Februar 2025: &#8222;<a href=\"https:\/\/www.nollendorfblog.de\/?p=13064\">Warum Friedrich Merz eine Gefahr f\u00fcr alle Minderheiten ist&#8220;<\/a><\/strong><\/p>\n<p><strong>`Dossier: <a href=\"https:\/\/www.nollendorfblog.de\/?tag=cdu-csu\">Alle Nollendorfblog-Beitr\u00e4ge zur Queerfeindlichkeit von CDU \/ CSD<\/a><\/strong><\/p>\n<p>&nbsp;<\/p>\n","protected":false},"excerpt":{"rendered":"<p>Die Falschmeldung des Deutschlandfunks, die so oder so \u00e4hnlich auch in anderen Medien auftauchte, geht offensichtlich auf eine dpa-Meldung zur\u00fcck, die sich bem\u00fchte, den Bundeskanzler nicht so unwissend aussehen zu lassen, wie er tats\u00e4chlich ist.<\/p>\n","protected":false},"author":1,"featured_media":13101,"comment_status":"closed","ping_status":"closed","sticky":false,"template":"","format":"standard","meta":{"footnotes":""},"categories":[208,3,54,74,1,167],"tags":[210,182,171,70],"class_list":["post-13094","post","type-post","status-publish","format-standard","has-post-thumbnail","hentry","category-208","category-berlin","category-kirche","category-medien","category-politik","category-tv","tag-deutschlandfunk","tag-dpa","tag-friedrich-merz","tag-sandra-maischberger"],"_links":{"self":[{"href":"https:\/\/www.nollendorfblog.de\/index.php?rest_route=\/wp\/v2\/posts\/13094","targetHints":{"allow":["GET"]}}],"collection":[{"href":"https:\/\/www.nollendorfblog.de\/index.php?rest_route=\/wp\/v2\/posts"}],"about":[{"href":"https:\/\/www.nollendorfblog.de\/index.php?rest_route=\/wp\/v2\/types\/post"}],"author":[{"embeddable":true,"href":"https:\/\/www.nollendorfblog.de\/index.php?rest_route=\/wp\/v2\/users\/1"}],"replies":[{"embeddable":true,"href":"https:\/\/www.nollendorfblog.de\/index.php?rest_route=%2Fwp%2Fv2%2Fcomments&post=13094"}],"version-history":[{"count":10,"href":"https:\/\/www.nollendorfblog.de\/index.php?rest_route=\/wp\/v2\/posts\/13094\/revisions"}],"predecessor-version":[{"id":13107,"href":"https:\/\/www.nollendorfblog.de\/index.php?rest_route=\/wp\/v2\/posts\/13094\/revisions\/13107"}],"wp:featuredmedia":[{"embeddable":true,"href":"https:\/\/www.nollendorfblog.de\/index.php?rest_route=\/wp\/v2\/media\/13101"}],"wp:attachment":[{"href":"https:\/\/www.nollendorfblog.de\/index.php?rest_route=%2Fwp%2Fv2%2Fmedia&parent=13094"}],"wp:term":[{"taxonomy":"category","embeddable":true,"href":"https:\/\/www.nollendorfblog.de\/index.php?rest_route=%2Fwp%2Fv2%2Fcategories&post=13094"},{"taxonomy":"post_tag","embeddable":true,"href":"https:\/\/www.nollendorfblog.de\/index.php?rest_route=%2Fwp%2Fv2%2Ftags&post=13094"}],"curies":[{"name":"wp","href":"https:\/\/api.w.org\/{rel}","templated":true}]}}