{"id":13119,"date":"2025-07-24T15:24:56","date_gmt":"2025-07-24T13:24:56","guid":{"rendered":"https:\/\/www.nollendorfblog.de\/?p=13119"},"modified":"2025-07-24T16:30:38","modified_gmt":"2025-07-24T14:30:38","slug":"nach-dem-vicky-leandros-konzert-spiegel-verniedlicht-turn-und-taxis-rechtsradikalismus-2","status":"publish","type":"post","link":"https:\/\/www.nollendorfblog.de\/?p=13119","title":{"rendered":"Nach dem Vicky-Leandros-Konzert: SPIEGEL verniedlicht Thurn und Taxis\u00b4 Rechtsradikalismus"},"content":{"rendered":"<p><span style=\"font-weight: 400;\">Bereits 2019 wurde in New York eine geplante Ehrung f\u00fcr Gloria von Thurn und Taxis abgesagt \u2013 wegen ihrer engen Verbindungen zu internationalen rechtskonservativen bis rechtsradikalen Netzwerken.\u00a0<\/span><\/p>\n<p><span style=\"font-weight: 400;\">Die NYU-Professorin Ana Dopico nannte sie damals \u201eEuropas Prinzessin der extremen Rechten\u201c. Tats\u00e4chlich pflegt die F\u00fcrstin intensive Kontakte zu Figuren wie Steve Bannon, Benjamin Harnwell, Leonard Leo und Kardinal Raymond Burke \u2013 zentrale Akteure einer transnationalen, antiliberalen Rechten. Medienberichten zufolge bot sie sogar ihr Regensburger Schloss als m\u00f6glichen Standort f\u00fcr Bannons geplantes Kaderschulungszentrum an. Schon damals wurde Thurn und Taxis in deutschen Medien nach dem Absage-Skandal vor allem vor ihren Kritikern in Schutz genommen (<em>hier im Blog zum Nachlesen gibt es die ganze Geschichte: <\/em><a class=\"row-title\" href=\"https:\/\/www.nollendorfblog.de\/?p=9576\" aria-label=\"\u201eGloria von Thurn und Taxis: Deutsche Medien machen der \u201ePrinzessin der europ\u00e4ischen extremen Rechten\u201c den Hof\u201c (Bearbeiten)\"><em>Deutsche Medien machen der \u201ePrinzessin der europ\u00e4ischen extremen Rechten\u201c den Ho<\/em>f<\/a>)<\/span><\/p>\n<p><span style=\"font-weight: 400;\">\u00a0Die \u00f6ffentliche Person Gloria von Thurn und Taxis nutzt ihre \u00f6ffentlichen Auftritte hierzulande immer noch gro\u00dfteils dazu, rechte Thesen salonf\u00e4hig zu machen. Trotzdem haben Prominente wie Andrea Berg, Giovanni Zarrella und David Garrett offensichtlich kein Problem damit, das Image der F\u00fcrstin durch Showauftritte bei den j\u00e4hrlich von ihr als Schirmherrin vor ihrem Schluss pr\u00e4sentierten Regensburger Schlossfestspielen aktiv zu st\u00fctzen. In diesem Jahr zog Vicky Leandros erst dann die Rei\u00dfleine, als bekannt wurde, dass von Thurn und Taxis die AfD-Chefin Alice Weidel eingeladen hatte, beim Konzert der Schlagers\u00e4ngerin im Publikum zu sitzen. Leandros weigerte sich, vor Weidel aufzutreten, was von Thurn und Taxis dazu veranlasste, der AfD-Politikerin den R\u00fccken zu st\u00e4rken und mit ihr w\u00e4hrend des Konzertes PR-tr\u00e4chtig im Schloss zu speisen.<\/span><\/p>\n<p><span style=\"font-weight: 400;\">Dass Prominente wie Leandros, Berg, Zarrella und Garrett in diese missliche Lage geraten, liegt auch daran, dass viele Medien die rechten Umtriebe der Regensburger F\u00fcrstin immer noch verharmlosen. Rechtsradikalismus scheint in Deutschland dann kein besonderes Problem zu sein, wenn er niedlich verpackt wird. Umgekehrt kann jemand ja nicht wirklich rechtsradikal sein, wenn vor seinem Schloss einige der beliebtesten deutschen K\u00fcnstlerinnen und K\u00fcnstler auftreten.<\/span><\/p>\n<p><span style=\"font-weight: 400;\">Als Thurn und Taxis 2000 \u2013 also nach dem New Yorker Absage-Skandal \u2013 Gast in der ARD-Sendung <\/span><i><span style=\"font-weight: 400;\">Maischberger<\/span><\/i><span style=\"font-weight: 400;\"> war, wurde ihre Rolle als \u201eEuropas Prinzessin der Rechten\u201c nicht einmal angedeutet. Die Moderatorin k\u00fcndigte sie lediglich als \u201eeine au\u00dferordentlich konservative Katholikin\u201c an.<\/span><\/p>\n<p><span style=\"font-weight: 400;\">Obwohl die F\u00fcrstin in den letzten Jahren ihrem rechten Kurs streng treu geblieben ist und sich ihre rechten bis rechtsradikalen \u00c4u\u00dferungen mehren, war auf <\/span><i><span style=\"font-weight: 400;\">spiegel.de gestern<\/span><\/i><span style=\"font-weight: 400;\"> eine <a href=\"https:\/\/www.spiegel.de\/panorama\/gesellschaft\/gloria-von-thurn-und-taxis-und-ihre-naehe-zu-den-rechten-a-e130e6d1-7304-4a55-8964-9c5e6640cc6e\">ganz besondere Goteske<\/a> zu lesen<\/span><\/p>\n<p><span style=\"font-weight: 400;\">\u00a0zu lesen:<\/span><\/p>\n<blockquote><p><span style=\"font-weight: 400;\"><br \/>\n<\/span> <b>Gloria von Thurn und Taxis und ihre N\u00e4he zu den Rechten<\/b><\/p><\/blockquote>\n<p><b><br \/>\n<\/b><span style=\"font-weight: 400;\"> lautete die \u00dcberschrift, an der so ziemlich alles ein Problem ist. Denn erstens tut sie so, als w\u00e4re erst jetzt der Punkt erreicht, wo man sich das Verh\u00e4ltnis der F\u00fcrstin zur rechten Szene mal genauer anschauen m\u00fcsse. Und zweitens ist \u201eN\u00e4he\u201c nat\u00fcrlich absurd. Von Thurn und Taxis ist nicht rechtsnah. Sie ist rechts. Und in vielen Positionen ist sie rechtsradikal.<\/span><\/p>\n<p><span style=\"font-weight: 400;\">Sie stellt die g\u00e4ngige Klimawissenschaft infrage, bezeichnet Wissenschaft als \u201esystematische Irref\u00fchrung\u201c; es werde \u201esuggeriert, dass der Mensch Schuld am Klimawandel\u201c sei. Sie verbreitet Verschw\u00f6rungstheorien und Anti\u2011Establishment-Rhetorik:<\/span><\/p>\n<blockquote><p><span style=\"font-weight: 400;\">\u201e\u2026nur noch gestreamlinte Stasi\u2011Typen gefragt, die runterbeten, was Banken, Industrie und WHO h\u00f6ren wollen.\u201c<\/span><\/p><\/blockquote>\n<p><span style=\"font-weight: 400;\">Zur Fl\u00fcchtlingskrise 2015 sagte sie, die Aufnahme von Fl\u00fcchtlingen sei eine \u201eArt Krieg\u201c und Vorbote \u201eeines dritten Weltkriegs\u201c.<\/span><\/p>\n<p><span style=\"font-weight: 400;\">Das letzte Zitat ist zwar auch im SPIEGEL zu finden, doch insgesamt zeichnet der Artikel das Bild einer verwirrten Konservativen:<\/span><\/p>\n<p><span style=\"font-weight: 400;\">Sie h\u00e4tte gegen Abtreibungen \u201egewettert\u201c und \u201ezog \u00fcber die Ehe f\u00fcr alle her\u201c. Au\u00dferdem h\u00e4tte sie an Demonstrationen gegen die angebliche Fr\u00fchsexualisierung teilgenommen.<\/span><\/p>\n<p><span style=\"font-weight: 400;\">Doch das ist nun wirklich gef\u00e4hrlich verniedlichender Unfug am Rande der Desinformation.<\/span><\/p>\n<p><span style=\"font-weight: 400;\">Zur Einordnung: Angela Merkel war 2017 gegen die Ehe f\u00fcr alle, und mit ihr 225 Abgeordnete des Bundestags. Die g\u00e4ngigste Begr\u00fcndung f\u00fcr diese Ablehnung lautete damals in Medien und Politik, dass homosexuelle Partnerschaften zu akzeptieren seien, die Ehe aber ein Konstrukt zwischen Mann und Frau sei und auch bleiben solle. Auch diese Position war nat\u00fcrlich schon damals homophob \u2013 aber eben ein ganz anderes Kaliber als das, mit dem Gloria von Thurn und Taxis bis heute auf Homosexuelle schie\u00dft.<\/span><\/p>\n<p><span style=\"font-weight: 400;\">Zum Beispiel 2018 im Magazin <\/span><i><span style=\"font-weight: 400;\">Cato<\/span><\/i><span style=\"font-weight: 400;\">:<\/span><\/p>\n<blockquote><p><span style=\"font-weight: 400;\">\u201eDie Ehe f\u00fcr alle ist Handschrift des Durcheinanderbringers und Verwirrers, also des Teufels.\u201c<\/span><\/p><\/blockquote>\n<p><span style=\"font-weight: 400;\">Den Schulunterricht zur Vielfalt nannte sie<\/span><\/p>\n<blockquote><p><span style=\"font-weight: 400;\">\u201e\u2026 eine Form von Kindesmissbrauch.\u201c<\/span><\/p><\/blockquote>\n<p><span style=\"font-weight: 400;\">In einem YouTube-Interview mit Julian Reichelt zur Fu\u00dfball-WM in Katar (2022) sagte sie:<\/span><\/p>\n<blockquote><p><span style=\"font-weight: 400;\">\u201eIm Nahen Osten gibt es genau so viele Schwule wie bei uns. Nur, das sind \u2026 anst\u00e4ndige Leute, die aus religi\u00f6sen Gr\u00fcnden ihr Schlafzimmer und ihre Sexualit\u00e4t etwas diskret behandeln.\u201c<\/span><\/p><\/blockquote>\n<p><span style=\"font-weight: 400;\">Zum Thema der damals viel diskutierten \u201eOne-Love\u201c-Armbinde der deutschen Nationalmannschaft sagte sie:<\/span><\/p>\n<blockquote><p><span style=\"font-weight: 400;\">\u201e\u2026 wenn es unbedingt sein muss, \u2026 soll derjenige die Armbinde tragen, der unbedingt seine tierischen Instinkte ausleben will, damit man sieht: \u201aAha, der will Sex\u2018.\u201c<\/span><\/p><\/blockquote>\n<p><span style=\"font-weight: 400;\">Nein, lieber <\/span><i><span style=\"font-weight: 400;\">SPIEGEL<\/span><\/i><span style=\"font-weight: 400;\">, das Problem mit Gloria von Thurn und Homosexualit\u00e4t ist nicht, dass sie gegen die Ehe f\u00fcr alle hergezogen ist \u2013 das haben viele. Das Problem ist, dass sie wie keine zweite so bekannte \u00f6ffentliche Figur in Deutschland mit rechtsradikalen Argumenten und rechtsradikaler Wortwahl gegen Homosexuelle hetzt. <\/span><span style=\"font-weight: 400;\">Warum f\u00e4llt es euch so schwer, das zu benennen?<\/span><\/p>\n<p><span style=\"font-weight: 400;\">Und es ist einfach falsch, wenn ihr schreibt:<\/span><\/p>\n<blockquote><p><span style=\"font-weight: 400;\">\u201eEs ist bei Weitem nicht das erste Mal, dass sie mit kontroversen Aussagen, zweifelhaften Bekannten und einer offenkundigen N\u00e4he zu populistischen Kreisen auff\u00e4llt.\u201c<\/span><\/p><\/blockquote>\n<p><span style=\"font-weight: 400;\">Oder seid ihr wirklich der Meinung, dass man \u00fcber die Aussagen der F\u00fcrstin noch kontrovers diskutieren kann? Wie lautet denn euer Pro und Contra etwa dar\u00fcber, dass Homosexualit\u00e4t das Ausleben tierischer Instinkte bedeutet?<\/span><span style=\"font-weight: 400;\"><br \/>\n<\/span><span style=\"font-weight: 400;\">Gibt es f\u00fcr euch wirklich keinen Unterschied zwischen Populismus und Radikalismus? Und: Wie rechts muss man in diesem Land eigentlich sein, dass ihr das auch so aufschreiben k\u00f6nnt \u2013 und nicht versucht, eine nicht vorhandene N\u00e4he zu messen?<\/span><\/p>\n<p><span style=\"font-weight: 400;\"><br \/>\n<\/span><span style=\"font-weight: 400;\"> Ja, m\u00fcsstet ihr euch nicht mal bei der AfD entschuldigen, dass ihr bei ihr Positionen skandalisiert, bei denen ihr bezogen auf von Thurn und Taxis lediglich schreibt, diese lie\u00dfen \u201eeinen Drall nach rechts vermuten\u201c?<\/span><\/p>\n<p><span style=\"font-weight: 400;\">Vielleicht glaubt ihr ja, man m\u00fcsse die F\u00fcrstin schonen, weil sie nur eine schrille Exzentrikerin sei \u2013 durchgeknallt, harmlos, nicht ganz ernst zu nehmen. Ist euch wirklich noch nicht aufgefallen, dass sie seit Jahren die gleiche Masche f\u00e4hrt? Dass sie gezielt Anl\u00e4sse schafft, um rechtsradikale Menschen und ihre Thesen mit Zuckerguss zu \u00fcberziehen und dem Publikum genie\u00dfbar zu machen? Und jedes Mal, wenn man sie darauf anspricht, tut sie \u00fcberrascht \u2013 sie kenne diese Leute angeblich gar nicht oder ihr Rechtsradikalismus sei doch keiner. Schlie\u00dflich seien diese Menschen ja \u201esch\u00f6n\u201c, wie Alice Weidel. Oder \u2013 wie sie \u00fcber Bj\u00f6rn H\u00f6cke sagte \u2013 eben blo\u00df \u201edeutsche Idealisten\u201c.<\/span><\/p>\n<p><span style=\"font-weight: 400;\">Ja, das klingt naiv und drollig. Aber naiv seid vor allem: ihr. <\/span>\u2666<\/p>\n<hr \/>\n<p><strong><em>Folgt mir auf Instagram\u00a0<\/em><\/strong><strong><em>(<a href=\"https:\/\/www.instagram.com\/insta_johanneskram\/\">@insta_johanneskram<\/a>) und\u00a0<a href=\"https:\/\/www.facebook.com\/Nollendorfblog-459879804081681\">Facebook<\/a>!<\/em><\/strong><\/p>\n<h5><strong>Mehr zum Thema:<\/strong><\/h5>\n<p><a href=\"https:\/\/www.nollendorfblog.de\/?tag=gloria-von-thurn-und-taxis\">Alle Beitr\u00e4ge zu Gloria von Thurn und Taxis hier im Blog.<\/a><\/p>\n<p><a href=\"https:\/\/www.nollendorfblog.de\/?tag=spiegel\">Alle Beitr\u00e4ge \u00fcber die problematische Berichterstattung des SPIEGEL hier im Blog.\u00a0<\/a><\/p>\n","protected":false},"excerpt":{"rendered":"<p>Kann man \u00fcber die Aussagen der F\u00fcrstin wirklich noch kontrovers diskutieren? Etwa dar\u00fcber, dass Homosexualit\u00e4t das Ausleben tierischer Instinkte bedeutet?<\/p>\n","protected":false},"author":1,"featured_media":13115,"comment_status":"open","ping_status":"open","sticky":false,"template":"","format":"standard","meta":{"footnotes":""},"categories":[208,74,169],"tags":[19,70,38],"class_list":["post-13119","post","type-post","status-publish","format-standard","has-post-thumbnail","hentry","category-208","category-medien","category-online","tag-gloria-von-thurn-und-taxis","tag-sandra-maischberger","tag-spiegel"],"_links":{"self":[{"href":"https:\/\/www.nollendorfblog.de\/index.php?rest_route=\/wp\/v2\/posts\/13119","targetHints":{"allow":["GET"]}}],"collection":[{"href":"https:\/\/www.nollendorfblog.de\/index.php?rest_route=\/wp\/v2\/posts"}],"about":[{"href":"https:\/\/www.nollendorfblog.de\/index.php?rest_route=\/wp\/v2\/types\/post"}],"author":[{"embeddable":true,"href":"https:\/\/www.nollendorfblog.de\/index.php?rest_route=\/wp\/v2\/users\/1"}],"replies":[{"embeddable":true,"href":"https:\/\/www.nollendorfblog.de\/index.php?rest_route=%2Fwp%2Fv2%2Fcomments&post=13119"}],"version-history":[{"count":10,"href":"https:\/\/www.nollendorfblog.de\/index.php?rest_route=\/wp\/v2\/posts\/13119\/revisions"}],"predecessor-version":[{"id":13129,"href":"https:\/\/www.nollendorfblog.de\/index.php?rest_route=\/wp\/v2\/posts\/13119\/revisions\/13129"}],"wp:featuredmedia":[{"embeddable":true,"href":"https:\/\/www.nollendorfblog.de\/index.php?rest_route=\/wp\/v2\/media\/13115"}],"wp:attachment":[{"href":"https:\/\/www.nollendorfblog.de\/index.php?rest_route=%2Fwp%2Fv2%2Fmedia&parent=13119"}],"wp:term":[{"taxonomy":"category","embeddable":true,"href":"https:\/\/www.nollendorfblog.de\/index.php?rest_route=%2Fwp%2Fv2%2Fcategories&post=13119"},{"taxonomy":"post_tag","embeddable":true,"href":"https:\/\/www.nollendorfblog.de\/index.php?rest_route=%2Fwp%2Fv2%2Ftags&post=13119"}],"curies":[{"name":"wp","href":"https:\/\/api.w.org\/{rel}","templated":true}]}}