{"id":2008,"date":"2013-08-23T15:58:16","date_gmt":"2013-08-23T13:58:16","guid":{"rendered":"http:\/\/www.nollendorfblog.de\/?p=2008"},"modified":"2020-01-19T12:57:41","modified_gmt":"2020-01-19T10:57:41","slug":"lieber-udo-walz-lieber-wolfgang-joop","status":"publish","type":"post","link":"https:\/\/www.nollendorfblog.de\/?p=2008","title":{"rendered":"Lieber Udo Walz, lieber Wolfgang Joop, gefallen Sie sich im K\u00e4fig voller Narren?"},"content":{"rendered":"<p>Lieber Udo Walz, lieber Wolfgang Joop,<\/p>\n<p>glauben Sie wirklich, dass man <a href=\"http:\/\/www.queer.de\/detail.php?article_id=19863\">Sie<\/a> beide f\u00fcr diese komische CDU -Wahlwerbung <em><span style=\"color: #808080;\">(stern.de: &#8222;<a href=\"https:\/\/www.facebook.com\/stern\/posts\/10151677413109652\"><span style=\"color: #808080;\">Spot an. Hirn aus&#8220;<\/span><\/a>)<\/span> <\/em>angefragt hat, weil sich irgend jemand f\u00fcr Ihre Meinung interessiert?<\/p>\n<p>Glauben Sie wirklich, es ginge um Sie?<\/p>\n<p>Haben Sie nicht mal kurz dar\u00fcber nachgedacht, dass es vielleicht damit zu tun haben k\u00f6nnte, dass Sie beide \u00e4hm &#8230; schwul sind? Wirklich nicht?\u00a0Sie der bekannteste deutsche Friseur und Sie, der bekannteste<del><\/del> in Deutschland lebende Modeverk\u00e4ufer?<\/p>\n<p>Ich sag Ihnen jetzt mal was: Sie denken wahrscheinlich, die Leute m\u00f6gen Sie, <em>obwohl<\/em> Sie schwul sind. Vielleicht wissen Sie es ja noch nicht, aber es ist genau anders herum: die Leute m\u00f6gen Sie, <em>weil<\/em> sie schwul sind.<\/p>\n<p>Ja! Weil Sie die guten, sauberen Schwulen sind. Die, die wissen wie man sich benimmt.\u00a0Wann es an der Zeit ist f\u00fcr ein bisschen Chichi. Und wann Schluss ist mit Paradiesvogel!<\/p>\n<p>Nicht welche von denen, die dauernd \u00fcber Sex reden. Zumindest nicht so, dass man ihn sich so mit Popo und so vorstellen muss &#8230;..<\/p>\n<blockquote><p><span style=\"color: #808080;\"><em>&#8222;&#8230;. Darkrooms gibt es auch im Reihenhaus. Da zog mich trotz aller Neugier nichts hin. Ich brauche Zeit, um Vertrauen zu jemand zu entwickeln. Ich bin preu\u00dfisch erzogen und k\u00f6rperlich nicht besonders freiz\u00fcgig. F\u00fcr mich bedeutet die Ber\u00fchrung von Haut zu Haut eine ganze Menge. Menschliche Dimensionen sind attraktiver als rein sexuelle&#8230;. &#8222;<\/em><\/span><\/p><\/blockquote>\n<blockquote>\n<p style=\"text-align: right;\"><span style=\"color: #808080;\">Wolfgang Joop<\/span><\/p>\n<p style=\"text-align: right;\"><span style=\"color: #808080;\">(am 29.01.1996 <a style=\"color: #808080;\" href=\"http:\/\/www.spiegel.de\/spiegel\/print\/d-8870857.html\">im SPIEGEL<\/a>)<\/span><\/p>\n<p><span style=\"color: #808080;\"><em>\u00bbDie meisten denken dann gleich an Darkrooms und Analverkehr. Und ich kann Ihnen versichern, dass Homosexualit\u00e4t damit nichts \u2014 ausschlie\u00dflich \u2014 zu tun\u00a0hat.\u00ab<\/em><\/span><\/p><\/blockquote>\n<blockquote>\n<p style=\"text-align: right;\"><span style=\"color: #808080;\"><em>\u00a0Udo Walz<\/em><\/span><\/p>\n<p style=\"text-align: right;\"><span style=\"color: #999999;\"><span style=\"color: #808080;\">(auf die Frage, ob er sich einen schwulen Kanzler vorstellen k\u00f6nnte, nachdem er an dem Wort &#8222;schwul&#8220; Anst0\u00df<\/span> genommen hatte, aufgezeichnet am 09.12.2006 von <a href=\"http:\/\/www.stefan-niggemeier.de\/blog\/udo-walz\/\"><span style=\"color: #999999;\">Stefan Niggemeier<\/span><\/a>)<\/span><\/p>\n<p style=\"text-align: right;\">\n<\/blockquote>\n<p>&#8230;. und auch nicht die, die halbnackt auf der Stra\u00dfe tanzen, so dass man Angst um die kleinen Kinder haben muss.<\/p>\n<p>Nein, wenn alle Schwulen w\u00e4ren wie Sie, dann k\u00f6nnte man wirklich versichert sein, dass nicht jeden Abend in der K\u00f6lner Altstadt und in Berlin Sch\u00f6neberg das Abendland untergeht. Dann w\u00fcrde man nicht st\u00e4ndig genervt werden von Homos, die sich dauernd diskriminiert f\u00fchlen und dann auch noch bei Paraden und Demos diese Fummelshow abziehen und \u00f6ffentlich rumkrakeelen.<\/p>\n<p>Schlie\u00dflich sind Sie ja der beste Beweis daf\u00fcr, dass jeder in dieser Gesellschaft alles werden kann. Wenn man die von ihr zugewiesene Rolle akzeptiert. Oder, wie es Helmut Markwort, einer der T\u00fcrw\u00e4chter Ihrer BAMBI-Gesellschaft<a href=\"https:\/\/www.nollendorfblog.de\/?p=679\"> formuliert hat<\/a>:<\/p>\n<blockquote><p><span style=\"color: #808080;\">\u201cW\u00e4hrend die Show-Schwulen von Berlin auf der Stra\u00dfe krakeelen, marschieren die etablierten Homosexuellen durch die Institutionen und arbeiten an ihrer Karriere.\u201d<\/span><\/p><\/blockquote>\n<p>&nbsp;<\/p>\n<p>Denken Sie vielleicht, das mit Ihnen beiden ist ein Zufall?<\/p>\n<p>Etwa genau so ein Zufall wie das Plakatmotiv mit der Pfanne, das die Aufgabe hat, das moderne Familienbild der Union zu symbolisieren? Weil die Pfanne nicht von einer Frau sondern von einem Mann gehalten wird?<\/p>\n<p style=\"text-align: left;\"><img loading=\"lazy\" decoding=\"async\" class=\"size-thumbnail wp-image-2027 aligncenter\" src=\"https:\/\/www.nollendorfblog.de\/wp-content\/uploads\/2013\/08\/18-1_1ste-welle_familie-150x150.jpg\" alt=\"Quelle: cdu.de\" width=\"150\" height=\"150\" srcset=\"https:\/\/www.nollendorfblog.de\/wp-content\/uploads\/2013\/08\/18-1_1ste-welle_familie-150x150.jpg 150w, https:\/\/www.nollendorfblog.de\/wp-content\/uploads\/2013\/08\/18-1_1ste-welle_familie-140x140.jpg 140w\" sizes=\"auto, (max-width: 150px) 100vw, 150px\" \/><\/p>\n<p>Was symbolisieren Sie?<\/p>\n<p>Ich verstehe ja, dass es aufregend \u00a0ist, die n\u00e4chsten vier Wochen von Millionen Menschen auf Verkehrsinseln und an Bushaltestellen bewundert zu werden. Als Angies ziemlich beste Freunde. Sie haben sich das \u00a0wirklich verdient! Ja wirklich, ich g\u00f6nne es Ihnen. Und ich will Ihnen wirklich keine Vorschl\u00e4ge machen, was Sie w\u00e4hlen sollten. Aber das mit den Plakaten: Wissen Sie wirklich, was Sie da tun?<\/p>\n<p>Haben Sie die letzten Wochen auch mal etwas anderes als Gala und Bunte gelesen und mitbekommen, was im wirklichen Leben passiert ist? Zum Beispiel wie die Union aus wahltaktischen Gr\u00fcnden gegen die Gleichstellung Homosexueller gek\u00e4mpft und polemisiert hat? Wie prominente Parteimitglieder von der Kanzlerin unwidersprochen Thesen in Talkshows verbreiten duften, die sehr nah bei denen sind, mit denen Russlands Pr\u00e4sident Putin jetzt seine Jagt auf Homosexuelle begr\u00fcndet?<\/p>\n<p>Jeder darf und soll w\u00e4hlen, was er will, er braucht daf\u00fcr keine logische Begr\u00fcndung. Er braucht sogar gar keine.\u00a0Aber jetzt sind sie Teil einer Wahlkampagne und damit, sorry f\u00fcr die H\u00e4me, mitverantwortlich daf\u00fcr, wie die Politik der Kanzlerin verkauft wird.<\/p>\n<p>Wir alle wissen, dass die Kanzlerin nicht homophob ist. Aber sie ist homosexuellenfeindlich. Nicht aus \u00dcberzeugung sondern aus taktischen Gr\u00fcnden.<\/p>\n<p>Obwohl sie wei\u00df, dass die Homo-Ehe kommen wird, hat sie entschieden, den Kampf gegen die Gleichstellung weiter zu f\u00fchren, um damit die konservativen und reaktion\u00e4ren Kreise des W\u00e4hlerspektrums der Union binden zu k\u00f6nnen. Statt einer Bev\u00f6lkerungsgruppe zu helfen, ihre Ressentiments gegen Lesben und Schwule zu \u00fcberwinden, hat sie sie darin best\u00e4rkt. Sie hat den Homo-Konflikt z\u00fcndeln lassen, um den Rechten in der Partei zu geben, was sie verlangen: eine konservative Idendit\u00e4t. (Siehe daz<span style=\"color: #808080;\">u den Blogeintrag:\u00a0<a title=\"Permalink to CDU und CSU erkl\u00e4ren Homophobie zu ihrem Markenkern: Warum die Union in diesem Jahr f\u00fcr Lesben und Schwule tabu sein sollte\" href=\"https:\/\/www.nollendorfblog.de\/?p=1442\" rel=\"bookmark\"><span style=\"color: #808080;\">CDU und CSU erkl\u00e4ren Homophobie zu ihrem Markenkern<\/span><\/a>)<\/span><\/p>\n<p>Bereits im M\u00e4rz diesen Jahres hatte sie sich entschieden: \u00a0Merkel m\u00f6chte mit Homo-Hass Wahlkampf machen, ohne dass dieser Hass sichtbar wird.<\/p>\n<p>Damals hatte ich in diesem Blogeintrag geschrieben:<\/p>\n<blockquote><p><span style=\"color: #808080;\">&#8222;Man muss es immer wieder sagen, weil es immer wieder falsch gesagt werden wird: Es geht nicht um uns. Aber es geht auf unsere Kosten. Wir sind gewohnt, das wegzustecken. Darauf basiert Merkels Kalk\u00fcl.&#8220;<\/span><\/p><\/blockquote>\n<p>Vielleicht hatte Merkel da schon an Sie gedacht, lieber\u00a0Udo Walz, lieber Wolfgang Joop.<\/p>\n<p>Was sind Sie f\u00fcr ein K\u00e4fig voller Narren!<\/p>\n<p>Ihr Johannes Kram<\/p>\n","protected":false},"excerpt":{"rendered":"<p>Wenn Eitelkeit weh tut: Der bekannteste deutsche Friseur und der bekannteste in Deutschland lebende Modeverk\u00e4ufer machen Plakatwerbung f\u00fcr die CDU. <\/p>\n","protected":false},"author":1,"featured_media":2103,"comment_status":"closed","ping_status":"open","sticky":false,"template":"","format":"standard","meta":{"footnotes":""},"categories":[159,55,173,1,186],"tags":[115,27,87,26,116],"class_list":["post-2008","post","type-post","status-publish","format-standard","has-post-thumbnail","hentry","category-159","category-community","category-das-wichigste-aus-zehn-jahren","category-politik","category-wirtschaft","tag-angela-merkel","tag-bambi-hubert-burda-media","tag-cdu-csu","tag-helmut-markwort","tag-wolfgang-joop"],"_links":{"self":[{"href":"https:\/\/www.nollendorfblog.de\/index.php?rest_route=\/wp\/v2\/posts\/2008","targetHints":{"allow":["GET"]}}],"collection":[{"href":"https:\/\/www.nollendorfblog.de\/index.php?rest_route=\/wp\/v2\/posts"}],"about":[{"href":"https:\/\/www.nollendorfblog.de\/index.php?rest_route=\/wp\/v2\/types\/post"}],"author":[{"embeddable":true,"href":"https:\/\/www.nollendorfblog.de\/index.php?rest_route=\/wp\/v2\/users\/1"}],"replies":[{"embeddable":true,"href":"https:\/\/www.nollendorfblog.de\/index.php?rest_route=%2Fwp%2Fv2%2Fcomments&post=2008"}],"version-history":[{"count":94,"href":"https:\/\/www.nollendorfblog.de\/index.php?rest_route=\/wp\/v2\/posts\/2008\/revisions"}],"predecessor-version":[{"id":6630,"href":"https:\/\/www.nollendorfblog.de\/index.php?rest_route=\/wp\/v2\/posts\/2008\/revisions\/6630"}],"wp:featuredmedia":[{"embeddable":true,"href":"https:\/\/www.nollendorfblog.de\/index.php?rest_route=\/wp\/v2\/media\/2103"}],"wp:attachment":[{"href":"https:\/\/www.nollendorfblog.de\/index.php?rest_route=%2Fwp%2Fv2%2Fmedia&parent=2008"}],"wp:term":[{"taxonomy":"category","embeddable":true,"href":"https:\/\/www.nollendorfblog.de\/index.php?rest_route=%2Fwp%2Fv2%2Fcategories&post=2008"},{"taxonomy":"post_tag","embeddable":true,"href":"https:\/\/www.nollendorfblog.de\/index.php?rest_route=%2Fwp%2Fv2%2Ftags&post=2008"}],"curies":[{"name":"wp","href":"https:\/\/api.w.org\/{rel}","templated":true}]}}