{"id":2476,"date":"2013-09-14T17:48:01","date_gmt":"2013-09-14T15:48:01","guid":{"rendered":"http:\/\/www.nollendorfblog.de\/?p=2476"},"modified":"2019-03-02T11:39:00","modified_gmt":"2019-03-02T09:39:00","slug":"wer-gegen-thilo-sarrazin-protestiert-muss-katharina-reiche-stoppen","status":"publish","type":"post","link":"https:\/\/www.nollendorfblog.de\/?p=2476","title":{"rendered":"Wer gegen Thilo Sarrazin protestiert, muss Katherina Reiche stoppen"},"content":{"rendered":"<p>\u00dcber dieses Coming Out habe ich mich wirklich gefreut: Als Thilo Sarrazin letzte Woche seine Mitgliedschaft im VIP-Club deutscher Homo-Hasser <a href=\"http:\/\/www.queer.de\/detail.php?article_id=19989\">bekannt gegeben<\/a> hatte, war das f\u00fcr mich eine Befreiung.<\/p>\n<p>Ich weiss nicht, wie viele Diskussionen ich in den vergangenen Jahren mit schwulen Freunden, Bekannten und Fremden f\u00fchren musste, weil diese der Meinung waren, dass Sarrazin im Grunde Recht hat. Weil sie mir erz\u00e4hlen wollten, dass der ehemalige SPD-Politker kein Hetzer, sondern doch ein seri\u00f6ser Analytiker sei.<\/p>\n<p><span style=\"font-size: 13px;\">Ich weiss nicht, ob es nur mir so geht, aber ich habe schon den Eindruck, dass der Sympathiewert Sarrazins bei Schwulen besonders hoch war. \u00a0Ob h\u00f6her als bei den Heteros, mag nicht einsch\u00e4tzen, trotzdem hat mich die Zustimmungsrate unter Schwulen alleine schon deswegen verwundert, da er den Applaus in genau den Milieus gesucht und gefunden hatte, die nicht nur gegen Ausl\u00e4nder mobil machen, sondern auch gegen Lesben und Schwule. <\/span><\/p>\n<p><span style=\"font-size: 13px;\">\u00a0Nat\u00fcrlich gibt es hierzu Ursachen. Dass Minderheiten gegen Minderheiten treten ist nicht neu und auch die Diskussion in der Szene \u00fcber die alarmierend grosse Homosexuellenfeindlichkeit in bestimmten Migrantengruppen ist ja nicht aus der Luft gegriffen. \u00a0Trotzdem fand ich es immer erstaunlich, in welchem Ma\u00dfe Schwule bereit waren, sich auf die simplen Erkl\u00e4rungsmuster des ehemaligen Berliner Finanzsenators einzulassen. Bitte nicht falsch verstehen: zur &#8222;Normalisierung&#8220;\u00a0<\/span><span style=\"font-size: 13px;\">geh\u00f6rt auch, dass sich Schwule nicht mehr als die Heteros daf\u00fcr rechtfertigen m\u00fcssen, dass sie den gleichen Mist denken, sagen und w\u00e4hlen wie sie. Aber ich m\u00f6chte die Hoffnung nicht aufgeben, dass die eigene Erfahrung als Teil einer von einem Gro\u00dfteil der Gesellschaft abgelehnten Minderheit zur Besonnenheit beitragen m\u00f6ge, wenn anderen Gruppen der Wind ins Gesicht bl\u00e4st.\u00a0<\/span><\/p>\n<p>Sarrazins Bekenntnis zur Homo-Neurose ist deshalb eine Warnung vor einfachen Wahrheiten und vor falscher Sicherheit:\u00a0Jemand wird nicht deshalb zum Verb\u00fcndeten, nur weil er die bedroht, von denen man sich selbst bedroht f\u00fchlt.<\/p>\n<p>Doch w\u00e4hrend Sarrazins Come Back dazu diente, Klarheit \u00fcber seinen Charakter und den seiner Thesen zu bef\u00f6rdern, nutzen andere die Gelegenheit zum Versuch einer sehr gewagten Verkl\u00e4rung:<\/p>\n<p>Mehrere CDU-Politiker verbanden den gerechtfertigten Protest gegen den Bestseller-Autor zu einer Verdummungs-Initiative zur Homo-Politik der eigenen Partei. \u00a0Ein Vorstoss, den man selbst unter den mildernden \u00a0Umst\u00e4nden in einem Wahlkampf als besonders dreist bezeichnen muss.<\/p>\n<p>Das <a href=\"http:\/\/www.handelsblatt.com\/politik\/deutschland\/cdu-forderung-steinbrueck-soll-gegen-sarrazin-vorgehen\/8754666.html\">Handelsblatt schreibt<\/a>:<\/p>\n<blockquote><p>Der Bundestagsabgeordnete Jens Spahn, Mitglied im CDU-Bundesvorstand und Bef\u00fcrworter der Gleichstellung homosexueller Partnerschaften, reagierte mit scharfer Kritik in seinem Twitter-Profil, wie sein B\u00fcro auf Anfrage von Handelsblatt Online mitteilte. \u201eSarrazin dreht wieder ab. Diesmal geht&#8217;s gegen Schwule\u201c, schreibt Spahn und f\u00fcgt an SPD-Kanzlerkandidat Peer Steinbr\u00fcck und Parteichef Sigmar Gabriel hinzu: \u201eSagt mal was dazu! Der war immerhin Finanzsenator.\u201c<\/p><\/blockquote>\n<p>und zitierte den\u00a0CDU-Bundestagsabgeordneten Karl-Georg Wellmann, der die SPD-Spitze zum &#8222;Eingreifen gegen Thilo Sarrazin&#8220; aufgefordert habe:<\/p>\n<blockquote><p>\u00a0\u201eAuch die verbale Diskriminierung Homosexueller ist v\u00f6llig inakzeptabel\u201c, betonte der stellvertretende au\u00dfenpolitische Sprecher der Unions-Bundestagfraktion und f\u00fcgte hinzu. \u201eIch erwarte insoweit ein klares Wort der SPD F\u00fchrung.\u201c<\/p><\/blockquote>\n<p>Schon nach seinen ausl\u00e4nderfeindlichen \u00c4usserungen hatte die SPD so gut wie alle Register gezogen, mit denen sie sich von Sarrazin distanzieren konnte. Die einzige Verbundenheit mit ihrem Ex-Politiker besteht darin, dass sie sich nicht zu einem Parteiausschluss durchringen konnte.<\/p>\n<p><span style=\"font-size: 13px;\">Womit wir bei der CDU w\u00e4ren. Was Spahn und Wellmann wissen: Die Sarrazin \u00c4usserungen sind harmlos gegen\u00fcber denen prominenter Unionspolitiker. W\u00e4hrend Sarrazin &#8222;lediglich&#8220; betont, dass eine homosexuelle Partnerschaft nicht mit einer Ehe vergleichbar seien, verbindet etwa die CDU-Politikerin Katherina Reiche solche Standpunkte mit der alarmistischen Diffamierung Homosexueller als Gefahr f\u00fcr die Zukunft des Landes. (Hier zur Erinnerung noch einmal die <a href=\"https:\/\/www.nollendorfblog.de\/?p=1163\">Reiche-Geschichte<\/a>)<\/span><\/p>\n<p>Aber es gibt noch einen anderen Grund, warum die Brisanz der Sarrazin-Statements sehr viel geringer sind, als die von Reiche:<\/p>\n<p>Thilo Sarrazin ist seit Jahren kein SPD-Politiker mehr und wird auch wohl keiner mehr werden.<\/p>\n<p>Katherina Reiche ist nicht nur aktive CDU Politikerin. Sie ist sehr, sehr viel mehr: Reiche als Staatssekret\u00e4rin Mitglied der amtierenden Bundesregierung. W\u00e4hrend es in der SPD-Spitze kein Vertun um die Distanz gegen\u00fcber dem ehemaligen Landespolitiker gibt, hat sich kein einziges CDU-Regierungsmitglied \u00a0von den hetzerischen Thesen der eigenen amtierenden Bundespolitikerin distanziert. Der Grund hierf\u00fcr ist klar: Merkel liess sie gew\u00e4hren. Merkel l\u00e4sst sie gew\u00e4hren und vertraut offensichtlich darauf, dass im Zweifel die Eitelkeit der Schwulen st\u00e4rker ist als ihr Stolz ( siehe: <a href=\"https:\/\/www.nollendorfblog.de\/?p=2008\">&#8222;Lieber Udo Walz, lieber Wolfgang Joop, gefallen Sie sich im K\u00e4fig voller Narren?&#8220;<\/a>)<\/p>\n<p><span style=\"font-size: 13px;\">Spahn ist kein Regierungsmitglied und er kann sich als einer der wenigen CDU-Politiker zugute halten, Reiche offen kritisiert zu haben. Schade deshalb, dass er im Wahlkampf seine Glaubw\u00fcrdigkeit riskiert, indem er so tut, als h\u00e4tte der politische Gegner in Sachen Homo-Politik ein &#8222;klares Wort&#8220; n\u00f6tig und nicht die eigene Partei.<\/span><\/p>\n<p>Wer gegen Thilo Sarrazin protestiert, muss Katherina Reiche stoppen. Nicht Sarrazin, sondern Reiche hat eine gr\u00f6\u00dfere Aufmerksamkeit im Wahlkampf verdient. Auch wenn man es nicht glauben mag: Sie steht kurz vor der Wiederwahl. Aber noch ist es nicht zu sp\u00e4t.<span style=\"font-size: 13px;\"><br \/>\n<\/span><\/p>\n<p>&#8212;&#8212;&#8212;&#8212;&#8212;&#8212;&#8211;<\/p>\n<p><strong>Siehe auch:\u00a0<a href=\"https:\/\/www.nollendorfblog.de\/?p=1442\">CDU und CSU erkl\u00e4ren Homophobie zu ihrem Markenkern:\u00a0Warum die Union in diesem Jahr f\u00fcr Lesben und Schwule tabu sein sollte<\/a><\/strong><\/p>\n","protected":false},"excerpt":{"rendered":"<p>Wer gegen Thilo Sarrazin protestiert, muss Katherina Reiche stoppen. Nicht Sarrazin, sondern Reiche hat eine gr\u00f6\u00dfere Aufmerksamkeit im Wahlkampf verdient. Auch wenn man es nicht glauben mag: Sie steht kurz vor der Wiederwahl. Aber noch ist es nicht zu sp\u00e4t &#8230;<\/p>\n","protected":false},"author":1,"featured_media":2103,"comment_status":"open","ping_status":"open","sticky":false,"template":"","format":"standard","meta":{"footnotes":""},"categories":[159,1],"tags":[87,33,89,117],"class_list":["post-2476","post","type-post","status-publish","format-standard","has-post-thumbnail","hentry","category-159","category-politik","tag-cdu-csu","tag-katherina-reiche","tag-spd","tag-thilo-sarrazin"],"_links":{"self":[{"href":"https:\/\/www.nollendorfblog.de\/index.php?rest_route=\/wp\/v2\/posts\/2476","targetHints":{"allow":["GET"]}}],"collection":[{"href":"https:\/\/www.nollendorfblog.de\/index.php?rest_route=\/wp\/v2\/posts"}],"about":[{"href":"https:\/\/www.nollendorfblog.de\/index.php?rest_route=\/wp\/v2\/types\/post"}],"author":[{"embeddable":true,"href":"https:\/\/www.nollendorfblog.de\/index.php?rest_route=\/wp\/v2\/users\/1"}],"replies":[{"embeddable":true,"href":"https:\/\/www.nollendorfblog.de\/index.php?rest_route=%2Fwp%2Fv2%2Fcomments&post=2476"}],"version-history":[{"count":36,"href":"https:\/\/www.nollendorfblog.de\/index.php?rest_route=\/wp\/v2\/posts\/2476\/revisions"}],"predecessor-version":[{"id":5629,"href":"https:\/\/www.nollendorfblog.de\/index.php?rest_route=\/wp\/v2\/posts\/2476\/revisions\/5629"}],"wp:featuredmedia":[{"embeddable":true,"href":"https:\/\/www.nollendorfblog.de\/index.php?rest_route=\/wp\/v2\/media\/2103"}],"wp:attachment":[{"href":"https:\/\/www.nollendorfblog.de\/index.php?rest_route=%2Fwp%2Fv2%2Fmedia&parent=2476"}],"wp:term":[{"taxonomy":"category","embeddable":true,"href":"https:\/\/www.nollendorfblog.de\/index.php?rest_route=%2Fwp%2Fv2%2Fcategories&post=2476"},{"taxonomy":"post_tag","embeddable":true,"href":"https:\/\/www.nollendorfblog.de\/index.php?rest_route=%2Fwp%2Fv2%2Ftags&post=2476"}],"curies":[{"name":"wp","href":"https:\/\/api.w.org\/{rel}","templated":true}]}}