{"id":299,"date":"2009-08-28T17:52:18","date_gmt":"2009-08-28T15:52:18","guid":{"rendered":"http:\/\/www.nollendorfblog.de\/?p=299"},"modified":"2019-03-02T11:23:16","modified_gmt":"2019-03-02T09:23:16","slug":"der-general","status":"publish","type":"post","link":"https:\/\/www.nollendorfblog.de\/?p=299","title":{"rendered":"Der General"},"content":{"rendered":"<p>G\u00fcnter ist Kie\u00dfling ist tot. Da mein Coming Out in den 80ern war, waren die beiden ersten gro\u00dfen Themen, die ich als Teenager im Zusammenhang mit Homosexualit\u00e4t mitgekommen hatte, AIDS und G\u00fcnter Kie\u00dfling. Das erste stand daf\u00fcr, besser keinen schwulen Sex zu haben, das zweite daf\u00fcr, besser erst gar nicht schwul zu sein.<\/p>\n<p>Ich habe G\u00fcnter Kie\u00dfling ein paar Jahre nach dem <a href=\"http:\/\/de.wikipedia.org\/wiki\/Kie%C3%9Fling-Aff%C3%A4re\">Skandal<\/a> kennen gelernt, als ich in Frankfurt im gleichen B\u00fcro wie er arbeitete. Ich glaube nicht, da\u00df er schwul war. Doch das war damals schon egal. Damals, Anfang der 90er hatte sich in der Gesellschaft schon die Haltung durchgesetzt, da\u00df der eigentliche Skandal von 1984 nicht darin bestand, einen wahrscheinlich Heterosexuellen als homosexuell zu outen, sondern darin, da\u00df Homosexualit\u00e4t \u00fcberhaupt ein Vorwurf, ein Vergehen, ein Entlassungsgrund sein durfte. Ja, bis eben habe ich wirklich geglaubt.<\/p>\n<p>Welt.de hat anl\u00e4\u00dflich des Todes von G\u00fcnter Kie\u00dfling einen <a href=\"http:\/\/www.welt.de\/politik\/deutschland\/article4417124\/Der-General-der-an-Selbstmord-dachte-und-siegte.html\">Text <\/a>von <a href=\"http:\/\/de.wikipedia.org\/wiki\/Claus_Jacobi_%28Journalist%29\">Claus Jacobi<\/a> auf die Startseite gestellt. Dieser zeigt, dass der langj\u00e4hrige WELT-Chefredakteur und heutige BILD-Kolumnist zumindest bis vor zehn Jahren die wahren Ungeheuerlichkeiten der Geschehnisse nicht im Ansatz begriffen hatte. Die Tatsache etwa, da\u00df Kie\u00dfling &#8222;Beweise&#8220; f\u00fcr sein Nicht-Schwulsein bringen konnte und dann als General rehabilitiert wurde bewertet Jacobi so:<\/p>\n<ul>&#8222;Kein Vorwurf gegen ihn hielt Stand. Seine Unschuld wurde erkl\u00e4rt&#8220;<\/ul>\n<p>&#8222;Unschuld&#8220; meint also &#8222;Nicht schwul&#8220;. Da\u00df welt.de ausgerechnet diesen Text heute ausw\u00e4hlt, ohne auch nur einen Versuch zu machen, den Skandal in seinem wahren Charakter zu benennen, zeigt, da\u00df der Skandal im eigentlichen Sinne noch nicht vorbei ist.<\/p>\n<p>Wahr ist: G\u00fcnter Kie\u00dfling konnte damals nur gro\u00dfes Unrecht geschehen, weil Homosexuellen gro\u00dfes Unrecht geschehen ist. Es w\u00e4re sch\u00f6n, wenn sich das mal rumspricht. Der Tod von G\u00fcnter Kie\u00dfling w\u00e4re ein trauriger, aber ein guter Anla\u00df daf\u00fcr.<\/p>\n<p><strong>NACHTRAG:<\/strong><\/p>\n<p>Stefan Niggemeier hat <a href=\"http:\/\/www.stefan-niggemeier.de\/blog\/claus-jacobi-guenter-kiessling-die-schwulen\/\">jetzt dazu die ganze Geschichte.<\/a> zu Jacobi und den Schwulen. Niggemeier:<\/p>\n<ul>&#8222;Ich w\u00fcrde mich sch\u00e4men, bei einem Medium zu arbeiten, das die Texte dieses Mannes ver\u00f6ffentlicht.&#8220;<\/ul>\n<p>&nbsp;<\/p>\n<p>NACHTRAG II (hab ich gerade bei bild.de gefunden):<\/p>\n<ul>\n<ul>\u201eIm deutschen Journalismus ist Claus Jacobi eine Institution \u2013 ein herausragendes Vorbild.\u201c<\/ul>\n<\/ul>\n<p>Kanzlerin Angela Merkel<\/p>\n","protected":false},"excerpt":{"rendered":"<p>G\u00fcnter ist Kie\u00dfling ist tot. Da mein Coming Out in den 80ern war, waren die beiden ersten gro\u00dfen Themen, die ich als Teenager im Zusammenhang mit Homosexualit\u00e4t mitgekommen hatte, AIDS und G\u00fcnter Kie\u00dfling. Das erste stand daf\u00fcr, besser keinen schwulen Sex zu haben, das zweite daf\u00fcr, besser erst gar nicht schwul zu sein. Ich habe &#8230; <a title=\"Der General\" class=\"read-more\" href=\"https:\/\/www.nollendorfblog.de\/?p=299\" aria-label=\"Mehr Informationen \u00fcber Der General\">Weiterlesen<\/a><\/p>\n","protected":false},"author":1,"featured_media":0,"comment_status":"open","ping_status":"open","sticky":false,"template":"","format":"standard","meta":{"footnotes":""},"categories":[148,1],"tags":[24,35],"class_list":["post-299","post","type-post","status-publish","format-standard","hentry","category-148","category-politik","tag-claus-jacobi","tag-welt"],"_links":{"self":[{"href":"https:\/\/www.nollendorfblog.de\/index.php?rest_route=\/wp\/v2\/posts\/299","targetHints":{"allow":["GET"]}}],"collection":[{"href":"https:\/\/www.nollendorfblog.de\/index.php?rest_route=\/wp\/v2\/posts"}],"about":[{"href":"https:\/\/www.nollendorfblog.de\/index.php?rest_route=\/wp\/v2\/types\/post"}],"author":[{"embeddable":true,"href":"https:\/\/www.nollendorfblog.de\/index.php?rest_route=\/wp\/v2\/users\/1"}],"replies":[{"embeddable":true,"href":"https:\/\/www.nollendorfblog.de\/index.php?rest_route=%2Fwp%2Fv2%2Fcomments&post=299"}],"version-history":[{"count":28,"href":"https:\/\/www.nollendorfblog.de\/index.php?rest_route=\/wp\/v2\/posts\/299\/revisions"}],"predecessor-version":[{"id":5630,"href":"https:\/\/www.nollendorfblog.de\/index.php?rest_route=\/wp\/v2\/posts\/299\/revisions\/5630"}],"wp:attachment":[{"href":"https:\/\/www.nollendorfblog.de\/index.php?rest_route=%2Fwp%2Fv2%2Fmedia&parent=299"}],"wp:term":[{"taxonomy":"category","embeddable":true,"href":"https:\/\/www.nollendorfblog.de\/index.php?rest_route=%2Fwp%2Fv2%2Fcategories&post=299"},{"taxonomy":"post_tag","embeddable":true,"href":"https:\/\/www.nollendorfblog.de\/index.php?rest_route=%2Fwp%2Fv2%2Ftags&post=299"}],"curies":[{"name":"wp","href":"https:\/\/api.w.org\/{rel}","templated":true}]}}