{"id":3002,"date":"2013-11-21T02:08:49","date_gmt":"2013-11-21T00:08:49","guid":{"rendered":"http:\/\/www.nollendorfblog.de\/?p=3002"},"modified":"2013-11-21T14:14:28","modified_gmt":"2013-11-21T12:14:28","slug":"david-berger-zu-seinem-solidaritaetsschreiben-den-bayerischen-landrat-ein-brief-wie-ich-ihn-mir-damals-gewuenscht-haette","status":"publish","type":"post","link":"https:\/\/www.nollendorfblog.de\/?p=3002","title":{"rendered":"LESETIPP \/ David Berger zu seinem Solidarit\u00e4tsschreiben an den bayerischen Landrat: &#8222;Ein Brief, wie ich ihn mir damals gew\u00fcnscht h\u00e4tte&#8220;"},"content":{"rendered":"<p><strong>LESETIPP<\/strong><\/p>\n<p>Anl\u00e4sslich der homophoben Skandalisierung des Privatlebens eines Landrates durch die &#8222;BamS&#8220; habe ich f\u00fcr <a href=\"http:\/\/www.vocer.org\/de\/aboutvocer.html\">VOCER.org <\/a>ein Interview mir David Berger gef\u00fchrt, dessen Intimleben w\u00e4hrend seines Kampfes gegen &#8222;kreuz&#8220;.net ebenfalls in die \u00d6ffentlichkeit gezerrt wurde.\u00a0<a href=\"http:\/\/www.vocer.org\/de\/artikel\/do\/detail\/id\/603\/medien-ueber-homosexuelle-%22homophobe-aversionen%22.html\">Hier geht&#8217;s \u00a0weiter zum Interview\u00a0&#8230;<\/a><\/p>\n<p>&#8211;<\/p>\n<p><span style=\"color: #808080;\">(Offenlegung: \u00a0Im Magazin &#8222;M\u00e4nner&#8220;, dessen Chefredakteur Berger ist, sind zwei Texte von mir ver\u00f6ffentlicht worden. Ich bin Mitherausgeber des Medien-Thinktanks VOCER und leite dort u.a. das Ressort &#8222;Homosexuelle in den Medien&#8220;.)<\/span><\/p>\n<p>&nbsp;<\/p>\n<p>&nbsp;<\/p>\n","protected":false},"excerpt":{"rendered":"<p>LESETIPP Anl\u00e4sslich der homophoben Skandalisierung des Privatlebens eines Landrates durch die &#8222;BamS&#8220; habe ich f\u00fcr VOCER.org ein Interview mir David Berger gef\u00fchrt, dessen Intimleben w\u00e4hrend seines Kampfes gegen &#8222;kreuz&#8220;.net ebenfalls in die \u00d6ffentlichkeit gezerrt wurde.\u00a0Hier geht&#8217;s \u00a0weiter zum Interview\u00a0&#8230; &#8211; (Offenlegung: \u00a0Im Magazin &#8222;M\u00e4nner&#8220;, dessen Chefredakteur Berger ist, sind zwei Texte von mir ver\u00f6ffentlicht worden. &#8230; <a title=\"LESETIPP \/ David Berger zu seinem Solidarit\u00e4tsschreiben an den bayerischen Landrat: &#8222;Ein Brief, wie ich ihn mir damals gew\u00fcnscht h\u00e4tte&#8220;\" class=\"read-more\" href=\"https:\/\/www.nollendorfblog.de\/?p=3002\" aria-label=\"Mehr Informationen \u00fcber LESETIPP \/ David Berger zu seinem Solidarit\u00e4tsschreiben an den bayerischen Landrat: &#8222;Ein Brief, wie ich ihn mir damals gew\u00fcnscht h\u00e4tte&#8220;\">Weiterlesen<\/a><\/p>\n","protected":false},"author":1,"featured_media":2117,"comment_status":"open","ping_status":"open","sticky":false,"template":"","format":"standard","meta":{"footnotes":""},"categories":[55,54],"tags":[36],"class_list":["post-3002","post","type-post","status-publish","format-standard","has-post-thumbnail","hentry","category-community","category-kirche","tag-bild"],"_links":{"self":[{"href":"https:\/\/www.nollendorfblog.de\/index.php?rest_route=\/wp\/v2\/posts\/3002","targetHints":{"allow":["GET"]}}],"collection":[{"href":"https:\/\/www.nollendorfblog.de\/index.php?rest_route=\/wp\/v2\/posts"}],"about":[{"href":"https:\/\/www.nollendorfblog.de\/index.php?rest_route=\/wp\/v2\/types\/post"}],"author":[{"embeddable":true,"href":"https:\/\/www.nollendorfblog.de\/index.php?rest_route=\/wp\/v2\/users\/1"}],"replies":[{"embeddable":true,"href":"https:\/\/www.nollendorfblog.de\/index.php?rest_route=%2Fwp%2Fv2%2Fcomments&post=3002"}],"version-history":[{"count":11,"href":"https:\/\/www.nollendorfblog.de\/index.php?rest_route=\/wp\/v2\/posts\/3002\/revisions"}],"predecessor-version":[{"id":3013,"href":"https:\/\/www.nollendorfblog.de\/index.php?rest_route=\/wp\/v2\/posts\/3002\/revisions\/3013"}],"wp:featuredmedia":[{"embeddable":true,"href":"https:\/\/www.nollendorfblog.de\/index.php?rest_route=\/wp\/v2\/media\/2117"}],"wp:attachment":[{"href":"https:\/\/www.nollendorfblog.de\/index.php?rest_route=%2Fwp%2Fv2%2Fmedia&parent=3002"}],"wp:term":[{"taxonomy":"category","embeddable":true,"href":"https:\/\/www.nollendorfblog.de\/index.php?rest_route=%2Fwp%2Fv2%2Fcategories&post=3002"},{"taxonomy":"post_tag","embeddable":true,"href":"https:\/\/www.nollendorfblog.de\/index.php?rest_route=%2Fwp%2Fv2%2Ftags&post=3002"}],"curies":[{"name":"wp","href":"https:\/\/api.w.org\/{rel}","templated":true}]}}