{"id":3330,"date":"2014-02-24T20:41:21","date_gmt":"2014-02-24T18:41:21","guid":{"rendered":"http:\/\/www.nollendorfblog.de\/?p=3330"},"modified":"2019-03-02T13:18:13","modified_gmt":"2019-03-02T11:18:13","slug":"das-zensur-denkverbote","status":"publish","type":"post","link":"https:\/\/www.nollendorfblog.de\/?p=3330","title":{"rendered":"Das Lexikon der Homophobie (IV): &#8222;Denkverbote&#8220;"},"content":{"rendered":"<p>Hass-Prediger m\u00fcssen den Diskurs nicht gewinnen. Es reicht ihnen, wenn ihr Hass als Teil des Diskurses erscheint.<\/p>\n<p>Stefan Niggemeiers <a href=\"http:\/\/www.stefan-niggemeier.de\/blog\/ignoring-matussek\/\">Empfehlung<\/a>, Matussek so gut wie m\u00f6glich zu ignorieren, war deshalb richtig. Und hat trotzdem nicht funktioniert.\u00a0Denn das, was Matussek schreibt, kann man nicht ignorieren. Man darf dem Brandstifter nicht zu viel Aufmerksamkeit schenken, weil ihn das dazu bringen wird, weiter brandzustiften. Aber das angez\u00fcndelte Haus kann man nicht ignorieren, wenn man nicht will, dass sich das Feuer weiter ausbreitet.<\/p>\n<p>In meinem Blog-Beitrag \u00a0<a title=\"Permalink to \u201cHomophobie f\u00fcr alle!\u201d \u2013 Ein Volksbildungskurs mit Matthias Matussek\" href=\"https:\/\/www.nollendorfblog.de\/?p=3220\" rel=\"bookmark\">\u201cHomophobie f\u00fcr alle!\u201d \u2013 Ein Volksbildungskurs mit Matthias Matussek<\/a>\u00a0habe ich mich an einigen seiner rhetorischen Muster abgearbeitet. Ja, ich dachte, damit ist erstmal gut mit Matussek.<\/p>\n<p>Doch so ganz wohl f\u00fchlte ich mich nicht dabei. Zwei Tage sp\u00e4ter haben mich dann die L\u00e4ngen der <a href=\"https:\/\/www.komische-oper-berlin.de\/spielplan\/teddy-award-2014\/\">Teddy<\/a>-Verleihung zu einem Fehler verleitet. \u00a0Ich dachte, ich k\u00f6nne ja so mal eben meine Mails checken. &#8222;Ihr nehmt euch ZU wichtig&#8230;.muss einfach mal gesagt werden d\u00fcrfen!&#8220; hat eine davon angefangen, und dann habe ich Matussek nicht mehr aus dem Kopf bekommen. Und die Vorstellung, wie sehr er sich wohl gerade \u00fcber das freut, was er da angezettelt hat.<\/p>\n<p>Als dann sp\u00e4ter auf der B\u00fchne ein Menschenrechtler aus Uganda von dem Gesetz berichtete, dass dort Homosexualit\u00e4t unter lebenslanger Haft stellen soll, musste ich wieder an Matussek daran denken. Daran, wie sehr Katholiken wie er die Politik Benedikt XVI verteidigt haben, des Papstes, der f\u00fcr das Recht von Staaten k\u00e4mpfte, homosexuelle Handlungen zu verbieten und unter <a href=\"https:\/\/www.nollendorfblog.de\/?p=577\">Strafe zu stellen zu <\/a><a href=\"https:\/\/www.nollendorfblog.de\/?p=577\">d\u00fcrfen<\/a>.<\/p>\n<p>Im sp\u00e4teren Verlauf der Verleihung wurde dann die\u00a0\u00a075-j\u00e4hrige Transgender-Aktivistin <a href=\"http:\/\/www.queer.de\/detail.php?article_id=21031\">Sou Sotheavy<\/a> geehrt, die heute noch unter den Folgen der Folter leidet, mit denen sie die\u00a0Schreckensherrschaft der kommunistischen Roten Khmer \u00fcberlebte. Auch heute noch muss Sotheavy\u00a0gegen Ablehnung k\u00e4mpfen, eine Ablehnung, die von Menschen wie Matussek, mit dem Argument gef\u00fchrt wird, nicht Menschen wie Sotheavy seinen die Opfer, sondern die &#8222;Minderheit&#8220;, die die &#8222;Mehrheit terrorisiert bis in die Sprache hinein&#8220;.<\/p>\n<p>Diese alte Frau, die ihr Leben lang daf\u00fcr gek\u00e4mpft hat, eine Frau sein zu d\u00fcrfen, hielt die l\u00e4ngste Rede des Abends. Kein Terror. Nur Milde, \u00a0R\u00fchrung und Dankbarkeit. Keiner wagte jetzt einen Blick in seinen Mailaccount. \u00a0Aber trotzdem dachte ich wieder an Matussek, der angesichts der Diskussion um &#8222;Sexuelle Vielfalt&#8220; im Schulunterricht fragte, warum &#8222;eigentlich der Sadomasochismus im Lehrplan der baden-w\u00fcrttembergischen Kindererziehung \u00fcbergangen&#8220; werde.<\/p>\n<p>Kann man ja mal fragen. Aber warum?<\/p>\n<p>&#8222;Ihr nehmt euch ZU wichtig&#8230;.muss einfach mal gesagt werden d\u00fcrfen!&#8220; In diesem Satz steckt der Hebel, mit dem jedes angemessene Gespr\u00e4ch \u00fcber Homophobie unm\u00f6glich gemacht wird. Matussek sagt:<\/p>\n<blockquote><p>&#8222;Ich lasse mir meine Gedankenfreiheit nicht nehmen, das geh\u00f6rt zu meinem Stolz als Publizist.&#8220;<\/p><\/blockquote>\n<p>Nein, egal wie oft er es behauptet: Die Gedankenfreiheit will ihm niemand nehmen. Und niemand will ihm verbieten, zu denken. Jeder darf homophob sein, jeder soll sagen d\u00fcrfen, dass er mit Schwulen ein Problem hat. Ja, es ist sogar gut, wenn jemand das aussprechen kann. Genau wie jeder ein Rassist sein darf. Jeder soll sagen d\u00fcrfen, dass er Schwarze nicht ausstehen kann. Jeder darf auch p\u00e4dophil sein und sagen, dass er auf Kinder steht.<\/p>\n<p>Jeder hat nicht nur das verfassungsm\u00e4\u00dfige, sondern auch das moralische Recht, all so etwas zu denken, f\u00fchlen und zu sagen.<\/p>\n<p>Jeder darf ein Problem haben. Er darf es nur nicht zum Problem der anderen machen.<\/p>\n<p>Zumindest nicht, wenn er vorgibt, die W\u00fcrde des anderen nicht antasten zu wollen. Man kann sogar die Gleichwertigkeit anderer Sexueller Identit\u00e4ten infrage stellen, vielleicht muss man das als guter Katholik sogar. Aber wer politische Forderungen ableitet, die auf die Ungleichbehandlung abzielen, kann sich nicht mehr damit herausreden, nur zu denken, nur zu f\u00fchlen, nur zu sagen. Dann ist er ein Handelnder. Dann schadet der Homophobe den Homosexuellen, der Rassist dem Anders-Farbigen und der P\u00e4dophile wird zur Gefahr f\u00fcr Kinder.<\/p>\n<p><a href=\"http:\/\/www.queer.de\/detail.php?article_id=21095\">Heute<\/a> hat\u00a0Yoweri Museveni, der Pr\u00e4sident Ugandas, das Gesetz unterzeichnet, das Schwule und Lesben mit einer lebensl\u00e4nglichen Haftstrafe bedroht.<\/p>\n<p>Am Samstag wurde in Berlin eine Ausstellung \u00fcber einen schwulen Aktivisten <a href=\"http:\/\/www.queer.de\/detail.php?article_id=21097\">besch\u00e4digt,<\/a> wenige Tage vorher die Gedenktafel \u00a0f\u00fcr die ermordeten Homosexuellen im Dritten Reich verunstaltet.\u00a0Ebenfalls am Samstag wurde ebenfalls in Berlin wieder ein Schwuler angegriffen, weil er schwul ist.\u00a0<a href=\"http:\/\/www.queer.de\/detail.php?article_id=21090\">Queer.de<\/a> schreibt, vorab sei es zwischen dem Opfer\u00a0und zwei M\u00e4nnern &#8220; zu verbalen Streitigkeiten wegen seiner homosexuellen Orientierung gekommen.<\/p>\n<p>Mir will nicht einleuchten, dass es da etwas zu streiten gebe. Matussek sieht das <a href=\"http:\/\/www.welt.de\/debatte\/kommentare\/article124792188\/Ich-bin-wohl-homophob-Und-das-ist-auch-gut-so.html\">&#8222;wohl&#8220;<\/a> anders. <a href=\"http:\/\/www.theeuropean.de\/matthias-matussek\/8049-matthias-matussek-antwortet-stefan-niggemeier\">Heute schreibt<\/a> er Claudia Roths &#8222;\u00dcber Homosexualit\u00e4t diskutiert man nicht&#8220; sei eine Aussage aus der &#8222;Welt des Totalit\u00e4ren&#8220;. Dies sei eine &#8222;Welt voller Denk- und Sprechverbote&#8220;.<\/p>\n<p>Nach dieser Logik l\u00e4sst sich eine Angriff auf Homosexuelle als ein Akt der Notwehr verstehen, als eine Auflehnung gegen die durch die Homos errichteten Freiheitseinschr\u00e4nkungen. Aberr so m\u00f6chte Matussek sich nat\u00fcrlich nicht verstanden wissen.<\/p>\n<p>Gegen Ende der Teddy-Verleihung stand f\u00fcr einige Augenblicke der amerikanische Schauspieler Morgan Freeman im Mittelpunkt, obwohl er gar nicht da war. Aber er war pr\u00e4sent durch ein Zitat, das auf die gro\u00dfe Leinwand auf der B\u00fchne projiziert wurde.<\/p>\n<blockquote><p>&#8218;I hate the word homophobia. It&#8217;s not a phobia. You are not scared; you are an asshole.&#8216;<\/p><\/blockquote>\n<p>Schreiben w\u00fcrde ich so was nicht, aber denken muss man das doch d\u00fcrfen. W\u00e4re das nicht der angemessene Umgang mit jemandem wie Matussek? \u00a0M\u00fcsste man nicht einfach sagen d\u00fcrfen:<\/p>\n<blockquote><p>Herr Matussek, Sie sind ein Arschloch!\u2666<\/p><\/blockquote>\n","protected":false},"excerpt":{"rendered":"<p>Schreiben w\u00fcrde ich so was nicht, aber denken muss man das doch d\u00fcrfen. W\u00e4re das nicht der angemessene Umgang mit jemandem wie Matussek?  M\u00fcsste man nicht einfach sagen d\u00fcrfen: Herr Matussek, Sie sind ein Arschloch!<\/p>\n","protected":false},"author":1,"featured_media":2112,"comment_status":"open","ping_status":"open","sticky":false,"template":"","format":"standard","meta":{"footnotes":""},"categories":[160,173,79,74,1],"tags":[68],"class_list":["post-3330","post","type-post","status-publish","format-standard","has-post-thumbnail","hentry","category-160","category-das-wichigste-aus-zehn-jahren","category-die-neue-homophobie","category-medien","category-politik","tag-matthias-matussek"],"_links":{"self":[{"href":"https:\/\/www.nollendorfblog.de\/index.php?rest_route=\/wp\/v2\/posts\/3330","targetHints":{"allow":["GET"]}}],"collection":[{"href":"https:\/\/www.nollendorfblog.de\/index.php?rest_route=\/wp\/v2\/posts"}],"about":[{"href":"https:\/\/www.nollendorfblog.de\/index.php?rest_route=\/wp\/v2\/types\/post"}],"author":[{"embeddable":true,"href":"https:\/\/www.nollendorfblog.de\/index.php?rest_route=\/wp\/v2\/users\/1"}],"replies":[{"embeddable":true,"href":"https:\/\/www.nollendorfblog.de\/index.php?rest_route=%2Fwp%2Fv2%2Fcomments&post=3330"}],"version-history":[{"count":29,"href":"https:\/\/www.nollendorfblog.de\/index.php?rest_route=\/wp\/v2\/posts\/3330\/revisions"}],"predecessor-version":[{"id":5749,"href":"https:\/\/www.nollendorfblog.de\/index.php?rest_route=\/wp\/v2\/posts\/3330\/revisions\/5749"}],"wp:featuredmedia":[{"embeddable":true,"href":"https:\/\/www.nollendorfblog.de\/index.php?rest_route=\/wp\/v2\/media\/2112"}],"wp:attachment":[{"href":"https:\/\/www.nollendorfblog.de\/index.php?rest_route=%2Fwp%2Fv2%2Fmedia&parent=3330"}],"wp:term":[{"taxonomy":"category","embeddable":true,"href":"https:\/\/www.nollendorfblog.de\/index.php?rest_route=%2Fwp%2Fv2%2Fcategories&post=3330"},{"taxonomy":"post_tag","embeddable":true,"href":"https:\/\/www.nollendorfblog.de\/index.php?rest_route=%2Fwp%2Fv2%2Ftags&post=3330"}],"curies":[{"name":"wp","href":"https:\/\/api.w.org\/{rel}","templated":true}]}}