{"id":4309,"date":"2014-11-18T19:18:32","date_gmt":"2014-11-18T17:18:32","guid":{"rendered":"http:\/\/www.nollendorfblog.de\/?p=4309"},"modified":"2019-03-02T12:33:22","modified_gmt":"2019-03-02T10:33:22","slug":"ard-themenwoche-toleranz-jetzt-muessen-konsequenzen-folgen","status":"publish","type":"post","link":"https:\/\/www.nollendorfblog.de\/?p=4309","title":{"rendered":"ARD Themenwoche: BR-Intendant Wilhelm bleibt nur Klarstellung oder R\u00fccktritt!"},"content":{"rendered":"<p>Am Anfang sah es so aus, als sei die ARD Themenwoche nur ein gut gemeinter, aber schlecht gemachter Versuch, sich angemessen\u00a0mit dem Thema &#8222;Toleranz&#8220; auseinander zu setzen.<\/p>\n<p>Mit viel gutem Willen\u00a0konnte man den ARD-Verantwortlichen auch unterstellen, dass ihre\u00a0<a href=\"http:\/\/www.welt.de\/vermischtes\/weltgeschehen\/article134270480\/ARD-Toleranzkampagne-geht-maechtig-nach-hinten-los.html\">desastr\u00f6se Plakatkampagne<\/a> bloss ein Kommunikationsproblem war, dass sie nicht wirklich Rassismus und Homophobie als m\u00f6gliche Standpunkte einer von ihr provozierten Debatte darstellen wollten.<\/p>\n<p>Doch die ARD verbittet sich solche mildernderen Umst\u00e4nde. Sie besteht darauf, nicht falsch verstanden worden zu sein, sondern betont sogar, dass die Aufregung, die es \u00fcber ihren Schlag ins Gesicht der betroffenen Minderheiten gegeben hatte, durchaus beabsichtigt war. ARD-Kooerdinator Hans-Martin Schmidt erkl\u00e4rt das in einem <a href=\"http:\/\/www.sueddeutsche.de\/medien\/kritik-an-plakataktion-einfach-sportlich-sein-1.2217446\">Interview mit der SZ <\/a>so:<\/p>\n<blockquote><p><span style=\"font-size: 13px;\">&#8222;Dass die Kampagne provoziert, war gewollt, wobei der Grad der Provokation sicherlich im Auge des Betrachters variiert. Wichtig ist bei dem Thema ja, dass wir unsere Komfortzone verlassen.&#8220;<\/span><\/p><\/blockquote>\n<p>Dass das der Grad des Blickes auf diese Kampagne vor allem dann variiert, wenn das\u00a0sie betrachtende Auge\u00a0sich wegducken muss,\u00a0um nicht von ihr blau geschlagen zu werden, \u00fcbersteigt entweder das intellektuelle oder das empathische Verm\u00f6gen ihrer Erfinder. Oder beides. So soll denn auch nicht der Angreifer\u00a0die &#8222;Komfortzone&#8220; verlassen, sondern die Angegriffenen:<\/p>\n<blockquote><p>&#8222;Ich kann im Augenblick nur um Verst\u00e4ndnis werben bei denen, die sich angegriffen f\u00fchlen. Wir wollten sicherlich niemanden verletzen. Dass das im Einzelfall nicht immer klappt, bedauern\u00a0wir.&#8220;<\/p><\/blockquote>\n<p>Das Problem sind also die Homos, die Ausl\u00e4nder und die Behinderten, die einfach nicht verstehen k\u00f6nnen.<\/p>\n<blockquote><p><span style=\"font-size: 13px;\">&#8222;Ich finde, da m\u00fcssen wir einfach sportlich sein. Wir wollten eine Diskussion, und die haben wir jetzt.&#8220;<\/span><\/p><\/blockquote>\n<p><span style=\"font-size: 13px;\">Und solche Leute d\u00fcrfen tats\u00e4chlich das Niveau vorgegeben, auf dem ein \u00f6ffentlich rechtlicher Sender sich mit Grundfragen des gesellschaftlichen Zusammenlebens besch\u00e4ftigt?\u00a0<\/span><\/p>\n<p>Bisher durfte man hoffen, dass all die vielen\u00a0misslungenen\u00a0Versuche* der ARD, irgendetwas richtig zu machen beim Diskutieren\u00a0\u00fcber Toleranz, zumindest intern zu einer Reflexion dar\u00fcber gef\u00fchrt haben, wie man es besser machen kann. Aber die Kampagne und die sie begleitenden Rechtfertigungen\u00a0machen\u00a0deutlich, wie sehr\u00a0Ignoranz und Paternalismus zur Leitkultur des Senders geh\u00f6ren. Sie ist ein Signal an alle Redaktionen, auch weiterhin\u00a0mit dem Feuer <a href=\"http:\/\/www.dwdl.de\/nachrichten\/48465\/ard_themenwoche_eine_gewollte_provokation\/\">spielen<\/a> zu d\u00fcrfen, auch weiterhin Angeh\u00f6rige von Minderheiten vorzuf\u00fchren, indem sie (und nicht die Redaktionen) deutlich machen m\u00fcssen, dass sie gleichwertige Menschen sind.<\/p>\n<p>Es ist <a href=\"http:\/\/www.queer.de\/detail.php?article_id=22659\">beeindruckend,<\/a>\u00a0<a href=\"http:\/\/www.zeit.de\/kultur\/film\/2014-11\/ard-themenwoche-toleranz-kommentar\">wie<\/a> <a href=\"http:\/\/www.spiegel.de\/kultur\/gesellschaft\/toleranz-themenwoche-georg-diez-ueber-ard-zdf-und-sterbehilfe-a-1002975.html\">deutlich<\/a> <a href=\"http:\/\/www.handelsblatt.com\/politik\/deutschland\/toleranz-themenwoche-im-ersten-gruene-werfen-ard-diskriminierung-vor\/10963876.html\">dieser<\/a> <a href=\"http:\/\/derzaunfink.wordpress.com\/2014\/11\/12\/diskriminierte-als-zumutung-die-toleranzwoche-in-der-ard\/\">Skandal<\/a> in den letzten Tagen\u00a0<a href=\"http:\/\/www.berliner-zeitung.de\/kultur\/kritik-an-themenwoche-keine-toleranz-fuer-die-ard,10809150,29027400.html\">benannt <\/a>worden ist.<\/p>\n<p>Doch das\u00a0gen\u00fcgt nicht. Man darf es den\u00a0ARD Verantwortlichen jetzt nicht durchgehen lassen, dass sie sich jetzt vergn\u00fcgt auf die Schenkel schlagen, ob der tollen lebhaften Debatte, die sie da losgetreten haben. Denn das Gegenteil ist passiert: Es ist noch schwieriger geworden, \u00fcber Toleranz zu reden. Es ist noch einfacher geworden, Diskriminierung und Diffamierung als &#8222;Meinung&#8220; verkl\u00e4ren zu d\u00fcrfen. Es ist noch leichter, mit einem guten Gef\u00fchl hassen zu d\u00fcrfen.<\/p>\n<p>Die Verantwortlichen m\u00fcssen zur Rechenschaft gezogen werden.\u00a0Ulrich Wilhelm, Intendant des f\u00fcr die Themenwoche verantwortlichen Bayerischen Rundfunks hat die Gelegenheit, seinem Koordinator Hans-Martin Schmidt zu widersprechen. Wenn die ARD es erst meint mit der Toleranz, dann muss er sich\u00a0von der Kampagne deutlich distanzieren und klarstellen, dass Menschenverachtung nicht diskutierbar ist. Und wenn nicht?\u00a0Dann muss er zur\u00fccktreten.<\/p>\n<p>Was denn sonst!<\/p>\n<p>&#8212;<\/p>\n<p><em><span style=\"color: #000000;\">* Mehr\u00a0 ARD-Toleranz-Ungl\u00fccke:<\/span><\/em><\/p>\n<p><span style=\"text-decoration: underline;\"><em><span style=\"color: #000000; text-decoration: underline;\"><a style=\"color: #000000; text-decoration: underline;\" href=\"https:\/\/www.nollendorfblog.de\/?p=3149\">Maischberger erkl\u00e4rt Homophobie zur &#8222;Gesinnung&#8220;<\/a><\/span><\/em><\/span><\/p>\n<p><span style=\"text-decoration: underline;\"><em><span style=\"color: #000000; text-decoration: underline;\"><a style=\"color: #000000; text-decoration: underline;\" href=\"https:\/\/www.nollendorfblog.de\/?p=1163\">Der Quasi-Rassismus von Katherina Reiche und die Verantwortung von G\u00fcnther Jauch<\/a><\/span><\/em><\/span><\/p>\n<p><span style=\"text-decoration: underline;\"><em><span style=\"color: #000000; text-decoration: underline;\"><a style=\"color: #000000; text-decoration: underline;\" href=\"https:\/\/www.nollendorfblog.de\/?p=3576\">Schwulenwitze im \u201cSatiregipfel\u201d: Ist Dieter Nuhr nur ein gro\u00dfes Missverst\u00e4ndis?<\/a><\/span><\/em><\/span><\/p>\n<p><span style=\"text-decoration: underline;\"><em><span style=\"color: #000000; text-decoration: underline;\"><a style=\"color: #000000; text-decoration: underline;\" href=\"http:\/\/www.vocer.org\/die-geschichte-des-menschenzoos\/\">Frank Plasberg und die Geschichte des Menschenzoos<\/a><\/span><\/em><\/span><\/p>\n<p>&#8212;-<\/p>\n<p><span style=\"color: #000000;\"><em>Wer noch nicht den &#8222;Waldschl\u00f6sschen-Appell&#8220; gegen Homophobie in den Medien unterschrieben hat: <span style=\"text-decoration: underline;\"><a style=\"color: #000000; text-decoration: underline;\" href=\"http:\/\/www.der-appell.de\/\">Jetzt\u00a0w\u00e4re eine gute Gelegenheit &#8230;<\/a><\/span><\/em><\/span><\/p>\n<p>&nbsp;<\/p>\n","protected":false},"excerpt":{"rendered":"<p>Und die Konsequenzen? Der verantwortliche BR-Intendant Ulrich Wilhelm muss sich von der Kampagne distanzieren und klarstellen, dass Menschenverachtung nicht diskutierbar ist. Oder zur\u00fccktreten. Was den  sonst!<\/p>\n","protected":false},"author":1,"featured_media":4321,"comment_status":"open","ping_status":"open","sticky":false,"template":"","format":"standard","meta":{"footnotes":""},"categories":[160,79,74,1,167],"tags":[92],"class_list":["post-4309","post","type-post","status-publish","format-standard","has-post-thumbnail","hentry","category-160","category-die-neue-homophobie","category-medien","category-politik","category-tv","tag-ard"],"_links":{"self":[{"href":"https:\/\/www.nollendorfblog.de\/index.php?rest_route=\/wp\/v2\/posts\/4309","targetHints":{"allow":["GET"]}}],"collection":[{"href":"https:\/\/www.nollendorfblog.de\/index.php?rest_route=\/wp\/v2\/posts"}],"about":[{"href":"https:\/\/www.nollendorfblog.de\/index.php?rest_route=\/wp\/v2\/types\/post"}],"author":[{"embeddable":true,"href":"https:\/\/www.nollendorfblog.de\/index.php?rest_route=\/wp\/v2\/users\/1"}],"replies":[{"embeddable":true,"href":"https:\/\/www.nollendorfblog.de\/index.php?rest_route=%2Fwp%2Fv2%2Fcomments&post=4309"}],"version-history":[{"count":19,"href":"https:\/\/www.nollendorfblog.de\/index.php?rest_route=\/wp\/v2\/posts\/4309\/revisions"}],"predecessor-version":[{"id":5729,"href":"https:\/\/www.nollendorfblog.de\/index.php?rest_route=\/wp\/v2\/posts\/4309\/revisions\/5729"}],"wp:featuredmedia":[{"embeddable":true,"href":"https:\/\/www.nollendorfblog.de\/index.php?rest_route=\/wp\/v2\/media\/4321"}],"wp:attachment":[{"href":"https:\/\/www.nollendorfblog.de\/index.php?rest_route=%2Fwp%2Fv2%2Fmedia&parent=4309"}],"wp:term":[{"taxonomy":"category","embeddable":true,"href":"https:\/\/www.nollendorfblog.de\/index.php?rest_route=%2Fwp%2Fv2%2Fcategories&post=4309"},{"taxonomy":"post_tag","embeddable":true,"href":"https:\/\/www.nollendorfblog.de\/index.php?rest_route=%2Fwp%2Fv2%2Ftags&post=4309"}],"curies":[{"name":"wp","href":"https:\/\/api.w.org\/{rel}","templated":true}]}}