{"id":4337,"date":"2014-11-28T17:37:27","date_gmt":"2014-11-28T15:37:27","guid":{"rendered":"http:\/\/www.nollendorfblog.de\/?p=4337"},"modified":"2019-03-02T12:20:45","modified_gmt":"2019-03-02T10:20:45","slug":"rufmord-beschwerde-beim-presserat-das-blutige-homo-bashing-der-fas","status":"publish","type":"post","link":"https:\/\/www.nollendorfblog.de\/?p=4337","title":{"rendered":"\u201cRufmord\u201d-Beschwerde beim Presserat. Das blutige Homo-Bashing der Frankfurter Allgemeinen Sonntagszeitung"},"content":{"rendered":"<p>Wenn Medien bei einem Thema nicht locker lassen und \u00fcber einen l\u00e4ngeren Zeitraum Vorw\u00fcrfe mit neuen Erkenntnissen und Details pr\u00e4sentieren, dann bedeutet das in der Regel, dass sie ihren Job gut machen. Die von der Kritik betroffenen und in die Enge getriebenen sehen das nat\u00fcrlich ganz anders. Was f\u00fcr die einen guter Journalismus ist, bezeichnen\u00a0sie dann oft als eine gegen sie gerichtete\u00a0&#8222;Kampagne&#8220;.<\/p>\n<p>Man sollte also vorsichtig sein, wenn man es benutzt, dieses Wort. Viel zu oft wird es von denen verwendet, die keine \u00fcberzeugenden Argumente gegen das haben, was ihnen vorgeworfen wird. &#8222;Kampagne&#8220;, das hat was von Verschw\u00f6rungstheorie.<\/p>\n<p>Aber wie soll man das nennen, was da gerade in der Frankfurter Allgemeinen Sonntagszeitung veranstaltet wird? Dass sie seit Wochen gegen die Thematisierung von Homo- und Transsexuellen in den Bildungspl\u00e4nen wettert,\u00a0k\u00f6nnte man als besonders engagierten\u00a0Beitrag\u00a0einer kontroversen\u00a0Debatte zum Thema verstehen.<\/p>\n<p>Doch das ist es nicht. Der FAS geht es ganz offensichtlich nicht darum, Fakten zu bewerten, sondern diese zu entstellen.<\/p>\n<p>Der\u00a0Bloggerkollege\u00a0<a href=\"http:\/\/www.alexandervonbeyme.net\/2014\/10\/16\/unter-dem-deckmantel-des-journalismus\/\">Alexander v. Beyme zeigt in seinem Faktencheck<\/a>\u00a0eines\u00a0<a href=\"http:\/\/www.faz.net\/aktuell\/politik\/inland\/experten-warnen-vor-zu-frueher-aufklaerung-von-kindern-13203307.html\">FAS-Beitrages<\/a>\u00a0der Autorin Antje Schmelcher vom 14.10. auf , wie sehr dieser der &#8222;<span style=\"color: #282828;\">Entsachlichung der Debatte&#8220; dient. Von Beyme:\u00a0<\/span>&#8222;Der Artikel l\u00e4sst nicht nur wesentliches weg, sondern\u00a0rei\u00dft Zitate manipulativ aus dem Zusammenhang und\u00a0enth\u00e4lt b\u00f6swillige Verk\u00fcrzungen.&#8220; So\u00a0f\u00e4llt schwer, die durch die eigenen Verdrehungen erlangten Schlussfolgerungen noch als Meinungs\u00e4u\u00dferungen hinnehmen zu k\u00f6nnen.<\/p>\n<p>Was die Autorin &#8222;F\u00f6rderung von Kindesmissbrauch&#8220; nennt, wird von demonstrierenden Homo-Hassern als dankbare Vorlage zur \u00f6ffentlichen Diffamierung benutzt. Die sogenannten &#8222;besorgten Eltern&#8220; beziehen\u00a0sich bei ihrer Protestkundgebung in Dresden etwa explizit auf die &#8222;tollen Artikel&#8220; der Zeitung und<a href=\"https:\/\/www.nollendorfblog.de\/?p=4299\">\u00a0behaupten\u00a0dort u.a.\u00a0, dass es im Unterricht &#8222;nicht mehr um Aufkl\u00e4rung&#8220; gehe, sondern &#8222;um Ein\u00fcbung von Sexualit\u00e4t.&#8220;\u00a0<\/a><\/p>\n<p>Einigerma\u00dfen verst\u00e4ndlich, dass Menschen, die die FAS-Artikel von Antje Schmelcher\u00a0f\u00fcr seri\u00f6se Berichterstattung halten, sich gerade auf einen hohen Wutpegel befinden. \u00a0Und es ist einigerma\u00dfen besorgniserregend sich vorzustellen, wie und wohin sich diese Wut kanalisieren wird. Doch auch hierf\u00fcr hat sich die FAS-Autorin etwas einfallen lassen. Am letzten Sonntag z\u00fcndete Schmelcher ihre n\u00e4chste Rakete.\u00a0<a href=\"http:\/\/www.queer.de\/detail.php?article_id=22757\">Queer.de schreibt<\/a>\u00a0\u00fcber ihren Artikel vom 23.11.:<\/p>\n<blockquote><p>&#8222;Nun sind nicht nur die Bildungspl\u00e4ne dazu da, um Kinder zu missbrauchen, der weite Arm der P\u00e4dos reiche bis zur homosexuellen &#8218;Kaderschmiede&#8216;, der Akademie Waldschl\u00f6sschen, hei\u00dft es in der j\u00fcngsten Ausgabe der &#8218;Frankfurter Allgemeinen Sonntagszeitung&#8216;.&#8220;<\/p><\/blockquote>\n<p>Die <a href=\"http:\/\/de.wikipedia.org\/wiki\/Akademie_Waldschl%C3%B6sschen\">Akademie Waldschl\u00f6sschen<\/a> hat nun gegen diesen\u00a0Beitrag Beschwerde beim <a href=\"http:\/\/www.schekker.de\/content\/was-macht-eigentlich-der-presserat\">Presserat<\/a> eingelegt, weil dieser &#8222;offensichtlich in vielfacher Hinsicht gegen den Pressekodex verst\u00f6\u00dft&#8220;. In der Presseerkl\u00e4rung heisst es:<\/p>\n<blockquote><p>&#8222;<span style=\"color: #444444;\">Besonders infam: durch den ganzen Text zieht sich \u00fcber unterschiedliche sprachliche oder vermeintliche personelle Assoziationen die Reaktivierung des uralten Vorurteils der Gleichsetzung von Homosexualit\u00e4t und P\u00e4dosexualit\u00e4t.&#8220;<\/span><\/p><\/blockquote>\n<p>In der\u00a0schriftlichen Begr\u00fcndung der Presserats-Beschwerde (kann unter der Mailadresse\u00a0pressestelle@waldschloesschen.org von jedermann angefordert werden) bezeichnet die Akademie den Artikel &#8222;offensichtlich&#8220;\u00a0als &#8222;Rufmord&#8220;. Das ist harter Tobak. Doch\u00a0man muss gar nicht all die Verdrehungen der Fakten nachvollziehen k\u00f6nnen, die in der Beschwerde aufgef\u00fchrt sind. Es reicht, sich den FAS-Artikel anzuschauen. Man muss ihn nicht mal lesen. Hier wird ein Text\u00a0illustriert, bei dem es um Missbrauch geht, mit einer\u00a0\u00dcberschrift, in der nichts steht, au\u00dfer dem Ort, der offensichtlich zum Ort des Missbrauches deklariert werden soll: &#8222;<strong>Waldschl\u00f6sschen&#8220;<\/strong>. Geschrieben mit schwarz-roten Lettern, aus denen Blut flie\u00dft.<\/p>\n<p>Dank FAS hat die Homolobby jetzt nicht nur einen kriminellen Ruf, sondern auch ein Gesicht, eine Fassade. Es ist die, eines Horror-Schlosses, aus dem Kinderblut flie\u00dft &#8230; . Aber vielleicht habe ich da ja auch etwas falsch verstanden. Aber ob es alle so richtig falsch verstanden haben? Da bin ich mir nicht so sicher.<\/p>\n<p>Liebe FAS, wei\u00dft Du eigentlich, was Du da tust?<\/p>\n<p>&#8212;-<\/p>\n<p><em><strong>Offenlegung:<\/strong>\u00a0Ich bin Verfasser (und mit diesem Blog zusammen mit dem\u00a0<a href=\"http:\/\/www.blsj.de\/\">BLSJ\u00a0<\/a>Initiator) des <a href=\"http:\/\/www.queer.de\/detail.php?article_id=19402\">&#8222;Waldschl\u00f6sschen Appells&#8220; <\/a>gegen Homophobie in den Medien, der im letzten Jahr\u00a0bei einen\u00a0<span style=\"color: #000000;\">Treffen lesbischer und schwuler JournalistInnen \u00a0im Rahmen eines Seminars der<\/span><a style=\"color: inherit;\" href=\"https:\/\/www.waldschloesschen.org\/\" target=\"_blank\">\u201eAkademie Waldschl\u00f6sschen\u201c<\/a><span style=\"color: #000000;\">\u00a0begr\u00fcndet wurde. Ich bin nie als Referent der Akademie aufgetreten und habe privat oder mittels dieses Blogs nie eine Arbeits- oder Gesch\u00e4ftsbeziehung zu ihr unterhalten.\u00a0<\/span><\/em><\/p>\n<p>Wer den Appell noch nicht unterschrieben hat,\u00a0<a href=\"http:\/\/www.der-appell.de\/\">kann das hier tun<\/a>.<\/p>\n<p>&#8212;<\/p>\n<p><em><span style=\"color: #000000;\">Hier eine Auswahl weiterer\u00a0Nollendorfblog-Beitr\u00e4ge aus dem homophoben Gruselkabinett von FAZ und FAS:<\/span><\/em><\/p>\n<p><span style=\"text-decoration: underline;\"><em><span style=\"color: #000000; text-decoration: underline;\"><a style=\"color: #000000; text-decoration: underline;\" href=\"https:\/\/www.nollendorfblog.de\/?p=1041\">\u201cAggressive Homosexualit\u00e4t\u201d: Was die FAZ unter Missbrauch versteht<\/a><\/span><\/em><\/span><\/p>\n<p><span style=\"text-decoration: underline;\"><em><span style=\"color: #000000; text-decoration: underline;\"><a style=\"color: #000000; text-decoration: underline;\" href=\"https:\/\/www.nollendorfblog.de\/?p=1088\">Die Homophobie der \u201cKonservativen\u201d gleicht der Logik des Antisemitismus<\/a><\/span><\/em><\/span><\/p>\n<p><span style=\"text-decoration: underline;\"><em><span style=\"color: #000000; text-decoration: underline;\"><a style=\"color: #000000; text-decoration: underline;\" href=\"https:\/\/www.nollendorfblog.de\/?p=1245\">Lexikon der Homophobie (1): \u201cZeitgeist\u201d<\/a><\/span><\/em><\/span><\/p>\n","protected":false},"excerpt":{"rendered":"<p>Dank Frankfurter Allgemeiner Sonntagszeitung hat die Homolobby jetzt nicht nur einen kriminellen Ruf, sondern auch ein Gesicht, eine Fassade. Es ist die, eines Horror-Schlosses, aus dem Kinderblut flie\u00dft &#8230; .<\/p>\n","protected":false},"author":1,"featured_media":4332,"comment_status":"open","ping_status":"open","sticky":false,"template":"","format":"standard","meta":{"footnotes":""},"categories":[160,79,74,166],"tags":[34],"class_list":["post-4337","post","type-post","status-publish","format-standard","has-post-thumbnail","hentry","category-160","category-die-neue-homophobie","category-medien","category-print","tag-faz"],"_links":{"self":[{"href":"https:\/\/www.nollendorfblog.de\/index.php?rest_route=\/wp\/v2\/posts\/4337","targetHints":{"allow":["GET"]}}],"collection":[{"href":"https:\/\/www.nollendorfblog.de\/index.php?rest_route=\/wp\/v2\/posts"}],"about":[{"href":"https:\/\/www.nollendorfblog.de\/index.php?rest_route=\/wp\/v2\/types\/post"}],"author":[{"embeddable":true,"href":"https:\/\/www.nollendorfblog.de\/index.php?rest_route=\/wp\/v2\/users\/1"}],"replies":[{"embeddable":true,"href":"https:\/\/www.nollendorfblog.de\/index.php?rest_route=%2Fwp%2Fv2%2Fcomments&post=4337"}],"version-history":[{"count":28,"href":"https:\/\/www.nollendorfblog.de\/index.php?rest_route=\/wp\/v2\/posts\/4337\/revisions"}],"predecessor-version":[{"id":5728,"href":"https:\/\/www.nollendorfblog.de\/index.php?rest_route=\/wp\/v2\/posts\/4337\/revisions\/5728"}],"wp:featuredmedia":[{"embeddable":true,"href":"https:\/\/www.nollendorfblog.de\/index.php?rest_route=\/wp\/v2\/media\/4332"}],"wp:attachment":[{"href":"https:\/\/www.nollendorfblog.de\/index.php?rest_route=%2Fwp%2Fv2%2Fmedia&parent=4337"}],"wp:term":[{"taxonomy":"category","embeddable":true,"href":"https:\/\/www.nollendorfblog.de\/index.php?rest_route=%2Fwp%2Fv2%2Fcategories&post=4337"},{"taxonomy":"post_tag","embeddable":true,"href":"https:\/\/www.nollendorfblog.de\/index.php?rest_route=%2Fwp%2Fv2%2Ftags&post=4337"}],"curies":[{"name":"wp","href":"https:\/\/api.w.org\/{rel}","templated":true}]}}