{"id":4458,"date":"2015-02-25T18:15:56","date_gmt":"2015-02-25T16:15:56","guid":{"rendered":"http:\/\/www.nollendorfblog.de\/?p=4458"},"modified":"2019-03-02T11:50:19","modified_gmt":"2019-03-02T09:50:19","slug":"seite-eins-das-wird-man-doch-wohl-noch-sagen-duerfen","status":"publish","type":"post","link":"https:\/\/www.nollendorfblog.de\/?p=4458","title":{"rendered":"&#8222;Seite Eins&#8220;: Das wird man doch wohl noch sagen d\u00fcrfen &#8230;"},"content":{"rendered":"<p><em>In eigener Sache &#8230;<\/em><\/p>\n<p>Seit ich hier vor \u00fcber sechs Jahren zu bloggen angefangen habe, hat sich ein Thema immer wieder nach vorne gedr\u00e4ngt: Homophobie in den Medien. Ich habe versucht etwas dar\u00fcber herauszufinden, warum sich manche Klischees so hartn\u00e4ckig halten, dar\u00fcber, wie tief bestimmte Ressentiments verwurzelt sind, oft so tief, dass selbst die Opfer von Homophobie sie bereitwillig \u00fcbernommen haben und pflegen.<\/p>\n<p>Beim Waldschl\u00f6sschen-Appell gegen Homophobie in den Medien war es mir dann wichtig, dass wir innerhalb der Szene einen Konsens dar\u00fcber erreichen, \u00a0wann wir bestimmte Darstellungen in den Medien nicht mehr als Meinungs\u00e4u\u00dferung durchgehen lassen, sondern als das benennen was sie sind: Diffamierung.<\/p>\n<p>Seit ziemlich genau einem Jahr erleben wir nun eine in gewisser Weise neue\u00a0Spielart des alten Homohasses. Bis dahin erlebten wir vor allem dumpfe Homophobie in den Medien als eines der letzten verbliebenen Indentifikationmerkmale eines aussterbenden und sinnlos nach Sinn schnappenden\u00a0Konservatismus, wie er durch skurile Figuren wie Erika Stein<del>zeit<\/del>bach repr\u00e4sentiert, aber auch immer mehr der L\u00e4cherlichkeit preisgegeben wurde.<\/p>\n<p>Homophobie schien vielen als etwas, was sich mit der Zeit irgendwie selbst erledigen w\u00fcrde, der Kampf um das vermeintlich entscheidende Ziel der &#8222;Homo-Ehe&#8220; als das letzte Gefecht.<\/p>\n<p>Doch dann kam es schlag auf Schlag: Die Anti-Homogesetze Putins als Overt\u00fcre\u00a0f\u00fcr eine neue Aggressionspolitik, der eskalierende Streit um den baden-w\u00fcrttembergischen Bildungsplan,\u00a0die Bewegung um die aufkeimende &#8222;Professorenpartei&#8220; AfD bis zu &#8222;Pegida&#8220;\u00a0wirbelten in Deutschland nicht nur die politischen Denk- und Erkl\u00e4rmuster in den Medien durcheinander. Die Medien selbst wurden selbst immer mehr zur Angriffsfl\u00e4che. Nicht nur als klassisch rechts einzustufende Meinungsmacher beklagten nun die &#8222;Denkverbote&#8220; mit denen &#8222;die Medien&#8220; angeblich durch ein &#8222;Meinungskartell&#8220; Minderheiten wie Homosexuellen hinterherlaufen. Publizisten wie Matthias Mathussek,\u00a0Henryk M. Broder,\u00a0Bela\u00a0Anda, und Akif Pirin\u00e7ci empfahlen sich als Vordenker einer &#8222;Homophobie Nouvelle&#8220;, die nat\u00fcrlich nichts gegen Lesben und Schwule hat.<\/p>\n<p>Gemeinsam ist ihnen die Agenda des &#8222;Das wird man doch wohl noch mal sagen d\u00fcrfen&#8220;, mit der sie\u00a0gegen Minderheiten hetzen und dabei so tun, als w\u00e4r<span class=\"text_exposed_show\">en sie dabei \u00a0besonders mutig, weil sie ja ein angebliches Tabu absprechen.<\/span><\/p>\n<p>Damit sind wir beim Thema dieses Blogbeitrages in eigener Sache:<\/p>\n<p>Heute hat im Berliner Tipi am Kanzleramt die Mediensatire &#8222;Seite Eins&#8220; Premiere, ein &#8222;Theaterst\u00fcck\u00a0f\u00fcr einen Mann und ein Smartphone&#8220;, das ich geschrieben habe. Ich bin gl\u00fccklich und stolz, dass wir\u00a0f\u00fcr die Erstinszenierung (Urauff\u00fchrung war im September im Theater G\u00fctersloh) den Schauspieler und Comedian Ingolf L\u00fcck gewinnen konnten, den viele, den ihn kennen, wahrscheinlich von einer ganz anderen Seite erleben werden.\u00a0L\u00fcck spielt den zwiesp\u00e4ltigen Boulevard-Journalisten Marco, der eine junge S\u00e4ngerin f\u00fcr eine reisserische Story in die Bredouille bringt.<\/p>\n<p>Anders als dieses Blog ist das St\u00fcck kein Text, der sich haupts\u00e4chlich an die Community richtet, auch in der Handlung selbst\u00a0geht es nicht vornehmlich um Lesben und Schwule.\u00a0Hintergrund ist aber, was mich auch in diesem Blog immer wieder beim Schreiben antreibt: Der Versuch, die Mechanismen hinter der Meinungsmache aufzuzeigen. Konkret die\u00a0<span style=\"line-height: 1.5;\">aktuelle Emp\u00f6rungskultur, die Stimmung gegen Migranten und Homosexuelle mit dem Argument macht, sie h\u00e4tten in unserer Gesellschaft viel zu viel zu sagen und w\u00fcrden diese bedrohen.\u00a0<\/span>So geht es also auch um den Berliner\u00a0&#8222;Lesbenfriedhof&#8220; und Conchita Wursts Eurovisions-Auftritt als Mosaiksteine der beliebten\u00a0These, nach der sich unser Land gerade\u00a0von Minderheiten terrorisieren l\u00e4sst.<\/p>\n<p>Aber ich m\u00f6chte mit dem St\u00fcck nicht\u00a0einseitig auf die b\u00f6sen Journalisten zeigen. Wir alle sind Teil der Medien und entscheiden durch unser Konsumverhalten dar\u00fcber, welche Medien wir in Zukunft haben werden.<\/p>\n<p>Nat\u00fcrlich w\u00fcrde ich mich freuen, wenn auch viele Leser dieses Blogs den Weg in das St\u00fcck finden w\u00fcrden und hier in den Kommentarspalten ihre eigene Meinung dazu beitragen w\u00fcrden.<\/p>\n<p>Und ja: Gerne weitersagen, weiterposten.<\/p>\n<p>Vielen Dank! Johannes<\/p>\n<p>&#8212;&#8211;<\/p>\n<p><em>Das <a href=\"https:\/\/krautreporter.de\/439--seite-eins\">Onlinemagazin Krautreporter hat soeben das St\u00fcck zusammen mit einigen Hintergrundkommentaren online gestellt<\/a>. Dort kann direkt mit mir zu \u00a0konkreten Textstellen diskutiert werden. \u00a0<\/em><\/p>\n<p><em>Das u.a. durch die Bundeszentrale f\u00fcr politische Bildung gef\u00f6rderte medienkritische Debatten-Portal v<a href=\"http:\/\/www.vocer.org\/category\/dossiers\/seite-eins\/\">ocer.org hat ein eigenes &#8222;Seite Eins&#8220;-Dossier<\/a> gestartet, in dem die Themen des St\u00fccks mit Berichten aus der Praxis vertieft werden. <\/em><\/p>\n<p><em>Das NDR-Medienmagazin &#8222;Zapp&#8220; hat Hintergrund-Interviews zu &#8222;Seite Eins&#8220; auf seiner Website ver\u00f6ffentlicht.<\/em><\/p>\n<p><em>Weitere Termine im Berliner Tipi am Kanzleramt gibt es vom 5- &#8211; 8. M\u00e4rz. Die Premiere\u00a0an den Hamburger Kammerspielen ist am 17. M\u00e4rz, die an der K\u00f6lner Volksb\u00fchne am 8. Mai.<\/em><\/p>\n<p><em>Zus\u00e4tzlich zur Inszenierung mit Ingolf L\u00fcck wird es eine weitere mit dem Schauspieler und Ex-Tatortstar Boris Aljinovic geben, die am 11. April bei den Movimentos Festwochen der Autostadt Hamburg Premiere haben wird. \u00a0<\/em><\/p>\n<p><em>Inhalt, Kritiken, alle Termine\u00a0und weitere Informationen\u00a0gibt es auf\u00a0<a href=\"http:\/\/www.seite-eins.net\">www.seite-eins.net<\/a> .<\/em><\/p>\n<p>&#8212;-<\/p>\n<p>Beitr\u00e4ge aus dem Nollendorfblog zum Thema:<\/p>\n<p><span style=\"text-decoration: underline;\"><span style=\"color: #000000; text-decoration: underline;\"><a style=\"line-height: 1.5; color: #000000; text-decoration: underline;\" title=\"Statt \u201cWetten Dass..?\u201d: BamS macht Frauen- und Homohasser Pirin\u00e7ci zum Genie\" href=\"https:\/\/www.nollendorfblog.de\/?p=3532\">Wegen Conchita Wurst: BILD-Politikchef Anda gewinnt Homophobie-Bingo<\/a><\/span><\/span><\/p>\n<p><span style=\"text-decoration: underline;\"><span style=\"color: #000000; text-decoration: underline;\"><a style=\"line-height: 1.5; color: #000000; text-decoration: underline;\" title=\"Statt \u201cWetten Dass..?\u201d: BamS macht Frauen- und Homohasser Pirin\u00e7ci zum Genie\" href=\"https:\/\/www.nollendorfblog.de\/?p=3532\">Statt \u201cWetten Dass..?\u201d: BamS macht Frauen- und Homohasser Pirin\u00e7ci zum Genie<\/a><\/span><\/span><\/p>\n<p><span style=\"text-decoration: underline;\"><span style=\"color: #000000; text-decoration: underline;\"><a style=\"color: #000000; text-decoration: underline;\" title=\"Die Homophobie der \u201cKonservativen\u201d gleicht der Logik des Antisemitismus\" href=\"https:\/\/www.nollendorfblog.de\/?p=1088\">Die Homophobie der \u201cKonservativen\u201d gleicht der Logik des Antisemitismus<\/a><\/span><\/span><\/p>\n<p><span style=\"text-decoration: underline;\"><span style=\"color: #000000; text-decoration: underline;\"><a style=\"color: #000000; text-decoration: underline;\" title=\"Broder\/Anda\/Matussek: Wenn alte M\u00e4nner \u201cM\u00fcssen\u201d m\u00fcssen\" href=\"https:\/\/www.nollendorfblog.de\/?p=3713\">Broder\/Anda\/Matussek: Wenn alte M\u00e4nner \u201cM\u00fcssen\u201d m\u00fcssen<\/a><\/span><\/span><\/p>\n<p><span style=\"text-decoration: underline;\"><span style=\"color: #000000; text-decoration: underline;\"><a style=\"color: #000000; text-decoration: underline;\" title=\"Das Lexikon der Homophobie (IV): \u201cDenkverbote\u201d\" href=\"https:\/\/www.nollendorfblog.de\/?p=3330\">Das Lexikon der Homophobie: \u201cDenkverbote\u201d<\/a><\/span><\/span><\/p>\n<p><span style=\"text-decoration: underline;\"><span style=\"color: #000000; text-decoration: underline;\"><a style=\"color: #000000; text-decoration: underline;\" title=\"Das Trauma der Erika Steinbach und das Verdienst von Anne Will\" href=\"https:\/\/www.nollendorfblog.de\/?p=1723\">Das Trauma der Erika Steinbach und das Verdienst von Anne Wil<\/a>l<\/span><\/span><\/p>\n<p><span style=\"text-decoration: underline;\"><span style=\"line-height: 1.5; color: #000000; text-decoration: underline;\"><a style=\"color: #000000; text-decoration: underline;\" title=\"Maischberger erkl\u00e4rt Homosexualit\u00e4t zur \u201cGesinnung\u201d \/ Unterst\u00fctzerwelle f\u00fcr den \u201cWaldschl\u00f6sschen Appell\u201d\" href=\"https:\/\/www.nollendorfblog.de\/?p=3149\">Maischberger erkl\u00e4rt Homosexualit\u00e4t zur \u201cGesinnung\u201d \/ Unterst\u00fctzerwelle f\u00fcr den \u201cWaldschl\u00f6sschen Appell\u201dDas Trauma der Erika Steinbach und das Verdienst von Anne Will<\/a><\/span><\/span><\/p>\n<p><span style=\"text-decoration: underline;\"><span style=\"color: #000000; text-decoration: underline;\"><a style=\"color: #000000; text-decoration: underline;\" title=\"\u201cHomophobie f\u00fcr alle!\u201d \u2013 Ein Volksbildungskurs mit Matthias Matussek\" href=\"https:\/\/www.nollendorfblog.de\/?p=3220\">\u201cHomophobie f\u00fcr alle!\u201d \u2013 Ein Volksbildungskurs mit Matthias Matussek<\/a><\/span><\/span><\/p>\n","protected":false},"excerpt":{"rendered":"<p>In eigener Sache &#8211; Gerne weitersagen: &#8222;SEITE EINS &#8211; Theaterst\u00fcck f\u00fcr einen Mann und ein Smartphone&#8220; des Nollendorfbloggers Johannes Kram jetzt im Berliner &#8222;Tipi am Kanzleramt&#8220; den &#8222;Hamburger Kammerspielen&#8220; und demn\u00e4chst u.a. in K\u00f6ln.<\/p>\n","protected":false},"author":1,"featured_media":4460,"comment_status":"open","ping_status":"open","sticky":false,"template":"","format":"standard","meta":{"footnotes":""},"categories":[161,79,98,74],"tags":[],"class_list":["post-4458","post","type-post","status-publish","format-standard","has-post-thumbnail","hentry","category-161","category-die-neue-homophobie","category-film-theater","category-medien"],"_links":{"self":[{"href":"https:\/\/www.nollendorfblog.de\/index.php?rest_route=\/wp\/v2\/posts\/4458","targetHints":{"allow":["GET"]}}],"collection":[{"href":"https:\/\/www.nollendorfblog.de\/index.php?rest_route=\/wp\/v2\/posts"}],"about":[{"href":"https:\/\/www.nollendorfblog.de\/index.php?rest_route=\/wp\/v2\/types\/post"}],"author":[{"embeddable":true,"href":"https:\/\/www.nollendorfblog.de\/index.php?rest_route=\/wp\/v2\/users\/1"}],"replies":[{"embeddable":true,"href":"https:\/\/www.nollendorfblog.de\/index.php?rest_route=%2Fwp%2Fv2%2Fcomments&post=4458"}],"version-history":[{"count":25,"href":"https:\/\/www.nollendorfblog.de\/index.php?rest_route=\/wp\/v2\/posts\/4458\/revisions"}],"predecessor-version":[{"id":5724,"href":"https:\/\/www.nollendorfblog.de\/index.php?rest_route=\/wp\/v2\/posts\/4458\/revisions\/5724"}],"wp:featuredmedia":[{"embeddable":true,"href":"https:\/\/www.nollendorfblog.de\/index.php?rest_route=\/wp\/v2\/media\/4460"}],"wp:attachment":[{"href":"https:\/\/www.nollendorfblog.de\/index.php?rest_route=%2Fwp%2Fv2%2Fmedia&parent=4458"}],"wp:term":[{"taxonomy":"category","embeddable":true,"href":"https:\/\/www.nollendorfblog.de\/index.php?rest_route=%2Fwp%2Fv2%2Fcategories&post=4458"},{"taxonomy":"post_tag","embeddable":true,"href":"https:\/\/www.nollendorfblog.de\/index.php?rest_route=%2Fwp%2Fv2%2Ftags&post=4458"}],"curies":[{"name":"wp","href":"https:\/\/api.w.org\/{rel}","templated":true}]}}