{"id":4545,"date":"2015-05-30T16:30:35","date_gmt":"2015-05-30T14:30:35","guid":{"rendered":"http:\/\/www.nollendorfblog.de\/?p=4545"},"modified":"2019-03-02T13:18:13","modified_gmt":"2019-03-02T11:18:13","slug":"die-schmutzige-geschichte-des-anti-gleichstellungskampfes-der-csu","status":"publish","type":"post","link":"https:\/\/www.nollendorfblog.de\/?p=4545","title":{"rendered":"Die schmutzige Geschichte des Anti-Gleichstellungskampfes der CSU"},"content":{"rendered":"<p>&#8222;Unverantwortlich&#8220; hat\u00a0der CSU-Vorsitzende die Idee der Gleichstellung genannt und\u00a0die \u201ehohe religi\u00f6se und moralische Verantwortlichkeit\u201c der politischen F\u00fchrung herausgestellt, die diese verhinderte.<\/p>\n<p>Der CSU-Vorsitzende, von dem wir hier reden, hei\u00dft nicht Horst Seehofer, sondern Franz Josef Strau\u00df. Und dessen\u00a0Worte dienten nicht der\u00a0Verteidigung der Hetero-Ehe in Deutschland, sondern der der <a href=\"http:\/\/www.sueddeutsche.de\/politik\/nelson-mandela-und-der-westen-angst-vor-dem-schwarzen-terroristen-1.1837367\">Apartheid in S\u00fcdafrika<\/a>. Das Bek\u00e4mpfen von gesellschaftlichen\u00a0Emanzipationsprozessen ist seit der\u00a0Zeit von Franz-Josef Strau\u00df als CSU-Vorsitzender ein &#8222;Markenkern&#8220; der sogenannten Christsozialen.<\/p>\n<p>Noch 1988 lobte Strau\u00df die Apartheid-Regierung, zwei\u00a0Jahre sp\u00e4ter ist Alexander Dobrindt in dessen Partei eingetreten. Nicht trotz, sondern wegen Strau\u00df. \u00a0Im Bundestagswahlkampf 2013 war es Dobrindts Aufgabe als CSU-Generalsekret\u00e4r, das &#8222;konservative Profil&#8220; der Partei zu sch\u00e4rfen, um konservativ genannte &#8211; tats\u00e4chlich aber \u00a0reaktion\u00e4r gesinnte &#8211; &#8222;Stammw\u00e4hler&#8220; zu binden.<\/p>\n<p>Hierzu hatte er sich zwei Strategien ausgedacht: \u00a0Das Z\u00fcndeln erstens fremdenfeindlicher (&#8222;Ausl\u00e4nder-Maut&#8220;) und zweitens\u00a0homophober Ressentiments, indem er mit\u00a0unter der G\u00fcrtellinie (&#8222;Schrille Minderheit&#8220;) gegen die Gleichstellung von Lesben und Schwulen hetzte.<\/p>\n<p>Dobrindt war es offensichtlich wichtig, dass seine schmutzigen homofeindlichen Attacken nicht als\u00a0\u00fcberhitzte \u00c4u\u00dferungen im Eifer des Gefechtes verstanden wurden. Sondern als kluge gezielte wahlkampfstrategische Ma\u00dfnahmen zum Machterhalt. Die Zeitung DIE WELT berichtete anerkennend, wie &#8222;konstruiert, ja papiern diese Provokation angelegt war&#8220;. Und dass sie funktioniert hat.<\/p>\n<p>Es w\u00e4re wohl zu einfach zu sagen, dass Dobindts Wahlkampfstrategie und der damit verbundene hohe Wahlerfolg der CSU den Ausschlag f\u00fcr Merkels Machterhalt gewesen ist. Aber ganz trennen l\u00e4sst sich beides nicht. Merkels &#8222;Bauchgef\u00fchl&#8220; gegen die Gleichstellung homosexueller Paare war\u00a0ein deutliches\u00a0Signal an die von den Unionsparteien anvisierten konservativen Ultras, dass man es sich mit ihnen nicht verscherzen m\u00f6chte.<\/p>\n<p>Ob die &#8222;Ehe f\u00fcr alle&#8220; kommt oder nicht, ist f\u00fcr die Union keine Frage von Moral und Werten, sondern\u00a0eine des Machtkalk\u00fcls: Es geht darum, ob man es sich erlauben kann, auf die Zustimmung der\u00a0Homo-Hasser verzichten zu k\u00f6nnen.<\/p>\n<p>Entscheidend wird hierbei sein, wie unangenehm sich der Rest der Gesellschaft dabei f\u00fchlt, Teil der\u00a0Traditionspflege einer Regionalpartei zu sein, deren Verkommenheit sich nicht nur dadurch zeigt, dass sie bis heute\u00a0ihre Parteizentrale\u00a0nach einem\u00a0Helden der Apartheid benennt.\u00a0\u2666<\/p>\n<p>&#8212;<\/p>\n<p>Update (24.06.2107)<\/p>\n<p>Nachdem die CSU zusammen mit der CDU seit Jahren die &#8222;Ehe f\u00fcr alle&#8220; aus parteipolitischen Gr\u00fcnden verhindert, haben Gr\u00fcne, FDP und SPD diese nun zu einer Bedingung f\u00fcr zuk\u00fcnftige Koalitionen erkl\u00e4rt. Dies hat Seehofer heute kritisiert und gefordert,\u00a0 solch &#8222;h\u00f6chstpers\u00f6nliche Entscheidungen&#8220; sollten nicht Teil einer Parteipolitik werden.<\/p>\n<p><em>(Foto: Von Freud &#8211; Eigenes Werk,<a href=\"https:\/\/commons.wikimedia.org\/w\/index.php?curid=45153995\"> CC BY-SA 3.0 )<\/a><\/em><\/p>\n<p>&#8211;<\/p>\n<p><strong>Hintergrund:<\/strong><br \/>\n<strong> <a href=\"https:\/\/www.nollendorfblog.de\/?p=2519\">\u201cKonstruierte Provokation\u201d: Die WELT erkl\u00e4rt die Bedeutung der Diffamierung von Homosexuellen f\u00fcr den CSU-Wahlkampf<\/a><\/strong><\/p>\n","protected":false},"excerpt":{"rendered":"<p>Die Frage ist: Will der Rest der Gesellschaft wirklich Teil der finsteren Traditionspflege einer verkommenen s\u00fcddeutschen Regionalpartei sein, die bis heute ihre Parteizentrale nach einem Helden der Apartheid benennt?<br \/>\n(Foto: Von Freud &#8211; Eigenes Werk, CC BY-SA 3.0 )<\/p>\n","protected":false},"author":1,"featured_media":7643,"comment_status":"open","ping_status":"open","sticky":false,"template":"","format":"standard","meta":{"footnotes":""},"categories":[161,173,1],"tags":[37,87],"class_list":["post-4545","post","type-post","status-publish","format-standard","has-post-thumbnail","hentry","category-161","category-das-wichigste-aus-zehn-jahren","category-politik","tag-alexander-dobrindt","tag-cdu-csu"],"_links":{"self":[{"href":"https:\/\/www.nollendorfblog.de\/index.php?rest_route=\/wp\/v2\/posts\/4545","targetHints":{"allow":["GET"]}}],"collection":[{"href":"https:\/\/www.nollendorfblog.de\/index.php?rest_route=\/wp\/v2\/posts"}],"about":[{"href":"https:\/\/www.nollendorfblog.de\/index.php?rest_route=\/wp\/v2\/types\/post"}],"author":[{"embeddable":true,"href":"https:\/\/www.nollendorfblog.de\/index.php?rest_route=\/wp\/v2\/users\/1"}],"replies":[{"embeddable":true,"href":"https:\/\/www.nollendorfblog.de\/index.php?rest_route=%2Fwp%2Fv2%2Fcomments&post=4545"}],"version-history":[{"count":21,"href":"https:\/\/www.nollendorfblog.de\/index.php?rest_route=\/wp\/v2\/posts\/4545\/revisions"}],"predecessor-version":[{"id":7646,"href":"https:\/\/www.nollendorfblog.de\/index.php?rest_route=\/wp\/v2\/posts\/4545\/revisions\/7646"}],"wp:featuredmedia":[{"embeddable":true,"href":"https:\/\/www.nollendorfblog.de\/index.php?rest_route=\/wp\/v2\/media\/7643"}],"wp:attachment":[{"href":"https:\/\/www.nollendorfblog.de\/index.php?rest_route=%2Fwp%2Fv2%2Fmedia&parent=4545"}],"wp:term":[{"taxonomy":"category","embeddable":true,"href":"https:\/\/www.nollendorfblog.de\/index.php?rest_route=%2Fwp%2Fv2%2Fcategories&post=4545"},{"taxonomy":"post_tag","embeddable":true,"href":"https:\/\/www.nollendorfblog.de\/index.php?rest_route=%2Fwp%2Fv2%2Ftags&post=4545"}],"curies":[{"name":"wp","href":"https:\/\/api.w.org\/{rel}","templated":true}]}}