{"id":4677,"date":"2015-07-02T13:18:40","date_gmt":"2015-07-02T11:18:40","guid":{"rendered":"http:\/\/www.nollendorfblog.de\/?p=4677"},"modified":"2020-01-19T12:54:23","modified_gmt":"2020-01-19T10:54:23","slug":"muellermilch-hat-kein-problem-mit-der-homophobie-ihres-werbestars-andreas-gabalier","status":"publish","type":"post","link":"https:\/\/www.nollendorfblog.de\/?p=4677","title":{"rendered":"M\u00fcllermilch hat kein Problem mit der Homophobie ihres Werbestars Andreas Gabalier"},"content":{"rendered":"<p>Es gibt verschiedene Gr\u00fcnde, warum Marken prominente Gesichter f\u00fcr ihre Werbung verpflichten. H\u00e4ufig geht es darum,&nbsp;den eigenen Bekanntheitsgrad zu steigern. Bei der Zusammenarbeit zwischen M\u00fcllermilch und dem \u00f6sterreichischen S\u00e4nger Andreas Gabalier d\u00fcrfte&nbsp;dies keine Rolle gespielt haben. Trotz medialer Dauerpr\u00e4zenz des &#8222;Volksrockenrollers&#8220; kann man davon ausgehen, dass der Name der&nbsp;Molkereimarke der&nbsp;bekanntere ist.<\/p>\n<p>Ein weiterer Grund f\u00fcr das Engagement eines Stars in der Werbung ist die Absicht, eine Marke oder ein Produkt von dessen&nbsp;Image profitieren zu lassen. In der Branche nennt man das &#8222;Imagetransfer&#8220;.<\/p>\n<p>Andreas Gaballiers Image jenseits&nbsp;seines musikalischen Profils ist vor allem gepr\u00e4gt durch seine Beschw\u00f6rung vormoderner Geschlechterrollen, die er gerne bis hin zu eindeutig <a href=\"http:\/\/www.queer.de\/detail.php?article_id=23977\">homophoben<\/a> <a href=\"http:\/\/www.queer.de\/detail.php?article_id=23503\">Ausf\u00e4llen<\/a> (&#8222;<em>Man<\/em> hat es in der heutigen Zeit nicht leicht, wenn <em>man<\/em> als <em>Mann<\/em> auf <em>Frauen<\/em> steht&#8220;) verknappt.<\/p>\n<p>Die Frage ist also, ob M\u00fcllermilch, die den S\u00e4nger in der Pressemitteilung zur Kooperation als besonders authentisch und &#8222;bodenst\u00e4ndig&#8220; preist, ihn trotz&nbsp;&nbsp;oder wegen seines Rollenbildes verpflichtet hat.<\/p>\n<p>Ich habe beim Unternehmen nachgefragt. Ich wollte wissen, ob M\u00fcller Milch vor dem Zustandekommen der Zusammenarbeit&nbsp;die Haltung Gabaliers&nbsp;zur Homosexualit\u00e4t (etwa die, dass \u00f6ffentlich schmusende M\u00e4nner die Antipathie gegen Homosexuelle bef\u00f6rdere oder die, dass &#8222;diese Sexualit\u00e4t nicht ganz so breit in der \u00d6ffentlichkeit <a href=\"http:\/\/www.merkur.de\/kultur\/andreas-gabalier-schwul-feind-merkur-interview-5183593.html\">ausgetreten<\/a>&#8220; werden solle) bewusst gewesen ist. Ich wollte wissen, wie das Unternehmen zu solchen Aussagen steht und ob&nbsp;Gabaliers Befund von der &#8222;genderverseuchten Zeit&#8220; zum Image von Firma und Marke passt.<\/p>\n<p>Hier die Antwort der Unternehmenssprecherin:<\/p>\n<blockquote><p>Aus unserer Sicht ist neben der Gleichberechtigung die freie Meinungs\u00e4u\u00dferung eine der h\u00f6chsten Errungenschaften der Demokratie. Insofern respektieren wir selbstverst\u00e4ndlich auch Ihren Unmut.<br \/>\nWir freuen uns sehr, Andreas Gabalier als Markenbotschafter gewonnen zu haben. Er passt hervorragend zu unserer Marke.<br \/>\nAus unserer Sicht bewegen sich Herrn Gabaliers \u00c4u\u00dferungen \u2013 soweit sie uns bekannt sind \u2013 nicht au\u00dferhalb des rechtlichen Rahmens..<br \/>\nUnsere Werbung soll Emotionen wecken und wird entsprechend subjektiv wahrgenommen.<br \/>\nLeider ist es uns nicht m\u00f6glich, den Geschmack all unserer Konsumenten zu treffen und wir bitten Sie deshalb um Ihr Verst\u00e4ndnis.<\/p><\/blockquote>\n<p>M\u00fcller Milch hat also, so viel darf man sagen, kein Problem mit der Homophobie&nbsp;ihres Werbestars, so lange diese nicht gegen Gesetze verst\u00f6sst. Ohne jede Relativierung stellen sie trotz der aufgezeigten diskriminierenden Ausf\u00e4lle ihres Testimonials klar: &#8222;Er passt hervorragend zu unserer Marke.&#8220; Sie h\u00e4tten auch sagen k\u00f6nnen: Das&nbsp;ist seine Privatmeinung, die hat mit unserer Kooperation nichts zu tun. Sagen sie aber nicht.&nbsp;<span style=\"line-height: 1.5;\">Dazu passt, dass die Frage nach der Haltung des Unternehmens zu homophoben Aussagen&nbsp;unbeantwortet blieb. M\u00fcllermilch m\u00f6chte sich also nicht festlegen, ob sie Homophobie gut findet oder nicht. <\/span><\/p>\n<p><span style=\"line-height: 1.5;\">Das ist zumindest gut zu wissen.\u2666<\/span><\/p>\n<p>&#8212;<\/p>\n<p><em>\u00c4hnliche Beitr\u00e4ge in diesem Blog:<\/em><\/p>\n<p><span style=\"text-decoration: underline;\"><span style=\"color: #000000; text-decoration: underline;\"><a style=\"line-height: 1.5; color: #000000; text-decoration: underline;\" title=\"Permalink to Die Geschichte von Stefan Raabs dummen Hund und der schwulen Sau\" href=\"https:\/\/www.nollendorfblog.de\/?p=3652\" rel=\"bookmark\">Wegen Conchita Wurst: BILD-Politikchef Anda gewinnt Homophobie-Bingo<\/a><\/span><\/span><\/p>\n<p><span style=\"text-decoration: underline;\"><span style=\"color: #000000; text-decoration: underline;\"><a style=\"line-height: 1.5; color: #000000; text-decoration: underline;\" title=\"Permalink to Die Geschichte von Stefan Raabs dummen Hund und der schwulen Sau\" href=\"https:\/\/www.nollendorfblog.de\/?p=3468\" rel=\"bookmark\">Die Geschichte von Stefan Raabs dummen Hund und der schwulen Sau<\/a><\/span><\/span><\/p>\n<p><span style=\"text-decoration: underline;\"><span style=\"color: #000000; text-decoration: underline;\"><a style=\"color: #000000; text-decoration: underline;\" title=\"Permalink to \u201eHomophobie f\u00fcr alle!\u201c \u2013 Ein Volksbildungskurs mit Matthias Matussek\" href=\"https:\/\/www.nollendorfblog.de\/?p=3220\" rel=\"bookmark\">\u201eHomophobie f\u00fcr alle!\u201c \u2013 Ein Volksbildungskurs mit Matthias Matussek<\/a><\/span><\/span><\/p>\n","protected":false},"excerpt":{"rendered":"<p>Die Frage ist, ob M\u00fcllermilch, die Andreas Gabalier in der Pressemitteilung zur Kooperation als besonders authentisch und &#8222;bodenst\u00e4ndig&#8220; preist, ihn trotz  oder wegen seines Rollenbildes verpflichtet hat.<\/p>\n","protected":false},"author":1,"featured_media":4689,"comment_status":"open","ping_status":"open","sticky":false,"template":"","format":"standard","meta":{"footnotes":""},"categories":[161,79,74,152,1,186],"tags":[93,187],"class_list":["post-4677","post","type-post","status-publish","format-standard","has-post-thumbnail","hentry","category-161","category-die-neue-homophobie","category-medien","category-meistgelesen","category-politik","category-wirtschaft","tag-andreas-gabalier","tag-mueller-milch"],"_links":{"self":[{"href":"https:\/\/www.nollendorfblog.de\/index.php?rest_route=\/wp\/v2\/posts\/4677","targetHints":{"allow":["GET"]}}],"collection":[{"href":"https:\/\/www.nollendorfblog.de\/index.php?rest_route=\/wp\/v2\/posts"}],"about":[{"href":"https:\/\/www.nollendorfblog.de\/index.php?rest_route=\/wp\/v2\/types\/post"}],"author":[{"embeddable":true,"href":"https:\/\/www.nollendorfblog.de\/index.php?rest_route=\/wp\/v2\/users\/1"}],"replies":[{"embeddable":true,"href":"https:\/\/www.nollendorfblog.de\/index.php?rest_route=%2Fwp%2Fv2%2Fcomments&post=4677"}],"version-history":[{"count":27,"href":"https:\/\/www.nollendorfblog.de\/index.php?rest_route=\/wp\/v2\/posts\/4677\/revisions"}],"predecessor-version":[{"id":11206,"href":"https:\/\/www.nollendorfblog.de\/index.php?rest_route=\/wp\/v2\/posts\/4677\/revisions\/11206"}],"wp:featuredmedia":[{"embeddable":true,"href":"https:\/\/www.nollendorfblog.de\/index.php?rest_route=\/wp\/v2\/media\/4689"}],"wp:attachment":[{"href":"https:\/\/www.nollendorfblog.de\/index.php?rest_route=%2Fwp%2Fv2%2Fmedia&parent=4677"}],"wp:term":[{"taxonomy":"category","embeddable":true,"href":"https:\/\/www.nollendorfblog.de\/index.php?rest_route=%2Fwp%2Fv2%2Fcategories&post=4677"},{"taxonomy":"post_tag","embeddable":true,"href":"https:\/\/www.nollendorfblog.de\/index.php?rest_route=%2Fwp%2Fv2%2Ftags&post=4677"}],"curies":[{"name":"wp","href":"https:\/\/api.w.org\/{rel}","templated":true}]}}