{"id":4767,"date":"2015-08-27T23:27:28","date_gmt":"2015-08-27T21:27:28","guid":{"rendered":"http:\/\/www.nollendorfblog.de\/?p=4767"},"modified":"2019-03-02T12:33:22","modified_gmt":"2019-03-02T10:33:22","slug":"machen-sie-doch-anderes-fernsehen-und-nicht-denselben-reaktionaeren-quark-der-dieses-land-schon-jetzt-zur-letzten-grossen-westlichen-demokratie-macht-die-lgbt-menschen-die-gleichheit-vor-dem-gese","status":"publish","type":"post","link":"https:\/\/www.nollendorfblog.de\/?p=4767","title":{"rendered":"&#8222;Machen Sie doch anderes Fernsehen! Und nicht denselben reaktion\u00e4ren Quark, der dieses Land schon jetzt zur letzten gro\u00dfen westlichen Demokratie macht, die LGBT-Menschen die Gleichheit vor dem Gesetz verwehrt.&#8220;"},"content":{"rendered":"<p>Ein Grund, warum wir in Deutschland mit der Ehe f\u00fcr alle nicht so richtig weiterkommen, liegt auch darin begr\u00fcndet, dass die\u00a0meisten\u00a0Medien kein Problem damit haben, das Thema immer wieder auf die immer gleiche Art tot zu inszenieren: Als erkenntnisfreier Showdown zwischen denen, denen man ein B\u00fcrgerrecht verweigert und denen, denen es Spass macht, den\u00a0anderen ein B\u00fcrgerrecht zu verweigern.<\/p>\n<p>Wie sch\u00f6n, dass es Leute gibt, die mal etwas Neues probieren wollen. Z.B. die Produktionsfirma Lieblings-TV, die gerade mit der Medienakademie Hamburg dabei ist, das <a href=\"http:\/\/www.lieblingstv.de\/hashtag-klartext.html\">Webtalk-Format &#8222;Klartext&#8220;<\/a> zu entwickeln. Sie beschreiben es als<\/p>\n<blockquote><p>&#8222;Unsere\u00a0Antwort auf die alten und meist unverst\u00e4ndlichen Talk Shows in Deutschland. Mit einem frischen Moderatoren-Duo bringt die Show einen gewissen Charme und Wissbegierigkeit mit.&#8220;<\/p><\/blockquote>\n<p>Zum Thema &#8222;Ehe f\u00fcr Alle&#8220; hatte die Redaktion den schwulen Berliner Journalisten und Aktivisten Dirk Ludigs eingeladen. Und dann wieder ausgeladen. Der Grund: Sie h\u00e4tten &#8222;noch eine Zusage einer Contra Meinung bekommen, was unsere Diskussion nat\u00fcrlich noch mehr voran treiben wird.&#8220;<\/p>\n<p>Klingt irgendwie logisch. Macht irgendwie Sinn.<\/p>\n<p>Aber auch nur, weil wir die Erwartung aufgegeben haben, dass es im Sinne eines Medienformates sein m\u00fcsste, sich um eine\u00a0angemessene Aufbereitung des Themas\u00a0zu bem\u00fchen.<\/p>\n<p>Dirk Ludigs hat das nicht.<\/p>\n<p>Hier seine Antwort an die Redaktion, nachdem er aus der Sendung ausgeladen wurde:<\/p>\n<p>&nbsp;<\/p>\n<blockquote><p><span style=\"line-height: 1.5;\">Hallo Frau &#8230;.,<\/span><\/p><\/blockquote>\n<div class=\"text_exposed_show\">\n<blockquote><p>kein Problem! Und nat\u00fcrlich verstehe ich, dass Talkshows zu Themen langweilig sind, bei denen alle einer Meinung sind.<\/p>\n<p>Trotzdem meine Frage: W\u00fcrden Sie auch Gegenpositionen einladen zu Themen wie: Sollten Schwarze im Bus hinten sitzen? Juden &#8211; sind wirklich alle nur dem Geld hinterher?<\/p>\n<p>W\u00fcrden sie zu Rassismus-Themen Rassisten einladen? Zu Israel Antisemiten?<\/p>\n<p>Klingt vielleicht etwas \u00fcberspitzt? Nun, worum geht es hier?<\/p>\n<p>LGBT-Rechte sind Menschenrechte. Das ist unter anderem die Position der US-Regierung und der Vereinten Nationen. Menschenrechte aber sind nicht verhandelbar, man kann sie auch niemandem gew\u00e4hren, sie lassen sich nur vorenthalten \u2013 das genau tut die Bundesregierung seit Jahren. Leider ist dieses Land und viele seiner Journalistinnen noch nicht an dem Punkt angelangt, diese einfache Tatsache zu begreifen. Ich empfehle ihnen f\u00fcr die Auseinandersetzung mit dem Thema den <a href=\"http:\/\/www.der-appell.de\/\">Waldschl\u00f6sschen-Appell <\/a>der schwullesbischen Journalistinnen. Eine weitere Sendung dar\u00fcber, ob LGBT-Menschen vollwertige Menschen sind, braucht dieses Land nicht, sie ist auch nicht vorw\u00e4rts oder frisch oder anders. Jung schon gar nicht.<\/p>\n<p>Man kann \u00fcber vieles bei diesem Thema streiten &#8230; was ist der beste Weg dahin, muss Ehe sich \u00fcberhaupt grundlegend ver\u00e4ndern, warum wollen Schwule und Lesben \u00fcberhaupt heiraten? Machen Sie doch anderes Fernsehen! Und nicht denselben reaktion\u00e4ren Quark, der dieses Land schon jetzt zur letzten gro\u00dfen westlichen Demokratie macht, die LGBT-Menschen die Gleichheit vor dem Gesetz verwehrt. Denn das sind wir. Gr\u00f6nland ist da weiter.<\/p>\n<p>Mit freundlichen Gr\u00fc\u00dfen<\/p>\n<p>Dirk Ludigs \u00a0\u2666<\/p><\/blockquote>\n<p>&#8212;<\/p>\n<p><span style=\"color: #000000;\"><em>Offenlegung: Der von Ludigs\u00a0erw\u00e4hnte &#8222;Waldschl\u00f6sschen Appell&#8220;\u00a0gegen die Verharmlosung homosexualit\u00e4tsfeindlicher Diffamierungen ist eine Initiative des Bundes Lesbischer und Schwuler JournalistInnen<span style=\"text-decoration: underline;\"> (<a style=\"color: #000000; text-decoration: underline;\" href=\"http:\/\/www.blsj.de\/\" target=\"_blank\">BLSJ<\/a>)<\/span> und des\u00a0Nollendorfblogs.<\/em><\/span><\/p>\n<p><span style=\"color: #000000;\"><em>Weitere Informationen zum Thema:<\/em><\/span><\/p>\n<p><span style=\"text-decoration: underline;\"><span style=\"color: #000000; text-decoration: underline;\"><em><a style=\"color: #000000; text-decoration: underline;\" href=\"http:\/\/meedia.de\/2013\/06\/12\/der-spiegel-hat-homo-tourette-syndrom\/\">&#8222;Der SPIEGEL\u00a0hat ein Homo-Tourette-Syndrom&#8220;\u00a0<\/a><\/em><\/span><\/span><\/p>\n<p><span style=\"text-decoration: underline;\"><span style=\"color: #000000; text-decoration: underline;\"><em><a style=\"color: #000000; text-decoration: underline;\" title=\"Permalink to Maischberger erkl\u00e4rt Homosexualit\u00e4t zur \u201eGesinnung\u201c \/ Unterst\u00fctzerwelle f\u00fcr den \u201eWaldschl\u00f6sschen Appell\u201c\" href=\"https:\/\/www.nollendorfblog.de\/?p=3149\" rel=\"bookmark\">Maischberger erkl\u00e4rt Homosexualit\u00e4t zur \u201eGesinnung\u201c \/ Unterst\u00fctzerwelle f\u00fcr den \u201eWaldschl\u00f6sschen Appell\u201c<\/a><\/em><\/span><\/span><\/p>\n<\/div>\n","protected":false},"excerpt":{"rendered":"<p>&#8222;W\u00fcrden Sie auch Gegenpositionen einladen zu Themen wie: Sollten Schwarze im Bus hinten sitzen? Juden &#8211; sind wirklich alle nur dem Geld hinterher? W\u00fcrden sie zu Rassismus-Themen Rassisten einladen? Zu Israel Antisemiten?&#8220;<\/p>\n","protected":false},"author":1,"featured_media":4768,"comment_status":"open","ping_status":"open","sticky":false,"template":"","format":"standard","meta":{"footnotes":""},"categories":[161,145,74,1,167],"tags":[],"class_list":["post-4767","post","type-post","status-publish","format-standard","has-post-thumbnail","hentry","category-161","category-gastbeitraege","category-medien","category-politik","category-tv"],"_links":{"self":[{"href":"https:\/\/www.nollendorfblog.de\/index.php?rest_route=\/wp\/v2\/posts\/4767","targetHints":{"allow":["GET"]}}],"collection":[{"href":"https:\/\/www.nollendorfblog.de\/index.php?rest_route=\/wp\/v2\/posts"}],"about":[{"href":"https:\/\/www.nollendorfblog.de\/index.php?rest_route=\/wp\/v2\/types\/post"}],"author":[{"embeddable":true,"href":"https:\/\/www.nollendorfblog.de\/index.php?rest_route=\/wp\/v2\/users\/1"}],"replies":[{"embeddable":true,"href":"https:\/\/www.nollendorfblog.de\/index.php?rest_route=%2Fwp%2Fv2%2Fcomments&post=4767"}],"version-history":[{"count":16,"href":"https:\/\/www.nollendorfblog.de\/index.php?rest_route=\/wp\/v2\/posts\/4767\/revisions"}],"predecessor-version":[{"id":5714,"href":"https:\/\/www.nollendorfblog.de\/index.php?rest_route=\/wp\/v2\/posts\/4767\/revisions\/5714"}],"wp:featuredmedia":[{"embeddable":true,"href":"https:\/\/www.nollendorfblog.de\/index.php?rest_route=\/wp\/v2\/media\/4768"}],"wp:attachment":[{"href":"https:\/\/www.nollendorfblog.de\/index.php?rest_route=%2Fwp%2Fv2%2Fmedia&parent=4767"}],"wp:term":[{"taxonomy":"category","embeddable":true,"href":"https:\/\/www.nollendorfblog.de\/index.php?rest_route=%2Fwp%2Fv2%2Fcategories&post=4767"},{"taxonomy":"post_tag","embeddable":true,"href":"https:\/\/www.nollendorfblog.de\/index.php?rest_route=%2Fwp%2Fv2%2Ftags&post=4767"}],"curies":[{"name":"wp","href":"https:\/\/api.w.org\/{rel}","templated":true}]}}