{"id":4785,"date":"2015-09-01T17:11:07","date_gmt":"2015-09-01T15:11:07","guid":{"rendered":"http:\/\/www.nollendorfblog.de\/?p=4785"},"modified":"2020-07-20T13:32:56","modified_gmt":"2020-07-20T11:32:56","slug":"und-wenn-er-nicht-neger-gesagt-haette","status":"publish","type":"post","link":"https:\/\/www.nollendorfblog.de\/?p=4785","title":{"rendered":"Und wenn er nicht &#8222;N.-Wort&#8220; gesagt h\u00e4tte?"},"content":{"rendered":"<p>Und wenn er nicht &#8222;N-Wort&#8220;&#8220; gesagt h\u00e4tte? Wenn Bayerns Innenminister Joachim Herrmann die \u00c4u\u00dferung seines Landsmannes aus dem Einspielfilm von &#8222;Hart aber Fair&#8220;, der gesagt hatte, dass <a href=\"http:\/\/www.spiegel.de\/politik\/deutschland\/joachim-herrmann-csu-minister-erklaert-den-wunderbarer-neger-roberto-blanco-satz-a-1050814.html\">&#8222;die N.-Wort&#8220; (&#8230;) \u00a0&#8222;nicht hierbleiben k\u00f6nnen&#8220;, <\/a>anders kommentiert h\u00e4tte, etwa mit:<\/p>\n<blockquote><p>&#8222;Roberto Blanco war immer ein wunderbarer Schwarzer, der den meisten Deutschen wunderbar gefallen hat&#8220;,<\/p><\/blockquote>\n<p>w\u00e4re es dann etwa weniger schlimm?<\/p>\n<p>Diese ganze Verniedlichung der Diskussion, die sich vorhersehbarerweise jetzt nat\u00fcrlich darum dreht, ob der Minister den S\u00e4nger nun beleidigt habe, oder nicht, sie zeigt vor allen Dingen eines: Wie schwierig es in Deutschland ist, angemessene Worte daf\u00fcr zu finden, was gerade passiert. Was da gerade passiert ist Rassismus.<\/p>\n<p>Und da ist es ganz egal, ob der Minister nun das N-Wort benutzt hat, oder nicht.\u00a0W\u00e4hrend einer Diskussion \u00fcber brennende Fl\u00fcchtlingsheime und die Ressentiments, die dazu f\u00fchren k\u00f6nnen, das Bild des guten, lustigen Schwarzen\u00a0zu bem\u00fchen (und nicht etwa auf die Idee zu kommen, dass die Hautfarbe f\u00fcr das Hierbleibend\u00fcrfen auch in Bayern einfach keine Kategorie mehr sein darf), das kann wohl nur dem Vertreter einer Partei passieren, die sich schon lange nicht mehr daf\u00fcr sch\u00e4mt, Minderheiten nur noch unter\u00a0dem Gesichtspunkt der Instrumentalisierbarkeit zu betrachten.<\/p>\n<p>Zwischen &#8222;wunderbaren&#8220;, also guten und schlechten Farbigen zu unterscheiden, wenn es um Fragen des Asylrechts und der menschenw\u00fcrdigen Aufnahme von Fremden in unser Land geht, das ist genauso sch\u00e4big, wie Schwule und Lesben als <a href=\"https:\/\/www.nollendorfblog.de\/?p=2519\">&#8222;schrille Minderheit&#8220;<\/a> abzutun als Argument daf\u00fcr, ihnen gleiche Rechte zu verweigern.<\/p>\n<p>Unser Land hat gerade ein gro\u00dfes Problem mit gruppenbezogener Menschenfeindlichkeit.\u00a0Es w\u00e4re sch\u00f6n, wenn die CSU endlich aufh\u00f6ren w\u00fcrde, ein Teil des Problems zu sein, und damit beginnen w\u00fcrde, ein Teil der L\u00f6sung zu werden.\u00a0\u2666<\/p>\n<p>&#8212;<\/p>\n<p><em>Mehr zum Thema in diesem Blog:<\/em><\/p>\n<p><span style=\"text-decoration: underline;\"><span style=\"color: #000000; text-decoration: underline;\"><em><a style=\"color: #000000; text-decoration: underline;\" title=\"Permalink to Die schmutzige Geschichte des Anti-Gleichstellungskampfes der CSU\" href=\"https:\/\/www.nollendorfblog.de\/?p=4545\" rel=\"bookmark\">Die schmutzige Geschichte des Anti-Gleichstellungskampfes der CSU<\/a><\/em><\/span><\/span><\/p>\n<p><span style=\"text-decoration: underline;\"><span style=\"color: #000000; text-decoration: underline;\"><em><a style=\"color: #000000; text-decoration: underline;\" title=\"Permalink to Die Homophobie der \u201eKonservativen\u201c gleicht der Logik des Antisemitismus\" href=\"https:\/\/www.nollendorfblog.de\/?p=1088\" rel=\"bookmark\">Die Homophobie der \u201eKonservativen\u201c gleicht der Logik des Antisemitismus<\/a><\/em><\/span><\/span><\/p>\n<header><\/header>\n<header><\/header>\n<header><\/header>\n<header><span style=\"text-decoration: underline;\"><span style=\"color: #000000; text-decoration: underline;\"><em><a style=\"color: #000000; text-decoration: underline;\" href=\"https:\/\/www.nollendorfblog.de\/?p=2519\">Konstruierte Provokation\u201c: Die WELT erkl\u00e4rt die Bedeutung der Diffamierung von Homosexuellen f\u00fcr den CSU-Wahlkampf<\/a><\/em><\/span><\/span><\/header>\n","protected":false},"excerpt":{"rendered":"<p>Zwischen &#8222;wunderbaren&#8220;, also guten und schlechten Farbigen zu unterscheiden, wenn es um Fragen des Asylrechts und der menschenw\u00fcrdigen Aufnahme von Fremden in unser Land geht, das ist genauso sch\u00e4big, wie Schwule und Lesben als &#8222;schrille Minderheit&#8220; abzutun, wenn man ihnen gleiche Rechte verwehren m\u00f6chte. <\/p>\n","protected":false},"author":1,"featured_media":4799,"comment_status":"open","ping_status":"open","sticky":false,"template":"","format":"standard","meta":{"footnotes":""},"categories":[161,74,1,112],"tags":[87],"class_list":["post-4785","post","type-post","status-publish","format-standard","has-post-thumbnail","hentry","category-161","category-medien","category-politik","category-rassismus","tag-cdu-csu"],"_links":{"self":[{"href":"https:\/\/www.nollendorfblog.de\/index.php?rest_route=\/wp\/v2\/posts\/4785","targetHints":{"allow":["GET"]}}],"collection":[{"href":"https:\/\/www.nollendorfblog.de\/index.php?rest_route=\/wp\/v2\/posts"}],"about":[{"href":"https:\/\/www.nollendorfblog.de\/index.php?rest_route=\/wp\/v2\/types\/post"}],"author":[{"embeddable":true,"href":"https:\/\/www.nollendorfblog.de\/index.php?rest_route=\/wp\/v2\/users\/1"}],"replies":[{"embeddable":true,"href":"https:\/\/www.nollendorfblog.de\/index.php?rest_route=%2Fwp%2Fv2%2Fcomments&post=4785"}],"version-history":[{"count":35,"href":"https:\/\/www.nollendorfblog.de\/index.php?rest_route=\/wp\/v2\/posts\/4785\/revisions"}],"predecessor-version":[{"id":11996,"href":"https:\/\/www.nollendorfblog.de\/index.php?rest_route=\/wp\/v2\/posts\/4785\/revisions\/11996"}],"wp:featuredmedia":[{"embeddable":true,"href":"https:\/\/www.nollendorfblog.de\/index.php?rest_route=\/wp\/v2\/media\/4799"}],"wp:attachment":[{"href":"https:\/\/www.nollendorfblog.de\/index.php?rest_route=%2Fwp%2Fv2%2Fmedia&parent=4785"}],"wp:term":[{"taxonomy":"category","embeddable":true,"href":"https:\/\/www.nollendorfblog.de\/index.php?rest_route=%2Fwp%2Fv2%2Fcategories&post=4785"},{"taxonomy":"post_tag","embeddable":true,"href":"https:\/\/www.nollendorfblog.de\/index.php?rest_route=%2Fwp%2Fv2%2Ftags&post=4785"}],"curies":[{"name":"wp","href":"https:\/\/api.w.org\/{rel}","templated":true}]}}