{"id":4830,"date":"2015-10-02T16:23:38","date_gmt":"2015-10-02T14:23:38","guid":{"rendered":"http:\/\/www.nollendorfblog.de\/?p=4830"},"modified":"2019-03-02T13:18:13","modified_gmt":"2019-03-02T11:18:13","slug":"gute-homos-boese-fluechtlinge","status":"publish","type":"post","link":"https:\/\/www.nollendorfblog.de\/?p=4830","title":{"rendered":"Gute Homos, b\u00f6se Fl\u00fcchtlinge"},"content":{"rendered":"<p>Wenn in diesen Tagen etwas f\u00fcr Homosexuelle gesagt wird, dann oft, um\u00a0 etwas gegen Fl\u00fcchtlinge zu sagen. Aber nat\u00fcrlich nicht so direkt.<\/p>\n<p>So wie ZEIT-Kolumnist Harald Martenstein.<\/p>\n<p>Er<a href=\"http:\/\/www.tagesspiegel.de\/politik\/martenstein-ueber-fluechtlinge-die-deutschen-muessen-selbstbewusst-autoritaer-und-hart-sein\/12373850.html\"> ist der Meinung<\/a>, die Deutschen m\u00fcssten zu den Zuwanderern sagen:<\/p>\n<blockquote><p>\u201eDas sind wir. Das ist unsere Lebensweise. Ihr m\u00fcsst sie akzeptieren, nur dann d\u00fcrft ihr bleiben.\u00a0 Ihr m\u00fcsst eure Kultur nicht aufgeben, das nicht. Aber ihr m\u00fcsst die Gleichberechtigung der Frau akzeptieren, ihr m\u00fcsst lernen, dass Homosexuelle und Juden Menschen sind wie ihr, ihr m\u00fcsst Spott und Satire aushalten, sogar, was eure Religion betrifft. Kinder haben Rechte. Das Gesetz steht \u00fcber der Familiensolidarit\u00e4t. Solltet ihr diese Regeln nicht akzeptieren, habt ihr hier keine Zukunft.\u201c<\/p><\/blockquote>\n<p>Fast m\u00f6chte man ihm glauben, dass es ihm wirklich um Frauen, Juden, Kinder und ja, Homosexuelle ginge. Doch nicht nur die Treffsicherheit, mit der Martenstein \u00fcber das Ziel hinausschiesst &#8230;<\/p>\n<blockquote><p>&#8222;Was ihr zu Hause \u00fcber Richtig und Falsch gelernt habt, m\u00fcsst ihr vergessen.&#8220;<\/p><\/blockquote>\n<p>&#8230; l\u00e4sst erahnen, dass es Martenstein nicht um Integration geht, sondern um Zurechtweisung.<\/p>\n<p>Gegen\u00fcber den Zuwanderern m\u00fcssten die Deutschen, so Martenstein<\/p>\n<blockquote><p>&#8220; &#8230;\u00a0 selbstbewusst, autorit\u00e4r und auch hart sein.&#8220;<\/p><\/blockquote>\n<p>Selbstbewusst, klar. Und warum nicht auch konsequent und fordernd? Aber autorit\u00e4r und hart? Wichtiger als das Ziel eines friedlichen und respektvollen Miteinanders scheint ihm die H\u00e4rte zu sein, mit dem dieses erreicht werden muss. Es geht Martenstein nicht darum, wie man Fl\u00fcchtlingen begegnet, um ihnen den Weg in unsere Gesellschaft zu erleichtern. Es geht ihm darum, dass es ein autorit\u00e4rer Weg sein muss.<\/p>\n<p>Nat\u00fcrlich wird es nicht einfach werden, so viele Menschen mit unterschiedlicher kultureller Bindung in unsere Gesellschaft zu integrieren. Aber wer das wirklich will, der darf Fl\u00fcchtlinge nicht bevormunden, sie nicht zu einer homogenen Gruppe erkl\u00e4ren, und erst recht nicht zu einer, die aus einem falschen Leben kommt. Wer das wirklich will, der darf sich nicht an eine Gruppe wenden, sondern an einzelne Menschen, der muss alles daf\u00fcr tun, dass diese Menschen m\u00f6glichst viel dar\u00fcber lernen k\u00f6nnen, was uns an Gleichberechtigung, Vielfalt und selbstbestimmtem Leben wichtig ist.<\/p>\n<p>Ja, wer das wirklich will, muss jetzt mit aller H\u00e4rte nicht gegen Fl\u00fcchtlinge k\u00e4mpfen, sondern daf\u00fcr, dass in den Schulen aller Bundesl\u00e4nder sexuelle Vielfalt, die Akzeptanz von Minderheiten selbstverst\u00e4ndlicher Teil des Unterrichts ist.<\/p>\n<p>Doch dazu ist von Martenstein nichts zu h\u00f6ren. Seine Agenda ist <a href=\"http:\/\/www.stefan-niggemeier.de\/blog\/15334\/harald-martenstein-sieht-sich-als-opfer-der-opfer\/\">das Gegenteil<\/a>, nur wenige deutsche Autoren streiten leidenschaftlicher f\u00fcr das Betonieren von Geschlechterdifferenzen wie Martenstein.<\/p>\n<p>Menschen, die sich im Zurechtweisen von Fl\u00fcchtlingen gefallen, denen gef\u00e4llt in der Regel auch das Zurechtweisen anderer Minderheiten und gesellschaftlichen Gruppen. Solchen Menschen geht es weder um Fl\u00fcchtlinge, Frauen, Homosexuelle oder sonstwen. Es geht ihnen um das Zurechtweisen an sich. \u2666<\/p>\n","protected":false},"excerpt":{"rendered":"<p> Menschen, die sich im Zurechtweisen von Fl\u00fcchtlingen gefallen, denen gef\u00e4llt in der Regel auch das Zurechtweisen anderer Minderheiten und gesellschaftlichen Gruppen. Solchen Menschen geht es weder um Fl\u00fcchtlinge, Frauen, Homosexuelle oder sonstwen. Es geht ihnen um das Zurechtweisen an sich. <\/p>\n","protected":false},"author":1,"featured_media":2839,"comment_status":"open","ping_status":"open","sticky":false,"template":"","format":"standard","meta":{"footnotes":""},"categories":[161,173,74,1,166],"tags":[16],"class_list":["post-4830","post","type-post","status-publish","format-standard","has-post-thumbnail","hentry","category-161","category-das-wichigste-aus-zehn-jahren","category-medien","category-politik","category-print","tag-harald-martenstein"],"_links":{"self":[{"href":"https:\/\/www.nollendorfblog.de\/index.php?rest_route=\/wp\/v2\/posts\/4830","targetHints":{"allow":["GET"]}}],"collection":[{"href":"https:\/\/www.nollendorfblog.de\/index.php?rest_route=\/wp\/v2\/posts"}],"about":[{"href":"https:\/\/www.nollendorfblog.de\/index.php?rest_route=\/wp\/v2\/types\/post"}],"author":[{"embeddable":true,"href":"https:\/\/www.nollendorfblog.de\/index.php?rest_route=\/wp\/v2\/users\/1"}],"replies":[{"embeddable":true,"href":"https:\/\/www.nollendorfblog.de\/index.php?rest_route=%2Fwp%2Fv2%2Fcomments&post=4830"}],"version-history":[{"count":32,"href":"https:\/\/www.nollendorfblog.de\/index.php?rest_route=\/wp\/v2\/posts\/4830\/revisions"}],"predecessor-version":[{"id":5764,"href":"https:\/\/www.nollendorfblog.de\/index.php?rest_route=\/wp\/v2\/posts\/4830\/revisions\/5764"}],"wp:featuredmedia":[{"embeddable":true,"href":"https:\/\/www.nollendorfblog.de\/index.php?rest_route=\/wp\/v2\/media\/2839"}],"wp:attachment":[{"href":"https:\/\/www.nollendorfblog.de\/index.php?rest_route=%2Fwp%2Fv2%2Fmedia&parent=4830"}],"wp:term":[{"taxonomy":"category","embeddable":true,"href":"https:\/\/www.nollendorfblog.de\/index.php?rest_route=%2Fwp%2Fv2%2Fcategories&post=4830"},{"taxonomy":"post_tag","embeddable":true,"href":"https:\/\/www.nollendorfblog.de\/index.php?rest_route=%2Fwp%2Fv2%2Ftags&post=4830"}],"curies":[{"name":"wp","href":"https:\/\/api.w.org\/{rel}","templated":true}]}}