{"id":4981,"date":"2015-10-27T17:28:49","date_gmt":"2015-10-27T15:28:49","guid":{"rendered":"http:\/\/www.nollendorfblog.de\/?p=4981"},"modified":"2019-03-02T11:50:18","modified_gmt":"2019-03-02T09:50:18","slug":"4981","status":"publish","type":"post","link":"https:\/\/www.nollendorfblog.de\/?p=4981","title":{"rendered":"&#8222;Was entgegene ich einem Argument, das schon tot ist?&#8220;  &#8211; Falk Richters &#8222;Fear&#8220; an der Berliner Schaub\u00fchne"},"content":{"rendered":"<blockquote><p><em>&#8222;was entgegne ich einem argument, das bereits tot ist, wie rede ich mit einem menschen, der nicht zug\u00e4nglich ist f\u00fcr rationale gedanken, wie schaffe ich etwas aus der welt, das bereits tot ist, aber wieder auferstanden ist, wie schaffe ich das?&#8220;<\/em><\/p>\n<p style=\"text-align: right;\"><em>Aus: &#8222;Fear&#8220; von Falk Richter, Schaub\u00fchne Berlin<br \/>\n<\/em><\/p>\n<\/blockquote>\n<p>Ja, man muss dar\u00fcber reden. Man muss sich damit auseinandersetzen. Man muss die \u00c4ngste dieser Menschen ernst nehmen, darf diese Menschen nicht ausgrenzen, muss versuchen, sich in sie hineinzuversetzen. Man muss argumentieren, aufkl\u00e4ren, Fakten pr\u00e4sentieren, muss versuchen die Dinge in Relation zu setzen.<\/p>\n<p>&nbsp;<\/p>\n<figure id=\"attachment_4976\" aria-describedby=\"caption-attachment-4976\" style=\"width: 356px\" class=\"wp-caption alignleft\"><img loading=\"lazy\" decoding=\"async\" class=\"size-full wp-image-4976\" src=\"https:\/\/www.nollendorfblog.de\/wp-content\/uploads\/2015\/10\/1445612161_fear-9052.jpg\" alt=\"Foto: Arno Declair\" width=\"366\" height=\"550\" srcset=\"https:\/\/www.nollendorfblog.de\/wp-content\/uploads\/2015\/10\/1445612161_fear-9052.jpg 366w, https:\/\/www.nollendorfblog.de\/wp-content\/uploads\/2015\/10\/1445612161_fear-9052-200x300.jpg 200w\" sizes=\"auto, (max-width: 366px) 100vw, 366px\" \/><figcaption id=\"caption-attachment-4976\" class=\"wp-caption-text\">Foto: Arno Declair<\/figcaption><\/figure>\n<p>Wir alle tun das. Wir sind die anderen. Wir reden, wir h\u00f6ren zu. Wir versuchen, zu \u00fcberzeugen. Immer wieder. Auch wenn es weh tut.<\/p>\n<p>Aber irgendwann ist auch mal Schuss.<\/p>\n<p>Irgendwann k\u00f6nnen und wollen wir sie nicht mehr aushalten. Diese Dummheit, diese Ignoranz, diesen Hass. Irgendwann wollen wir raus aus dieser Endlostalkshow, dem ritualisierten R\u00fccksichtnehmen auf die Sorgen der Besorgten, die\u00a0 man ja mitnehmen muss in einer Gesellschaft. Irgendwann wollen wir sie einfach liegen lassen. Einfach zur\u00fcckbr\u00fcllen. Ihnen zurufen: Ihr habt einfach nicht recht! Es gibt keine Bildungspl\u00e4ne, die Eure Kinder fr\u00fchsexualisieren wollen! Homosexualit\u00e4t ist nicht ansteckend!<\/p>\n<p>In &#8222;Fear&#8220;,\u00a0 Falk Richters neuem Theaterst\u00fcck passiert das. Es wird zur\u00fcckgebr\u00fcllt. Nicht nur, aber auch. Nat\u00fcrlich gibt es auch das andere, das Dokumentarische, Analytische: Wie schon &#8222;Small Town Boy&#8220; ist &#8222;Fear&#8220; auch eine Stoffsammlung der Echtzeit. Akif Pirin\u00e7ci, Frauke Petry, Beatrix von Storch, Gabriele Kuby: Richter l\u00e4sst sie sie alle antanzen, die neuen &#8222;Untoten&#8220;, zeigt, wie sehr sich der Fremden- und Fl\u00fcchtlingshass verbindet mit Antifeminismus, Homophobie und dem Kampf gegen neue Familienmodelle.<\/p>\n<p>Richter f\u00fchrt diese Leute vor, vor allem, weil er sie selbst zu Wort kommen l\u00e4sst. Aber er bel\u00e4sst es nicht dabei, sie zu demaskieren, nat\u00fcrlich nicht, das w\u00e4re ja auch albern, Richter wei\u00df, dass er in der Schaub\u00fchne niemand \u00fcberzeugen muss. Doch anders als G\u00fcnther Jauch l\u00e4sst sie er sie nicht so einfach davonlaufen. Er h\u00e4lt sie fest, legt sie unter ein Vergr\u00f6\u00dferungsglas. Er zwingt uns, uns ihre ganze H\u00e4sslichkeit anzuschauen, die Gef\u00e4hrlichkeit ihrer Hetze. Nicht nur im \u00fcbertragenen Sinn, sondern auch ganz in Echt werden Eva Herrmann und Horst Seehofer zu den Monstern, die sie sind.<\/p>\n<p>Das ist einfach, das ist plakativ. Das bedient unseren Gutmenschenreflex, einen Reflex, den Richter nat\u00fcrlich gleichzeitig wieder karikiert, aber doch auch wieder stehen l\u00e4sst. Wir sind ja wirklich die anderen: Keine besseren Menschen, vielleicht nicht mal gut. Aber zumindest welche, die keine Fremden anp\u00f6beln und <a href=\"http:\/\/www.queer.de\/detail.php?article_id=24800\">Schwule daf\u00fcr beklatschen<\/a>, dass sie nicht schwul sein wollen.<\/p>\n<p>Der wahre Selbstvergewisserungstrip des St\u00fcck besteht nicht darin, sich besser f\u00fchlen zu d\u00fcrfen, es besser zu wissen. Sondern aus dem Gegenteil. Es gibt kein Gegenargument zu einem Argument, das schon tot ist. Der Kampf gegen Untote ist nicht fair. Wir m\u00fcssen ihn trotzdem f\u00fchren. Leute, geht in dieses St\u00fcck!\u2666<\/p>\n<p><span style=\"color: #000000;\"><em>&#8212;<\/em><\/span><\/p>\n<p><span style=\"color: #000000;\"><em>&#8222;Fear&#8220;, ein St\u00fcck von Falk Richter, wurde am 25. Oktober 2015 an der Berliner Schaub\u00fchne uraufgef\u00fchrt.<\/em><\/span><\/p>\n<p><span style=\"text-decoration: underline;\"><span style=\"color: #000000;\"><em><a style=\"color: #000000; text-decoration: underline;\" href=\"https:\/\/www.schaubuehne.de\/de\/produktionen\/fear.html\/m=319\">Hier alle weiteren Termine.<\/a><\/em><\/span><\/span><\/p>\n<p><span style=\"color: #000000;\"><em>Nollendorfblog zu Falk Richters St\u00fcck<span style=\"text-decoration: underline;\">\u00a0 <\/span><a style=\"color: #000000;\" href=\"https:\/\/www.nollendorfblog.de\/?p=4193\"><span style=\"text-decoration: underline;\">&#8222;Small Town Boy&#8220;.<\/span> <\/a><\/em><\/span><\/p>\n<p><span style=\"color: #000000;\">&#8212;&#8211;<\/span><\/p>\n<p><span style=\"color: #000000;\"><em>Weitere Blogbeitr\u00e4ge zum Thema:<\/em><\/span><\/p>\n<header id=\"masthead\"><\/header>\n<div id=\"main\">\n<section id=\"primary\">\n<div id=\"content\">\n<article id=\"post-4545\">\n<header><span style=\"color: #000000;\"><em><a style=\"color: #000000;\" title=\"Permalink to Die schmutzige Geschichte des Anti-Gleichstellungskampfes der CSU\" href=\"https:\/\/www.nollendorfblog.de\/?p=4545\" rel=\"bookmark\">Die schmutzige Geschichte des Anti-Gleichstellungskampfes der CSU<\/a><\/em><\/span><\/p>\n<header id=\"masthead\"><\/header>\n<div id=\"main\">\n<section id=\"primary\">\n<div id=\"content\">\n<article id=\"post-3532\">\n<header><span style=\"color: #000000;\"><em><a style=\"color: #000000;\" title=\"Permalink to Statt \u201eWetten Dass..?\u201c: BamS macht Frauen- und Homohasser Pirin\u00e7ci zum Genie\" href=\"https:\/\/www.nollendorfblog.de\/?p=3532\" rel=\"bookmark\">Statt \u201eWetten Dass..?\u201c: BamS macht Frauen- und Homohasser Pirin\u00e7ci zum Genie<\/a><\/em><\/span><\/p>\n<header id=\"masthead\"><\/header>\n<div id=\"main\">\n<section id=\"primary\">\n<div id=\"content\">\n<article id=\"post-4299\">\n<header><span style=\"color: #000000;\"><em><a style=\"color: #000000;\" title=\"Permalink to Live-Blog aus Dresden zum Nachlesen: Demo \u201ebesorgte Eltern\u201c contra \u201eVielfalt\u201c\" href=\"https:\/\/www.nollendorfblog.de\/?p=4299\" rel=\"bookmark\">Live-Blog aus Dresden zum Nachlesen: Demo \u201ebesorgte Eltern\u201c contra \u201eVielfalt\u201c<\/a><\/em><\/span><\/header>\n<\/article>\n<\/div>\n<\/section>\n<\/div>\n<\/header>\n<\/article>\n<\/div>\n<\/section>\n<\/div>\n<\/header>\n<\/article>\n<\/div>\n<\/section>\n<\/div>\n","protected":false},"excerpt":{"rendered":"<p>Es ist Zeit, mal wieder ins Theater zu gehen. in &#8222;Fear&#8220; zeigt Falk Richter (&#8222;Small Town Boy&#8220;) Eva Herrmann, Horst Seehofer, Akif Pirin\u00e7ci, Gabriele Kuby &#038; Co. als die Monster, die sie sind. Jetzt in der Berliner Schaub\u00fchne<\/p>\n","protected":false},"author":1,"featured_media":5035,"comment_status":"open","ping_status":"open","sticky":false,"template":"","format":"standard","meta":{"footnotes":""},"categories":[161,79,98,3,1],"tags":[99,97,106],"class_list":["post-4981","post","type-post","status-publish","format-standard","has-post-thumbnail","hentry","category-161","category-die-neue-homophobie","category-film-theater","category-berlin","category-politik","tag-afd","tag-akif-pirincci","tag-besorgte-buerger"],"_links":{"self":[{"href":"https:\/\/www.nollendorfblog.de\/index.php?rest_route=\/wp\/v2\/posts\/4981","targetHints":{"allow":["GET"]}}],"collection":[{"href":"https:\/\/www.nollendorfblog.de\/index.php?rest_route=\/wp\/v2\/posts"}],"about":[{"href":"https:\/\/www.nollendorfblog.de\/index.php?rest_route=\/wp\/v2\/types\/post"}],"author":[{"embeddable":true,"href":"https:\/\/www.nollendorfblog.de\/index.php?rest_route=\/wp\/v2\/users\/1"}],"replies":[{"embeddable":true,"href":"https:\/\/www.nollendorfblog.de\/index.php?rest_route=%2Fwp%2Fv2%2Fcomments&post=4981"}],"version-history":[{"count":64,"href":"https:\/\/www.nollendorfblog.de\/index.php?rest_route=\/wp\/v2\/posts\/4981\/revisions"}],"predecessor-version":[{"id":6134,"href":"https:\/\/www.nollendorfblog.de\/index.php?rest_route=\/wp\/v2\/posts\/4981\/revisions\/6134"}],"wp:featuredmedia":[{"embeddable":true,"href":"https:\/\/www.nollendorfblog.de\/index.php?rest_route=\/wp\/v2\/media\/5035"}],"wp:attachment":[{"href":"https:\/\/www.nollendorfblog.de\/index.php?rest_route=%2Fwp%2Fv2%2Fmedia&parent=4981"}],"wp:term":[{"taxonomy":"category","embeddable":true,"href":"https:\/\/www.nollendorfblog.de\/index.php?rest_route=%2Fwp%2Fv2%2Fcategories&post=4981"},{"taxonomy":"post_tag","embeddable":true,"href":"https:\/\/www.nollendorfblog.de\/index.php?rest_route=%2Fwp%2Fv2%2Ftags&post=4981"}],"curies":[{"name":"wp","href":"https:\/\/api.w.org\/{rel}","templated":true}]}}