{"id":5082,"date":"2015-11-11T19:32:45","date_gmt":"2015-11-11T17:32:45","guid":{"rendered":"http:\/\/www.nollendorfblog.de\/?p=5082"},"modified":"2019-03-02T12:19:15","modified_gmt":"2019-03-02T10:19:15","slug":"focus-uebt-sich-als-handlanger-von-afd-und-demo-fuer-alle-2","status":"publish","type":"post","link":"https:\/\/www.nollendorfblog.de\/?p=5082","title":{"rendered":"\u201eFocus\u201c \u00fcbt sich als Handlanger von AfD und \u201eDemo f\u00fcr alle\u201c"},"content":{"rendered":"<p>Am 25. Oktober hatte das St\u00fcck &#8222;Fear&#8220; an der Berliner Schaub\u00fchne Premiere, in dem u.a. die AfD Europaabgeordnete und <a href=\"http:\/\/www.queer.de\/detail.php?article_id=23451\">&#8222;Demo f\u00fcr Alle&#8220;<\/a>-Organisatorin Beatrix von Storch, na ja,\u00a0 nicht besonders gut weg kam (SPIEGEL:<em>&#8222;Die Parteifunktion\u00e4rin Beatrix von Storch erscheint auf der B\u00fchne, erst im Bild mit zerrauftem Haar in Mikrofone geifernd, dann als leibhaftige Figur in woll\u00fcstiger Umarmung mit dem Geist ihres Nazi-Gro\u00dfvaters&#8220;<\/em>). In der gleichen Nacht wurde das Auto von Frau von Storch angez\u00fcndet.<\/p>\n<p>Vieles spricht daf\u00fcr, dass es sich dabei um einen gezielten Brandanschlag handelt. Sehr wenig bis gar nichts spricht daf\u00fcr, dass der Vorfall\u00a0 eine unmittelbare Folge der Theaterpremiere ist. Denn w\u00e4re dem so (ganz abgesehen davon, dass &#8222;Fear&#8220; weder direkt noch indirekt zu Gewalt aufgerufen wird), dann m\u00fcsste es nur noch Theater geben. Nicht, weil man damit Menschen dazu verleiten kann, Autos anzuz\u00fcnden (was, f\u00fcrs Protokoll, nat\u00fcrlich nie, nie nie eine Option sein darf). Sondern, weil es ja dann m\u00f6glich w\u00e4re, ganz generell Menschen innerhalb nur eines Abends zu Handlungen zu bewegen, die sie vorher weder gedacht noch geplant hatten. Im Schlechten wie im Guten. Wenn Theater wirklich diese Macht h\u00e4tte, dann br\u00e4uchte es, nur mal so als Beispiel,\u00a0 einfach nur mehr gutes Theater in Sachsen, und wir m\u00fcssten die dortigen Fl\u00fcchtlingsheime nicht von der Polizei sch\u00fctzen lassen.<\/p>\n<p>In Falk Richters St\u00fcck wird eine Verbindung zwischen der politischen Hetz-Agenda rechtspopulistischer Kr\u00e4fte wie Pegida, AfD und der &#8222;Demo f\u00fcr alle&#8220; und nationalsozialistischem Gedankengut hergestellt. Dass dies nicht im Sinne der neuen Rechten, insbesondere der AfD ist, erkl\u00e4rt der SPIEGEL so:<\/p>\n<blockquote>\n<p class=\"item-paragraph\"><em>&#8222;Auf keinen Fall m\u00f6chte die Parteispitze, dass sich das Image der AfD als Handlanger rechter Hetzer verfestigt. Nur m\u00fchsam konnte sich die Partei im Sommer wieder fangen, nachdem sie sich in heftigen Personalkabalen zerlegt hatte. Nun liegen die Umfragewerte wieder bei acht Prozent bundesweit \u2013 vor allem wegen der Fl\u00fcchtlingskrise. \u2329Frauke\u232a Petry glaubt, dass sich die Zahlen nur halten lassen, wenn die Partei nicht als Wiederg\u00e4nger der NPD auftritt. Sie setzt alles daran, die AfD als gem\u00e4\u00dfigte Kraft zu etablieren (&#8230;)&#8220;<\/em><\/p>\n<\/blockquote>\n<p class=\"item-paragraph\">&#8222;Fear&#8220; tut also genau das, was im derzeitigen Interesse der AfD gerade nicht passieren soll. Darin liegt die eigentliche Macht dieses St\u00fccks. Theoretisch verst\u00e4ndlich also, dass die AfD-Spitze davon tr\u00e4umt, den &#8222;Fear&#8220;-Machern ein brennendes Auto unterjubeln zu k\u00f6nnen, mit dem sich die Aufkl\u00e4rer der Hetze selbst als Hetzer brandmarken liessen. Dass sich aber ein Nachrichtenmagazin ganz praktisch daf\u00fcr hergibt, aus einem temporalen einen kausalen Zusammenhang zu machen, ist schon beachtlich:<\/p>\n<p class=\"item-paragraph\"><em>&#8222;Anschl\u00e4ge nach Schaub\u00fchnen-Hetzst\u00fcck&#8220;<\/em> titelt der FOCUS und schreibt noch ein weiteres Auto auf die Rechnung der Theatermacher. (Einige Tage nach der Schaub\u00fchne-Premiere brannte in\u00a0 Magdeburg das Auto der &#8222;Demo-f\u00fcr alle&#8220;-Frontfrau Hedwig von Beverfoerde, im Internet gab es einen anonymen Bekenner-Post, jedoch ohne einen Bezug zum Theaterst\u00fcck).<\/p>\n<p class=\"item-paragraph\">Seinen Lesern stellt das Magazin Frau Beverfoerde als eine Frau vor, die &#8222;sich gegen Genderideologie im Unterricht wendet&#8220;.\u00a0 Genderideologie ohne Anf\u00fchrungszeichen. Die Aufkl\u00e4rung zur sexuellen Vielfalt Ideologie zu nennen, geh\u00f6rt zum Best Of der Kampfprogaganda der neuen Rechten. Der FOCUS bem\u00fcht sich gar nicht erst, seine Unterst\u00fczung f\u00fcr deren Agenda zu verschleiern.<\/p>\n<p class=\"item-paragraph\">Auch das ist ein Erfolg von &#8222;Fear&#8220;. \u2666<\/p>\n<p class=\"item-paragraph\">&#8212;-<\/p>\n<p class=\"item-paragraph\"><span style=\"text-decoration: underline;\"><span style=\"color: #000000; text-decoration: underline;\"><em><a style=\"color: #000000; text-decoration: underline;\" href=\"https:\/\/www.nollendorfblog.de\/?p=4981\">Hier geht es zur Premierenbesprechung des Nollendorfblogs von &#8222;Fear&#8220;<\/a> <\/em><\/span><\/span><\/p>\n<p class=\"item-paragraph\"><span style=\"color: #000000;\"><em>&#8212;<\/em><\/span><\/p>\n<p class=\"item-paragraph\"><span style=\"color: #000000;\"><em>\u00a0Weitere externe Informationen zum Thema:<\/em><\/span><\/p>\n<p><span style=\"text-decoration: underline;\"><span style=\"color: #000000; text-decoration: underline;\"><em><a style=\"color: #000000; text-decoration: underline;\" href=\"http:\/\/www.queer.de\/detail.php?article_id=24996\">queer.de: AfD pr\u00fcft Klage gegen Theaterst\u00fcck &#8222;Fear&#8220;<\/a><\/em><\/span><\/span><\/p>\n<p><span style=\"text-decoration: underline;\"><span style=\"color: #000000; text-decoration: underline;\"><em><a style=\"color: #000000; text-decoration: underline;\" href=\"http:\/\/www.kulturrat.de\/detail.php?detail=3308&amp;rubrik=2\">Deutscher Kulturrat: &#8222;Fear&#8220; darf nicht abgesetzt werden<\/a><\/em><\/span><\/span><\/p>\n<p class=\"post-title offset-by-one \"><span style=\"text-decoration: underline;\"><span style=\"color: #000000; text-decoration: underline;\"><em><a style=\"color: #000000; text-decoration: underline;\" title=\"Permanent Link: Stoff f\u00fcr Fremdenfeinde: die erfolgreiche Social-Media-Strategie von \u201eFocus Online\u201c\" href=\"http:\/\/www.stefan-niggemeier.de\/blog\/22234\/stoff-fuer-fremdenfeinde-die-erfolgreiche-social-media-strategie-von-focus-online\/\" rel=\"bookmark\">Stefan Niggemeier: Stoff f\u00fcr Fremdenfeinde: die erfolgreiche Social-Media-Strategie von &#8218;Focus Online&#8216;<\/a><\/em><\/span><\/span><\/p>\n<p class=\"post-title offset-by-one \"><span style=\"color: #000000;\"><em>&#8212;<\/em><\/span><\/p>\n<p class=\"post-title offset-by-one \"><span style=\"color: #000000;\"><em>Aus dem Blog-Archiv:<\/em><\/span><\/p>\n<p class=\"post-title offset-by-one \"><span style=\"text-decoration: underline;\"><span style=\"color: #000000; text-decoration: underline;\"><em><a style=\"color: #000000; text-decoration: underline;\" title=\"Permalink to Helmut Markworts Kosmos\" href=\"https:\/\/www.nollendorfblog.de\/?p=679\" rel=\"bookmark\">Helmut Markworts Kosmos<\/a><\/em><\/span><\/span><\/p>\n<p class=\"post-title offset-by-one \"><span style=\"text-decoration: underline;\"><span style=\"color: #000000; text-decoration: underline;\"><em><a style=\"color: #000000; text-decoration: underline;\" href=\"https:\/\/www.nollendorfblog.de\/?p=3713\">Broder\/Anda\/Matussek: Wenn alte M\u00e4nner \u201eM\u00fcssen\u201c m\u00fcssen<\/a><\/em><\/span><\/span><\/p>\n<header id=\"masthead\" class=\"site-header\"><\/header>\n<header id=\"masthead\" class=\"site-header\"><\/header>\n","protected":false},"excerpt":{"rendered":"<p>Das Theaterst\u00fcck &#8222;Fear&#8220; tut genau das, was im derzeitigen Interesse der AfD gerade nicht passieren soll. Darin liegt die eigentliche Macht dieses St\u00fccks. Der FOCUS versucht erst gar nicht,  seine Unterst\u00fczung f\u00fcr die Agenda der neuen Rechten zu verschleiern. <\/p>\n","protected":false},"author":1,"featured_media":5022,"comment_status":"open","ping_status":"open","sticky":false,"template":"","format":"standard","meta":{"footnotes":""},"categories":[161,79,98,74,1,166],"tags":[99,106,100],"class_list":["post-5082","post","type-post","status-publish","format-standard","has-post-thumbnail","hentry","category-161","category-die-neue-homophobie","category-film-theater","category-medien","category-politik","category-print","tag-afd","tag-besorgte-buerger","tag-focus"],"_links":{"self":[{"href":"https:\/\/www.nollendorfblog.de\/index.php?rest_route=\/wp\/v2\/posts\/5082","targetHints":{"allow":["GET"]}}],"collection":[{"href":"https:\/\/www.nollendorfblog.de\/index.php?rest_route=\/wp\/v2\/posts"}],"about":[{"href":"https:\/\/www.nollendorfblog.de\/index.php?rest_route=\/wp\/v2\/types\/post"}],"author":[{"embeddable":true,"href":"https:\/\/www.nollendorfblog.de\/index.php?rest_route=\/wp\/v2\/users\/1"}],"replies":[{"embeddable":true,"href":"https:\/\/www.nollendorfblog.de\/index.php?rest_route=%2Fwp%2Fv2%2Fcomments&post=5082"}],"version-history":[{"count":20,"href":"https:\/\/www.nollendorfblog.de\/index.php?rest_route=\/wp\/v2\/posts\/5082\/revisions"}],"predecessor-version":[{"id":5709,"href":"https:\/\/www.nollendorfblog.de\/index.php?rest_route=\/wp\/v2\/posts\/5082\/revisions\/5709"}],"wp:featuredmedia":[{"embeddable":true,"href":"https:\/\/www.nollendorfblog.de\/index.php?rest_route=\/wp\/v2\/media\/5022"}],"wp:attachment":[{"href":"https:\/\/www.nollendorfblog.de\/index.php?rest_route=%2Fwp%2Fv2%2Fmedia&parent=5082"}],"wp:term":[{"taxonomy":"category","embeddable":true,"href":"https:\/\/www.nollendorfblog.de\/index.php?rest_route=%2Fwp%2Fv2%2Fcategories&post=5082"},{"taxonomy":"post_tag","embeddable":true,"href":"https:\/\/www.nollendorfblog.de\/index.php?rest_route=%2Fwp%2Fv2%2Ftags&post=5082"}],"curies":[{"name":"wp","href":"https:\/\/api.w.org\/{rel}","templated":true}]}}