{"id":5099,"date":"2015-11-17T23:43:50","date_gmt":"2015-11-17T21:43:50","guid":{"rendered":"http:\/\/www.nollendorfblog.de\/?p=5099"},"modified":"2019-03-02T13:18:13","modified_gmt":"2019-03-02T11:18:13","slug":"der-matussek-pirincci-effekt-wer-homo-hasser-fuettert-dem-fallen-sie-als-fluechtlingshetzer-auf-den-kopf","status":"publish","type":"post","link":"https:\/\/www.nollendorfblog.de\/?p=5099","title":{"rendered":"Der Matussek-Pirin\u00e7ci-Effekt: Wer Homo-Hasser f\u00fcttert, dem fallen sie als Fl\u00fcchtlingshetzer auf den Kopf"},"content":{"rendered":"<p>Nach der Terror-Nacht von Paris hatte Jan B\u00f6hmermann auf seiner Facebook-Seite 100 &#8222;Fragen und keine Antworten&#8220; zu den Ursachen, Hintergr\u00fcnden und Begleiterscheinungen der Attacken gepostet.\u00a0 \u00dcber 100.000 mal ist <a href=\"https:\/\/www.facebook.com\/jboehmermann\/posts\/1075651622467360\">dieser Post<\/a> bereits geteilt worden. Die erste Frage lautete &#8222;Warum?&#8220;, die zweite &#8222;Warum hat das niemand verhindert? Etwas sp\u00e4ter, Frage 17 dann:<\/p>\n<p>&#8222;Ist nach gestern endlich legal, Matthias Matussek ein dummes Arschloch zu nennen?&#8220;<\/p>\n<p>Matthias Matussek, ehemaliger SPIEGEL-Kulturchef,\u00a0 ist vor wenigen Stunden als Autor bei der WELT <a href=\"http:\/\/meedia.de\/2015\/11\/17\/durchgeknalltes-arschloch-die-welt-trennt-sich-mit-sofortiger-wirkung-von-autor-matussek\/\">rausgeschmissen worden<\/a>. Anlass des Krachs mit seinem Chefredakteur (und f\u00fcr die Aufnahme in B\u00f6hmermannsche Fragenliste)\u00a0 war sein eigenes Facebook-Posting am Tag nach den Anschl\u00e4gen:<\/p>\n<p>\u201eIch sch\u00e4tze mal, der Terror von Paris wird auch unsere Debatten \u00fcber offene Grenzen und eine Viertelmillion unregistrierter junger islamischer M\u00e4nner im Lande in eine ganz neue frische Richtung bewegen..\u201c<\/p>\n<p>An das Ende des Beitrags hatte er ein neckisches Smiley gesetzt. Der WELT-Chefredakteur hatte seinen Autor daraufhin auf Twitter\u00a0 als &#8222;durchgeknallt&#8220; bezeichnet. Jetzt, zwei Tage sp\u00e4ter, folgt nach einem Eklat auf einer Redaktionskonferenz die Best\u00e4tigung f\u00fcr das, was branchenintern seit dem Tweet des WELT-Chefs als sicher galt: Die einstige Edelfeder Matussek l\u00e4uft nun selbst bei Springer unter Schmutzfink. Er hat verschissen. Und wie!<\/p>\n<p>Ein einziger Skandalsatz als Ausl\u00f6ser. Ein atemberaubend kurzer, und auch deshalb so spektakul\u00e4rer Sturzflug from Hero to Zero. Und das alles auf \u00f6ffentlicher B\u00fchne vor den bet\u00f6rendnen Kulissen des Fl\u00fcchtlingsdramas. Eine beispiellose Geschichte. Wenn, ja wenn nicht genau das vor genau drei Wochen schon einmal passiert w\u00e4re. Ja, genau. Die Sache mit Pirin\u00e7ci.<\/p>\n<p>Es ist schon erstaunlich, wie sehr sich die Schei\u00dfe gleicht, unter der sich Matthias Matussek und Akif Pirin\u00e7ci begraben haben. Noch erstaunlicher ist es aber, dass es so weit kommen konnte. Im Sinne von: Dass sie so weit kommen konnten. Dass sie bis zur gr\u00f6\u00dftm\u00f6glichen medialen \u00c4chtung zwar als &#8222;pointierte&#8220;, aber im Medienmainstream akzeptable Debattierer durchgegangen sind.<\/p>\n<p>Es ist n\u00e4mlich nicht so, dass sie sich in den letzten Wochen besonders radikalisiert h\u00e4tten. Nein,\u00a0 &#8222;Piritussek&#8220; betreiben beide seit ca. zwei Jahren eine radikale Minderheitenhetze. Nur, dass diese sich bisher nicht haupts\u00e4chlich gegen Fl\u00fcchtlinge gerichtet hatte. Sondern gro\u00dfteils gegen Schwule.<\/p>\n<p>F\u00fcr seine Menschenverachtung wurde Pirin\u00e7cis besonders in Springers &#8222;BILD am Sonntag&#8220; zum mutigen Vork\u00e4mpfer gegen die Political Correctness gefeiert. BamS-Chefredakteurin Marion Horn zeigte sich stolz auf die <a href=\"https:\/\/www.nollendorfblog.de\/?p=3532\">uns\u00e4gliche Verharmlosung <\/a>der<a href=\"http:\/\/www.heise.de\/tp\/artikel\/41\/41609\/1.html\"> Hass-Tiraden des Katzenbuchautors<\/a> durch ihre Autorin Anja Hardenberg und gratulierte ihr auf Twitter mit &#8222;Kompliment&#8220;.<\/p>\n<p>Matussek hat Homosexualit\u00e4t als einen <a href=\"http:\/\/www.theeuropean.de\/matthias-matussek\/8042-homosexualitaet-als-fehler-der-natur\">&#8222;Fehler der Natur&#8220;<\/a> bezeichnet. Das war im Febuar 2014. Im November des gleichen Jahres sendete die ARD ihre<a href=\"http:\/\/www.queer.de\/detail.php?article_id=22659\"> &#8222;Themenwoche Toleranz&#8220;<\/a>. Matussek war Gast einer der Auftaktsendungen. Die Rolle, die die Fernsehmacher f\u00fcr ihn vorgesehen hatten, war jedoch nicht die desjenigen, der sich f\u00fcr seine intoleranten Ausw\u00fcrfe zu rechtfertigen hat. Im Gegenteil. Matussek wurde selbst zum\u00a0 Opfer von Intoleranz gek\u00fcrt. &#8222;<span class=\"body\">Herr Matussek (&#8230;) ist ein pointiert argumentierender, aber kein unreflektiert hetzender Zeitgenosse&#8220; beschied der Redaktionsleiter des f\u00fcr die Sendung verantwortlichen Hessischen Rundfunks:<a href=\"http:\/\/taz.de\/!5028071\/\"> &#8222;Wir sollten doch so fair und tolerant miteinander umgehen, dass auch ein Matussek bei uns vorkommen kann.\u201c <\/a><\/span><\/p>\n<p>Die ARD hat Matussek damit genau die Positionierung zugeschrieben, die dieser selbst f\u00fcr sich ausgedacht hatte: Jemand der gegen Menschen hetzen darf, weil die, gegen die er hetzt durch ihre heftige Gegenwehr\u00a0 ja beweisen, dass sie die eigentliche Gefahr sind, gegen die man sich ja wehren muss. Dass er mit dieser durchgeknallten Logik zum Mit-Ausl\u00f6ser einer neuen Homophobie-Welle werden konnte, hat die WELT zu verantworten, also das Medium, dass\u00a0 ihn heute aufgrund erwiesener Durchgeknalltheit als Irren aus der \u00f6ffentlichen Debatte rausgezogen hat. <em>(Hier der Matussek-WELT-Artikel <a href=\"http:\/\/www.welt.de\/debatte\/kommentare\/article124792188\/Ich-bin-wohl-homophob-Und-das-ist-auch-gut-so.html\">&#8222;Ich bin wohl homophob. Und das ist auch gut so&#8220;<\/a>. Und hier die damalige Erwiderung in diesem Blog: &#8218;<a title=\"Permalink to \u201eHomophobie f\u00fcr alle!\u201c \u2013 Ein Volksbildungskurs mit Matthias Matussek\" href=\"https:\/\/www.nollendorfblog.de\/?p=3220\" rel=\"bookmark\">Homophobie f\u00fcr alle!&#8216; \u2013 Ein Volksbildungskurs mit Matthias Matussek&#8220;)<\/a><\/em><\/p>\n<p>Zwar gab es damals in der WELT eine bemerkenswerte Anzahl von ver\u00f6ffentlichten Gegenmeinungen, die seinen Ausw\u00fcrfen klug und heftig widersprachen. Doch Matussek hatte sein Ziel erreicht: Er wollte keine Debatte gewinnen, sondern etwas, \u00fcber das man eigentlich nicht wirklich auf Feuilleton-Niveau diskutieren kann, dort als streitbares Debattenthema etablieren. Matussek verfestigte den Sound, ohne den es Pegida, &#8222;besorgte Eltern&#8220; und AfD nie soweit geschafft h\u00e4tten: Den Sound des &#8222;Das wird man doch wohl noch mal sagen d\u00fcrfen&#8220;. Und Matussek als intellektueller Promi war mit der erste in einer Reihe von meinungsf\u00fchrenden offiziell Nicht-Rechten, die es rechten Nicht-Intellektuellen erlaubten, rechtes Gedankengut propagieren, ohne sich dabei als rechts bezeichnen lassen zu m\u00fcssen.<\/p>\n<p>Matussek, den ich damals in diesem Blog als den Vertreter einer neuen Welle, einer &#8222;Neuen Homophobie&#8220; bezeichnet habe,\u00a0 hat im Windschatten der &#8222;seri\u00f6sen&#8220; WELT die Argumentationsmuster der Homo-Hasser neu definiert. Seit Matussek hat auch der \u00fcbelste Homophobiker nichts gegen Schwule. Punkt. Aber.<\/p>\n<p>Seit Matusseks &#8222;Ich bin wohl homophob. Und das ist auch gut so&#8220; ist es ungem\u00fctlicher geworden f\u00fcr viele Lesben und Schwule in Deutschland, vor allem f\u00fcr viele junge Lesben und Schwule, deren Lehrer und Eltern. Seitdem es Matussek &amp; Co. geschafft haben, die Aufkl\u00e4rung zur sexuellen Vielfalt zu skandalisieren, gibt es an deutsche Schulen eine Verunsicherung, die man sich noch vor wenigen Jahren nicht vorstellen konnte.<\/p>\n<p>Das Schlimme an Matussek und Pirin\u00e7ci ist, dass sie sich den\u00a0 gesellschaftlichen Auseinandersetzungen zu sensiblen Minderheitsthemen, die sie massiv mitbefeuert haben, selbst nie wirklich gestellt haben. Provokation als Wert an sich. Dauerironie als Schalter, der es erm\u00f6glicht, jederzeit die Diskussionsebene zu wechseln. P<a href=\"http:\/\/www.theeuropean.de\/matthias-matussek\/8049-matthias-matussek-antwortet-stefan-niggemeier\">ers\u00f6nlich werden<\/a>. Beleidigen, ohne es so gemeint zu haben. Irgendwas behaupten. Das Prinzip Troll. Das Prinzip Arschloch.<\/p>\n<p>Meine Antwort auf B\u00f6hmermanns Frage Nr. 17: Scheissegal! \u2666<\/p>\n<p>&#8212;<\/p>\n<p><span style=\"color: #000000;\"><em>Weitere Beitr\u00e4ge in diesem Blog zum Thema:<\/em><\/span><\/p>\n<p><span style=\"color: #000000;\"><em><a style=\"color: #000000; text-decoration: underline;\" href=\"https:\/\/www.nollendorfblog.de\/?p=3330\">Das Lexikon der Homophobie (IV): \u201eDenkverbote\u201c (Matussek)<\/a><\/em><\/span><\/p>\n<p><span style=\"color: #000000;\"><em><a style=\"color: #000000; text-decoration: underline;\" title=\"Permalink to Broder\/Anda\/Matussek: Wenn alte M\u00e4nner \u201eM\u00fcssen\u201c m\u00fcssen\" href=\"https:\/\/www.nollendorfblog.de\/?p=3713\" rel=\"bookmark\">Broder\/Anda\/Matussek: Wenn alte M\u00e4nner \u201eM\u00fcssen\u201c m\u00fcssen<\/a><\/em><\/span><\/p>\n<p><span style=\"color: #000000;\"><em><a style=\"color: #000000; text-decoration: underline;\" title=\"Permalink to \u201eHomophobie f\u00fcr alle!\u201c \u2013 Ein Volksbildungskurs mit Matthias Matussek\" href=\"https:\/\/www.nollendorfblog.de\/?p=3220\" rel=\"bookmark\">\u201eHomophobie f\u00fcr alle!\u201c \u2013 Ein Volksbildungskurs mit Matthias Matussek<\/a><\/em><\/span><\/p>\n<p><span style=\"color: #000000;\"><em><a style=\"color: #000000; text-decoration: underline;\" href=\"https:\/\/www.nollendorfblog.de\/?p=3532\">Statt \u201eWetten Dass..?\u201c: BamS macht Frauen- und Homohasser Pirin\u00e7ci zum Genie<\/a><\/em><\/span><\/p>\n<p><span style=\"color: #000000;\"><em>&#8212;-<\/em><\/span><\/p>\n<p><span style=\"color: #000000;\"><em>Weiterf\u00fchende Links zum Thema:<\/em><\/span><\/p>\n<p class=\"post-title\"><span style=\"color: #000000;\"><em>BILDblog<span style=\"text-decoration: underline;\">: <a style=\"color: #000000; text-decoration: underline;\" href=\"http:\/\/www.bildblog.de\/72784\/als-mit-akif-pirinci-noch-gut-currywurst-essen-war\/\">Als mit Akif Pirin\u00e7ci noch gut Currywurst essen war<\/a><\/span><\/em><\/span><\/p>\n<p class=\"post-title\"><span style=\"color: #000000;\"><em>Stefan Niggemeier: <span style=\"text-decoration: underline;\"><a style=\"color: #000000; text-decoration: underline;\" href=\"http:\/\/www.stefan-niggemeier.de\/blog\/17277\/ignoring-matussek\/\">Ignoring Matussek<\/a><\/span><\/em><\/span><\/p>\n<p class=\"post-title\"><span style=\"color: #000000;\"><em>Schall und Scharia:<span style=\"text-decoration: underline;\"><a style=\"color: #000000; text-decoration: underline;\" href=\"http:\/\/www.schantall-und-scharia.de\/7-medien-denen-akif-pirincci-nicht-menschenverachtend-genug-war\/\" target=\"_blank\">Medien, denen Akif Pirin\u00e7ci nicht menschenverachtend genug war<\/a><\/span><\/em><\/span><\/p>\n<p><span style=\"color: #000000;\"><em>taz.blogs: <span style=\"text-decoration: underline;\"><a style=\"color: #000000; text-decoration: underline;\" href=\"http:\/\/blogs.taz.de\/reptilienfonds\/2014\/02\/21\/schwule-kopflause-matussek-bushido\/\">Schwule Kopfl\u00e4use, Matussek &amp; Bushido<\/a><\/span><\/em><\/span><\/p>\n<p><span style=\"color: #000000;\"><em><a style=\"color: #000000;\" href=\"http:\/\/www.queer.de\/detail.php?article_id=24826\">queer.de: <span style=\"text-decoration: underline;\">Homo-Hass auf der Frankfurter Buchmesse (Pirin\u00e7ci)<\/span><\/a><\/em><\/span><\/p>\n","protected":false},"excerpt":{"rendered":"<p>Jan B\u00f6hmermann will wissen, ob es jetzt &#8222;endlich legal&#8220; ist, Matthias Matussek &#8222;ein dummes Arschloch zu nennen&#8220;.<br \/>\nWELT-Autor Matussek &#8222;Ich bin wohl homophob. Und das ist auch gut so&#8220; ist heute gefeuert worden. Knapp zwei Jahre zu sp\u00e4t. <\/p>\n<p>Foto (c): Wikipedia<\/p>\n","protected":false},"author":1,"featured_media":5139,"comment_status":"open","ping_status":"open","sticky":false,"template":"","format":"standard","meta":{"footnotes":""},"categories":[161,173,74,152,166],"tags":[97,106,36,68,35],"class_list":["post-5099","post","type-post","status-publish","format-standard","has-post-thumbnail","hentry","category-161","category-das-wichigste-aus-zehn-jahren","category-medien","category-meistgelesen","category-print","tag-akif-pirincci","tag-besorgte-buerger","tag-bild","tag-matthias-matussek","tag-welt"],"_links":{"self":[{"href":"https:\/\/www.nollendorfblog.de\/index.php?rest_route=\/wp\/v2\/posts\/5099","targetHints":{"allow":["GET"]}}],"collection":[{"href":"https:\/\/www.nollendorfblog.de\/index.php?rest_route=\/wp\/v2\/posts"}],"about":[{"href":"https:\/\/www.nollendorfblog.de\/index.php?rest_route=\/wp\/v2\/types\/post"}],"author":[{"embeddable":true,"href":"https:\/\/www.nollendorfblog.de\/index.php?rest_route=\/wp\/v2\/users\/1"}],"replies":[{"embeddable":true,"href":"https:\/\/www.nollendorfblog.de\/index.php?rest_route=%2Fwp%2Fv2%2Fcomments&post=5099"}],"version-history":[{"count":82,"href":"https:\/\/www.nollendorfblog.de\/index.php?rest_route=\/wp\/v2\/posts\/5099\/revisions"}],"predecessor-version":[{"id":5707,"href":"https:\/\/www.nollendorfblog.de\/index.php?rest_route=\/wp\/v2\/posts\/5099\/revisions\/5707"}],"wp:featuredmedia":[{"embeddable":true,"href":"https:\/\/www.nollendorfblog.de\/index.php?rest_route=\/wp\/v2\/media\/5139"}],"wp:attachment":[{"href":"https:\/\/www.nollendorfblog.de\/index.php?rest_route=%2Fwp%2Fv2%2Fmedia&parent=5099"}],"wp:term":[{"taxonomy":"category","embeddable":true,"href":"https:\/\/www.nollendorfblog.de\/index.php?rest_route=%2Fwp%2Fv2%2Fcategories&post=5099"},{"taxonomy":"post_tag","embeddable":true,"href":"https:\/\/www.nollendorfblog.de\/index.php?rest_route=%2Fwp%2Fv2%2Ftags&post=5099"}],"curies":[{"name":"wp","href":"https:\/\/api.w.org\/{rel}","templated":true}]}}