{"id":517,"date":"2010-12-13T09:24:18","date_gmt":"2010-12-13T07:24:18","guid":{"rendered":"http:\/\/www.nollendorfblog.de\/?p=517"},"modified":"2019-03-02T11:31:40","modified_gmt":"2019-03-02T09:31:40","slug":"flapsiges-grauen","status":"publish","type":"post","link":"https:\/\/www.nollendorfblog.de\/?p=517","title":{"rendered":"Flapsiges Grauen"},"content":{"rendered":"<p>Vor einigen Monaten hatte ich die Leserkommentare eines welt.de-Artikel \u00fcber Klaus Wowereit ausgewertet. In dem Beitrag selbst ging es gar nicht um Wowereits Homosexualit\u00e4t. Trotzdem haben ihn dort im schaurigen <a href=\"https:\/\/www.nollendorfblog.de\/?p=455\">Keller von Welt.de<\/a> \u00fcber ein Drittel der Kommentierer dort diesbez\u00fcglich teilweise sehr beleidigend angegriffen.<\/p>\n<p>Man muss dazu wissen, dass solche Foren moderiert sind, d.h. die schlimmsten homofeindlichen Attacken tauchen dort gar nicht auf. Aber selbst der Rest, also das, was die Redaktion \u00fcber den Gem\u00fctszustand ihrer Leser bereit war freizugeben, l\u00e4\u00dft einen bei der Vorstellung, einmal nachts alleine in einer ruhigen Strasse einen Menschen mit der WELT unter dem Arm zu begegnen, Angst und Bange werden.<\/p>\n<p>Damals wurde mir vorgeworfen, dass ich es mir ja mit der Auswahl eines Mediums, das offensichtlich besonders stolz auf eines ihrer homophoben Sprachrohre zu sein scheint (<a href=\"https:\/\/www.nollendorfblog.de\/?p=299\">hier<\/a> meine Geschichte zu. C. Jacobi und <a href=\"http:\/\/www.stefan-niggemeier.de\/blog\/claus-jacobi-guenter-kiessling-die-schwulen\/\">hier<\/a> die von Stefan) , etwas einfach gemacht h\u00e4tte.<\/p>\n<p>Das mag sein, aber wie sieht es denn aus in den liberaleren Foren, dort wo die Debatte und nicht das Debakel zu Hause scheinen?<\/p>\n<p>Der <a href=\"http:\/\/www.sprengsatz.de\">&#8222;Sprengsatz&#8220;<\/a> des ehemaligen Chefredakteurs und Politikberaters Michael Spreng und <a href=\"http:\/\/www.stefan-niggemeier.de\/blog\/\">Stefan Niggemeiers Seite<\/a> sind wohl zwei der relevantesten gesellschaftspolitischen deutschen Blogs. Sprengs Fokus liegt auf der Tagespoltik und Stefan schaut vor allem durch die medien(politische) Brille.<\/p>\n<p>Nicht aus Recherchegr\u00fcnden, sondern einfach, weil beide Seiten zu meinen Lieblingsblogs geh\u00f6ren, verfolge ich dort nahezu jedes Thema. Beide haben mit Homosexualit\u00e4t nur dann zu tun, wenn es da gerade etwas Aktuelles zu gibt. Doch ist das mal der Fall, dann ist in den Kommentarspalten richtig was los. Zun\u00e4chsteinmal f\u00e4llt die hohe Anzahl der Leserkommentare auf. Aber auf welchem Niveau? Im Gegensatz zu welt.de ist der Ton ist feiner, aber macht er auch die Musik?<\/p>\n<p>Zur Zeit gibt es bei Spreng eine lange Diskussion \u00fcber seinen Beitrag &#8222;Die Schwulenfeindlichkeit in der Politik&#8220;, wo er im Zuge der Geschehnisse um Wikileaks, Guildo Westerwelle und seinem ehemaligen B\u00fcroleiter der die von einigen Medien ins Spiel gebrachten angeblichen &#8222;schwulen Seilschaften&#8220; kritisierte. Als Stefan Niggemeier die \u00c4u\u00dferungen des Literaten Wladimir Kaminer w\u00e4hrend der Berichterstattung zum vorletzten Eurovision Song Contest in Moskau <a href=\"http:\/\/www.stefan-niggemeier.de\/blog\/wladimir-kaminers-schwulenwitz\/#comments\">hinterfragte<\/a>, war es \u00e4hnlich. (Kaminer mochte an der dort am selben Tag aufgebrannten Gewalt gegen Schwule nichts Schlimmes finden. Zumindest wollte er dazu nichts sagen, ausser, dass es nicht stimmt.)<\/p>\n<p>In den Leserforen zu beiden Themen lassen sich Paradigmen beobachten, die sich auff\u00e4llig gleichen.<\/p>\n<p>Zun\u00e4chst gibt es viele Kommentare, die lediglich kommentieren wollen, dass das Thema eigentlich gar kein Thema sei. Die n\u00e4chste Stufe ist dann, dass das Kritisierte ja gar nicht schwulenfeindlich sei, und wenn, dann m\u00fcsse man ja keinen Elefanten aus einer M\u00fccke machen, das sei doch alles eher flapsig gemeint. Das Gros aber geht an die Leute, die Schwulenfeindlichkeit bei sich und den im Beitrag kritisierten ausschliessen, und dies teilweise mit abenteuerlichen schwulenfeindlichen Argumentationsmustern untermauern.<\/p>\n<p>Die h\u00e4ufigsten Denkketten gehten so:<\/p>\n<blockquote><p>&#8211; Schwule werden gar nicht diskriminierert und wenn, dass liegt das daran, dass sie sich ja unbedingt outen m\u00fcssen und ihre sexuelle Idendit\u00e4t ja auch noch thematisieren \/ inszenieren oder sonstwas m\u00fcssen.<\/p><\/blockquote>\n<blockquote><p>&#8211; Schwule werden diskriminiert, aber sie sollen sich mal nicht so anstellen und sich nicht in so eine Opferrolle reintun. Schlie\u00dflich werden andere Bev\u00f6lkerungsgruppen (in den Sprengsatz-Kommentaren sind es u.a. &#8222;Blondinen&#8220;) auch diskriminiert. Das ist eben so. Ausserdem haben sie sich ja selber f\u00fcr dieses Outing entschieden, weil sie ja unbedingt so wollen.<\/p><\/blockquote>\n<blockquote><p>&#8211; Schwulendiskriminierung ist gar keine Schwulendiskriminierung. Weil sie gar nicht b\u00f6se gemeint ist und weil die Schwulen das selber lustig finden.<\/p><\/blockquote>\n<p>Wie gesagt, hier geht es um Menschen, die alle nichts gegen Schwule haben.<\/p>\n<p>In beide Forumsdiskussionen habe ich mich eingemischt. Bei Sprengsatz wurde es besonders heftig. Angefangen hat alles mit einer Maren P., die nicht wahrhaben will, was an ihrer Einleitung so schlimm sein soll:<\/p>\n<blockquote><p><strong>&#8222;Eine generelle Schwulenfeindlichkeit in allen Parteien kann ich nicht erkennen, Herr Spreng. Oft sind es doch die Schwulen selbst, die ihre sexuelle Orientierung instrumentalisieren und \u00f6ffentlich machen.&#8220;<\/strong><\/p><\/blockquote>\n<p>Maren P. verwahrt sich dagegen, auch nur &#8222;latent&#8220; homophob zu sein, kristiert aber in dem Zusammenhang, dass es ihr &#8222;aber relativ h\u00e4ufig&#8220; im Buchladen passiere, &#8222;dass mir ein Schwuler sp\u00e4testens beim zweiten Erscheinen ungefragt erz\u00e4hlt, in welcher Beziehung er lebt und die guten oder schlechten Umst\u00e4nde.&#8220;<\/p>\n<p>Das schlimme an Leuten wie Maren P. ist, dass sie ihre Argumente wiederholen und wiederholen, und nicht eine Spur davon merken, was sie da eigentlich gesagt haben. Nein, ich wollte nicht die grosse Keule rausholen, aber dann habe ich sie doch auf ein kleines Gedankenspiel eingeladen.<\/p>\n<blockquote><p><strong>\u201cEine generellen Antisemetismus in allen Parteien kann ich nicht erkennen, Herr Spreng. Oft sind es doch die Juden selbst, die ihre Religion instrumentalisieren und \u00f6ffentlich machen.&#8220;<\/strong><\/p><\/blockquote>\n<p>Die ganze Diskussion <a href=\"http:\/\/www.sprengsatz.de\/?p=3560\">hier<\/a>.<\/p>\n<p>.<\/p>\n","protected":false},"excerpt":{"rendered":"<p>Vor einigen Monaten hatte ich die Leserkommentare eines welt.de-Artikel \u00fcber Klaus Wowereit ausgewertet. In dem Beitrag selbst ging es gar nicht um Wowereits Homosexualit\u00e4t. Trotzdem haben ihn dort im schaurigen Keller von Welt.de \u00fcber ein Drittel der Kommentierer dort diesbez\u00fcglich teilweise sehr beleidigend angegriffen. Man muss dazu wissen, dass solche Foren moderiert sind, d.h. die &#8230; <a title=\"Flapsiges Grauen\" class=\"read-more\" href=\"https:\/\/www.nollendorfblog.de\/?p=517\" aria-label=\"Mehr Informationen \u00fcber Flapsiges Grauen\">Weiterlesen<\/a><\/p>\n","protected":false},"author":1,"featured_media":0,"comment_status":"open","ping_status":"open","sticky":false,"template":"","format":"standard","meta":{"footnotes":""},"categories":[156,1],"tags":[35],"class_list":["post-517","post","type-post","status-publish","format-standard","hentry","category-156","category-politik","tag-welt"],"_links":{"self":[{"href":"https:\/\/www.nollendorfblog.de\/index.php?rest_route=\/wp\/v2\/posts\/517","targetHints":{"allow":["GET"]}}],"collection":[{"href":"https:\/\/www.nollendorfblog.de\/index.php?rest_route=\/wp\/v2\/posts"}],"about":[{"href":"https:\/\/www.nollendorfblog.de\/index.php?rest_route=\/wp\/v2\/types\/post"}],"author":[{"embeddable":true,"href":"https:\/\/www.nollendorfblog.de\/index.php?rest_route=\/wp\/v2\/users\/1"}],"replies":[{"embeddable":true,"href":"https:\/\/www.nollendorfblog.de\/index.php?rest_route=%2Fwp%2Fv2%2Fcomments&post=517"}],"version-history":[{"count":43,"href":"https:\/\/www.nollendorfblog.de\/index.php?rest_route=\/wp\/v2\/posts\/517\/revisions"}],"predecessor-version":[{"id":553,"href":"https:\/\/www.nollendorfblog.de\/index.php?rest_route=\/wp\/v2\/posts\/517\/revisions\/553"}],"wp:attachment":[{"href":"https:\/\/www.nollendorfblog.de\/index.php?rest_route=%2Fwp%2Fv2%2Fmedia&parent=517"}],"wp:term":[{"taxonomy":"category","embeddable":true,"href":"https:\/\/www.nollendorfblog.de\/index.php?rest_route=%2Fwp%2Fv2%2Fcategories&post=517"},{"taxonomy":"post_tag","embeddable":true,"href":"https:\/\/www.nollendorfblog.de\/index.php?rest_route=%2Fwp%2Fv2%2Ftags&post=517"}],"curies":[{"name":"wp","href":"https:\/\/api.w.org\/{rel}","templated":true}]}}