{"id":5310,"date":"2015-12-15T22:06:28","date_gmt":"2015-12-15T20:06:28","guid":{"rendered":"http:\/\/www.nollendorfblog.de\/?p=5310"},"modified":"2019-03-02T11:50:17","modified_gmt":"2019-03-02T09:50:17","slug":"einschuechterung-und-angst-die-gespenstische-gerichtsshow-von-hedwig-von-beverfoerde","status":"publish","type":"post","link":"https:\/\/www.nollendorfblog.de\/?p=5310","title":{"rendered":"Einsch\u00fcchterung und Angst: Die gespenstische Gerichtsshow von Hedwig von Beverfoerde"},"content":{"rendered":"<p>Die gute Nachricht zuerst:<\/p>\n<blockquote><p>&#8222;Das Landgericht Berlin hat die in der vergangenen Woche erlassene Einstweilige Verf\u00fcgung von Frau von Beverfoerde aufgehoben, mit der der Schaub\u00fchne untersagt worden ist, auf der B\u00fchne des St\u00fcckes <a href=\"https:\/\/www.nollendorfblog.de\/?p=4981\">\u201eFEAR<\/a>\u201c von Falk Richter deren Bild zu zeigen.<\/p>\n<p>Einen \u00e4hnlich gerichteten Antrag auf Erla\u00df einer einstweiligen Verf\u00fcgung der AfD-Politikerin Beatrix von Storch hat das Gericht zur\u00fcckgewiesen.&#8220;<\/p><\/blockquote>\n<p>Soweit die Pressemitteilung des Rechtsanwaltes Johannes Eisenberg (der die Schaub\u00fchne gegen die beiden Adelsdamen vertreten hatte) \u00fcber das Urteil zugunsten der Kunstfreiheit.<\/p>\n<p>Doch so richtig beruhigend ist das nicht. Denn heute Morgen hat sich in einem bisher beispiellosen Gerichtsschauspiel gezeigt, mit welchen Methoden die neue rechte Bewegung mit Hilfe einiger Medien mittlerweise bereit und f\u00e4hig ist, das freiheitliche kulturelle Grundverst\u00e4ndnis unseres Rechtsstaates zu attackieren.<\/p>\n<p>Bei der Auseinadersetzung ging es den Antragstellerinnen offensichtlich nur in zweiter Linie darum, einen juristischen Sieg zu erringen.<\/p>\n<p>Sie nutzen das Verfahren als Teil einer massiven Desinformations- und Mobilisierungskampagne, die nicht einmal davor zur\u00fcckschreckte, dem Autor und Regisseur des St\u00fcckes Gewaltverherrlichung zu unterstellen, und diesen mutma\u00dflich dadurch selbst zum Gegenstand von Morddrohungen zu machen. Denn w\u00e4hrend die Damen von Beverfoerde und von Storch dem St\u00fcck \u00f6ffentlich immer wieder einen Gewaltaufruf unterstellten (und sogar einen Zusammenhang zwischen zwei Brandanschl\u00e4gen und der &#8222;Fear&#8220;-Premiere konstruierten) versuchten sie vor Gericht erst gar nicht der Aussage des Richters zu widersprechen, dass das St\u00fcck selbstverst\u00e4ndlich <em>nicht<\/em> zu Gewalt aufrufe.<\/p>\n<p><img loading=\"lazy\" decoding=\"async\" class=\" wp-image-5323 alignnone\" src=\"https:\/\/www.nollendorfblog.de\/wp-content\/uploads\/2015\/12\/Falk-Richter-Bild.jpg\" alt=\"Falk Richter Bild\" width=\"574\" height=\"431\" srcset=\"https:\/\/www.nollendorfblog.de\/wp-content\/uploads\/2015\/12\/Falk-Richter-Bild.jpg 960w, https:\/\/www.nollendorfblog.de\/wp-content\/uploads\/2015\/12\/Falk-Richter-Bild-300x225.jpg 300w, https:\/\/www.nollendorfblog.de\/wp-content\/uploads\/2015\/12\/Falk-Richter-Bild-768x576.jpg 768w\" sizes=\"auto, (max-width: 574px) 100vw, 574px\" \/>Kann man ja mal versuchen, m\u00f6gen sich von Beverfoerde und von Storch gedacht haben. Falk Richter jedenfalls darf nun z.B. mit der auf der BILD-Titelseite millionenfach verbreiteten Unterstellung leben,\u00a0 in seinem St\u00fcck hie\u00dfe es, man &#8222;m\u00fcsse&#8220; Beatrice von Storch &#8222;in den Kopf schie\u00dfen.&#8220; Und mit den Reaktionen derer, die das nicht so lustig finden und den Autor seitdem \u00f6ffentlich und in dirketer Post mit Verleundungen und Schlimmerem auf die Pelle r\u00fccken.<\/p>\n<p>Doch nicht nur notorisch aufgeregte Bl\u00e4tter wie\u00a0 BILD und Focus (<a href=\"https:\/\/www.nollendorfblog.de\/?p=5082\">die ganze Geschichte hier<\/a>) hatten die Brand-Propaganda der AfD- und &#8222;Demo f\u00fcr alle&#8220;-Protagonistinnen bereitwillig \u00fcbernommen. Auch im Deutschland Radio Kultur durfte der Moderator <a href=\"http:\/\/www.heise.de\/tp\/artikel\/41\/41676\/1.html\">Christopher Ricke<\/a> in einem <a href=\"http:\/\/www.deutschlandradiokultur.de\/schaubuehnen-stueck-fear-vor-gericht-afd-kampagne-gegen.1008.de.html?dram:article_id=339897\">Interview mit dem Regisseur<\/a> nach dem Gerichtsverfahren noch einmal genau den Zusammenhang behaupten, der dort eben gerade erst als haltlos bezeichnet wurde:<\/p>\n<blockquote><p>&#8222;Sie m\u00fcssen sich mit Morddrohungen auseinandersetzen, und auf der anderen Seite von der AfD-Politikerin Beatrice von Storch da wird das Auto angez\u00fcndet.&#8220;<\/p><\/blockquote>\n<p>Die Neuen Rechten m\u00fcssen sich also gar nicht vor Gericht durchsetzen, um zu gewinnen. Sie setzen nicht auf das Recht. Sondern auf Einsch\u00fcchterung und Angst. Und darauf, dass es immer wieder Journalisten gibt, die dabei mitspielen. Die unbeirrte Dreistigkeit, mit der sie sich dabei von T\u00e4ter- zu OpferInnen inszenieren, war der gespenstische H\u00f6hepunkt der heutigen Gerichtsverhandlung. So hatte Frau von Beverfoerde argumentiert, dass sie die Verwedung ihres Bildes im St\u00fcck schon deshalb nicht hinzunehmen habe, da sie keine \u00f6ffentliche Person sei.<\/p>\n<p>Das ist aus zwei Gr\u00fcnden abenteuerlich:<\/p>\n<p>Erstens ist sie durch ihre unz\u00e4hligen Medien- und Demoauftritte nat\u00fcrlich das Gegenteil einer nicht-\u00f6ffentlichen Person. Und zweitens sind die im St\u00fcck verwendeten Fotos eben nicht privat,\u00a0 sondern zeigen sie bei genau den \u00f6ffentlichen Auftritten, bei denen sie die homophoben und rechtspopulistischen\u00a0 Thesen zum Besten gibt, die im Theaterst\u00fcck verhandelt werden. Und was macht Beverfoerde? Sie wechselt einfach die Argumentationsebene. Und begibt sich auf eine Umlaufbahn, auf der sogar ihrem Anwalt allen Anschein nach schwindelig geworden ist: Ihre Medienpr\u00e4senz, so sagt sie, habe nicht damit zu tun, dass sie die Medien suche, sondern, dass sie diese zu ihrer Verteidigung nutzen m\u00fcsse. Zu ihrer Verteidigung! Homophobie als Zwangsneurose. Das ist das Problem von Frau von Beverfoerde. Das ist die Angst einer Frau, die nichts dabei findet, einen Schwulen auf ihrer &#8222;Demo f\u00fcr alle&#8220;-B\u00fchne zu pr\u00e4sentieren um sich von den <a href=\"http:\/\/www.queer.de\/detail.php?article_id=24800\">versammelten Homo-Hassern f\u00fcr sein Keuscheitsgel\u00fcbte beklatschen zu lassen<\/a>.<\/p>\n<p>Vor Gericht beteuert sie heute, dass sie sich in ihrem Leben noch nie igendwie gegen Schwule ge\u00e4u\u00dfert habe. Das glaubt sie wirklich. Das nehme ich ihr ab.<\/p>\n<p>Und das macht mir, ja: Angst.<\/p>\n<p>Fear: Ein St\u00fcck von Falk Richter. Wieder am <a href=\"http:\/\/www.schaubuehne.de\/de\/spielplan\/index.html\">8. Januar<\/a> in der Schaub\u00fchne. Wieder mit Bildern von Beatrix von Storch und Hedwig von Beverfoerde. Immerhin.\u2666<\/p>\n<p>&#8212;<\/p>\n<p><span style=\"color: #000000;\"><em>Hier die <span style=\"text-decoration: underline;\"><a style=\"color: #000000; text-decoration: underline;\" href=\"https:\/\/www.nollendorfblog.de\/?p=4981\">Besprechung von &#8222;Fear&#8220;<\/a><\/span> im Nollendorfblog.<\/em><\/span><\/p>\n<p><span style=\"color: #000000;\"><em>&#8222;Fear&#8220;: <span style=\"text-decoration: underline;\"><a style=\"color: #000000; text-decoration: underline;\" href=\"https:\/\/www.nollendorfblog.de\/?p=5082\">Focus \u00fcbt sich als Handlanger von AfD und &#8222;Demo f\u00fcr alle<\/a>&#8222;<\/span><\/em><\/span><\/p>\n","protected":false},"excerpt":{"rendered":"<p>Das Landgericht Berlin sch\u00fctzt das Theaterst\u00fcck &#8222;Fear&#8220; vor den homophoben Aktivistinnen Hedwig von Beverfoerde (&#8222;Demo f\u00fcr alle&#8220;) und Beatrix von Storch (AfD).  Doch so richtig beruhigend ist das nicht.<\/p>\n","protected":false},"author":1,"featured_media":5353,"comment_status":"open","ping_status":"open","sticky":false,"template":"","format":"standard","meta":{"footnotes":""},"categories":[161,79,98,74,1],"tags":[106,36,100,103],"class_list":["post-5310","post","type-post","status-publish","format-standard","has-post-thumbnail","hentry","category-161","category-die-neue-homophobie","category-film-theater","category-medien","category-politik","tag-besorgte-buerger","tag-bild","tag-focus","tag-hedwig-von-beverfoerde"],"_links":{"self":[{"href":"https:\/\/www.nollendorfblog.de\/index.php?rest_route=\/wp\/v2\/posts\/5310","targetHints":{"allow":["GET"]}}],"collection":[{"href":"https:\/\/www.nollendorfblog.de\/index.php?rest_route=\/wp\/v2\/posts"}],"about":[{"href":"https:\/\/www.nollendorfblog.de\/index.php?rest_route=\/wp\/v2\/types\/post"}],"author":[{"embeddable":true,"href":"https:\/\/www.nollendorfblog.de\/index.php?rest_route=\/wp\/v2\/users\/1"}],"replies":[{"embeddable":true,"href":"https:\/\/www.nollendorfblog.de\/index.php?rest_route=%2Fwp%2Fv2%2Fcomments&post=5310"}],"version-history":[{"count":58,"href":"https:\/\/www.nollendorfblog.de\/index.php?rest_route=\/wp\/v2\/posts\/5310\/revisions"}],"predecessor-version":[{"id":5704,"href":"https:\/\/www.nollendorfblog.de\/index.php?rest_route=\/wp\/v2\/posts\/5310\/revisions\/5704"}],"wp:featuredmedia":[{"embeddable":true,"href":"https:\/\/www.nollendorfblog.de\/index.php?rest_route=\/wp\/v2\/media\/5353"}],"wp:attachment":[{"href":"https:\/\/www.nollendorfblog.de\/index.php?rest_route=%2Fwp%2Fv2%2Fmedia&parent=5310"}],"wp:term":[{"taxonomy":"category","embeddable":true,"href":"https:\/\/www.nollendorfblog.de\/index.php?rest_route=%2Fwp%2Fv2%2Fcategories&post=5310"},{"taxonomy":"post_tag","embeddable":true,"href":"https:\/\/www.nollendorfblog.de\/index.php?rest_route=%2Fwp%2Fv2%2Ftags&post=5310"}],"curies":[{"name":"wp","href":"https:\/\/api.w.org\/{rel}","templated":true}]}}