{"id":5426,"date":"2016-03-02T22:13:21","date_gmt":"2016-03-02T20:13:21","guid":{"rendered":"http:\/\/www.nollendorfblog.de\/?p=5426"},"modified":"2019-03-02T13:18:12","modified_gmt":"2019-03-02T11:18:12","slug":"solidaritaet-mit-volker-beck","status":"publish","type":"post","link":"https:\/\/www.nollendorfblog.de\/?p=5426","title":{"rendered":"Solidarit\u00e4t mit Volker Beck!"},"content":{"rendered":"<p>Zu diesem Zeitpunkt habe ich noch keine Ahnung, was Volker Beck genau vorgeworfen wird. Aber ich habe schon eine ziemlich genaue Ahnung davon, wie ein nicht unbetr\u00e4chtlicher Teil der \u00f6ffentlichen Reaktionen darauf aussehen wird. Denn, ganz unabh\u00e4ngig von einem wie auch immer gearteten Vergehen, ist Volker Beck f\u00fcr die neuen Rechten, f\u00fcr die Wut- und \u201eWird man doch mal sagen d\u00fcrfen\u201c-B\u00fcrger die Verk\u00f6rperung von all dem, was sie hassen.<\/p>\n<figure id=\"attachment_5441\" aria-describedby=\"caption-attachment-5441\" style=\"width: 210px\" class=\"wp-caption alignright\"><img loading=\"lazy\" decoding=\"async\" class=\"wp-image-5441 size-full\" src=\"https:\/\/www.nollendorfblog.de\/wp-content\/uploads\/2016\/03\/Volker-Beck-Foto-Wikipedia.jpg\" alt=\"\" width=\"220\" height=\"330\" srcset=\"https:\/\/www.nollendorfblog.de\/wp-content\/uploads\/2016\/03\/Volker-Beck-Foto-Wikipedia.jpg 220w, https:\/\/www.nollendorfblog.de\/wp-content\/uploads\/2016\/03\/Volker-Beck-Foto-Wikipedia-200x300.jpg 200w\" sizes=\"auto, (max-width: 220px) 100vw, 220px\" \/><figcaption id=\"caption-attachment-5441\" class=\"wp-caption-text\">Volker Beck (Foto: \u00a9 Mathias Schindler)<\/figcaption><\/figure>\n<p>Und deshalb sollten sich alle Lesben und Schwulen in Deutschland in diesen Stunden anschwellender Selbstgerechtigkeit \u00fcber das Wesen dieses Hasses im klaren sein: Dieser Hass trifft eine Person, aber zielt gegen uns. Gegen uns alle.<br \/>\nDenn\u00a0 ganz abgesehen davon, ob wir Volker Becks politische Agenda teilen, abgesehen davon, was er richtig oder falsch gemacht hat, ob wir uns durch ihn vertreten f\u00fchlen wollen oder ob wir denken, dass er f\u00fcr die Community unentbehrlich ist oder nicht: All die Schl\u00e4ge, die Volker Beck in seiner politischen Laufbahn abbekommen hat, waren auch Schl\u00e4ge gegen uns. Einfach, weil er da war, weil er wie kein anderer seit Jahrzehnten konsequent und mit fast \u00fcbermenschlicher Akribie und Geduld immer wieder Homo-Hassern und Homorechte-Verweigerern widersprochen hat.<br \/>\nEr hat dabei nicht nur unsere Gegner genervt, sondern auch viele in der Szene, weil er immer bereit war, die unterschiedlichen und widerspr\u00fcchlichen Erwartungen auszuhalten und niemandem nach dem Mund geredet hat. So ist er nicht nur die Reizfigur der Homophobiker schlechthin, sonder auch vieler Homosexueller, denen es in Sachen Gleichstellung zu langsam, zu schnell, zu laut, zu leise, zu radikal oder zu b\u00fcrgerlich zur Sache geht.<br \/>\nSo sollten wir ihm nicht nur f\u00fcr seine Verdienste f\u00fcr uns alle dankbar sein, sondern vor allem daf\u00fcr, mit welchem Einsatz, mit welcher Courage er bereit war, f\u00fcr diese zu k\u00e4mpfen. Denn dieser Einsatz war verbunden mit k\u00f6rperlichen wie seelischen Blessuren, von denen es wahrscheinlich viel mehr gab, als wir durch die Medien mitbekommen haben.<br \/>\nDie letzte gro\u00dfe Pr\u00fcgel gab es f\u00fcr ihn vor und nach der letzten Bundestagswahl, als sich die CSU\u00a0 im Kampf gegen Rot-Gr\u00fcn entschieden hatte, reaktion\u00e4re W\u00e4hlerschichten mit zwei Wunderwaffen zu umwerben: Rassismus und Homophobie.<br \/>\nGegen Ausl\u00e4nder erfand sie die Ausl\u00e4ndermaut, gegen Homosexuelle kochte sie vor allem das Bild des schwulen Kindersch\u00e4nders auf Siedetemperatur und schaffte es, die Gr\u00fcnen als deren Schutzmacht in Haftung zu nehmen. Im Fokus neben J\u00fcrgen Trittin stand Volker Beck, der so sehr mit Schlamm beworfen wurde, dass es seine Erkl\u00e4rungsversuche niemand so richtig h\u00f6ren wollte.<br \/>\n\u201eKostet das Kindersex-Problem die Gr\u00fcnen die Bundestagswahl?\u201c fragte die BILD-Zeitung und im Nachhinein muss man sagen, dass das Thema tats\u00e4chlich (zusammen mit dem Veggie-Day) den Niedergang der Gr\u00fcnen und somit das Scheitern von Rot-Gr\u00fcn mitbesiegelt hat. Volker Beck hatte zwar mit dem Veggie-Day nichts zu tun. Er musste trotzdem mit dem R\u00fcckzug von allen \u00c4mtern f\u00fcr\u00a0 das Wahlergebnis b\u00fc\u00dfen. Sein Fehler war es, schwul zu sein in Mitten eines Skandals, in dem es auch um Schwule ging. Auch wenn ihn pers\u00f6nlich kein Verschulden getroffen hat.<br \/>\nOhne Groll hat er sich zur\u00fcckstufen lassen und trotzdem weitergemacht. Als religionspolitischer Sprecher seiner Fraktion hat er dann weiter f\u00fcr Minderheitenrechte gek\u00e4mpft, auch f\u00fcr die der andern. Anders als unsere Gegner hat er nicht gegen Gruppen polemisiert, hat die Menschen, die ihn und uns abwerteten nicht abgewertet. Seine sch\u00e4rfste Waffe war dabei immer das Argument und nicht die Moral. Und auch deshalb:<br \/>\nNicht nur im Vergleich mit der CSU ist und bleibt Volker Beck eine moralische Instanz!<\/p>\n<p>&#8212;<\/p>\n<p><em>Nachtrag vom 5.3. (und eine Art Fortsetzung dieses Beitags):<\/em><\/p>\n<p><span style=\"text-decoration: underline;\"><span style=\"color: #000000;\"><a style=\"color: #000000; text-decoration: underline;\" title=\"Permalink to Sie nennen Volker Beck einen Moralisten. Dabei wollen sie nur, dass er die Klappe h\u00e4lt. Dass wir die Klappe halten.\" href=\"https:\/\/www.nollendorfblog.de\/?p=5457\" rel=\"bookmark\">Sie nennen Volker Beck einen Moralisten. Dabei wollen sie nur, dass er die Klappe h\u00e4lt. Dass wir die Klappe halten.<\/a><\/span><\/span><\/p>\n<p>&#8212;<\/p>\n<p><em>Weitere Blogbeitr\u00e4ge zum Thema:<\/em><\/p>\n<header id=\"masthead\"><\/header>\n<div id=\"main\">\n<section id=\"primary\">\n<div id=\"content\">\n<article id=\"post-2519\">\n<header><span style=\"text-decoration: underline;\"><span style=\"color: #000000; text-decoration: underline;\"><em><a style=\"color: #000000; text-decoration: underline;\" href=\"https:\/\/www.nollendorfblog.de\/?p=2519\">\u201eKonstruierte Provokation\u201c: Die WELT erkl\u00e4rt die Bedeutung der Diffamierung von Homosexuellen f\u00fcr den CSU-Wahlkampf<\/a><\/em><\/span><\/span><\/p>\n<header id=\"masthead\"><\/header>\n<div id=\"main\">\n<section id=\"primary\">\n<div id=\"content\">\n<article id=\"post-4545\">\n<header><span style=\"text-decoration: underline;\"><span style=\"color: #000000; text-decoration: underline;\"><em><a style=\"color: #000000; text-decoration: underline;\" href=\"https:\/\/www.nollendorfblog.de\/?p=4545\">Die schmutzige Geschichte des Anti-Gleichstellungskampfes der CSU<\/a><\/em><\/span><\/span><\/header>\n<\/article>\n<\/div>\n<\/section>\n<\/div>\n<\/header>\n<\/article>\n<\/div>\n<\/section>\n<\/div>\n","protected":false},"excerpt":{"rendered":"<p>Anders als unsere Gegner hat er nicht gegen Gruppen polemisiert, hat die Menschen, die ihn und uns abwerteten nicht abgewertet. Seine sch\u00e4rfste Waffe war dabei immer das Argument und nicht die Moral. Und auch deshalb: Nicht nur im Vergleich mit der CSU ist und bleibt Volker Beck eine moralische Instanz!<\/p>\n","protected":false},"author":1,"featured_media":5441,"comment_status":"open","ping_status":"open","sticky":false,"template":"","format":"standard","meta":{"footnotes":""},"categories":[162,55,173,1,151],"tags":[],"class_list":["post-5426","post","type-post","status-publish","format-standard","has-post-thumbnail","hentry","category-162","category-community","category-das-wichigste-aus-zehn-jahren","category-politik","category-solidaritaet"],"_links":{"self":[{"href":"https:\/\/www.nollendorfblog.de\/index.php?rest_route=\/wp\/v2\/posts\/5426","targetHints":{"allow":["GET"]}}],"collection":[{"href":"https:\/\/www.nollendorfblog.de\/index.php?rest_route=\/wp\/v2\/posts"}],"about":[{"href":"https:\/\/www.nollendorfblog.de\/index.php?rest_route=\/wp\/v2\/types\/post"}],"author":[{"embeddable":true,"href":"https:\/\/www.nollendorfblog.de\/index.php?rest_route=\/wp\/v2\/users\/1"}],"replies":[{"embeddable":true,"href":"https:\/\/www.nollendorfblog.de\/index.php?rest_route=%2Fwp%2Fv2%2Fcomments&post=5426"}],"version-history":[{"count":34,"href":"https:\/\/www.nollendorfblog.de\/index.php?rest_route=\/wp\/v2\/posts\/5426\/revisions"}],"predecessor-version":[{"id":5695,"href":"https:\/\/www.nollendorfblog.de\/index.php?rest_route=\/wp\/v2\/posts\/5426\/revisions\/5695"}],"wp:featuredmedia":[{"embeddable":true,"href":"https:\/\/www.nollendorfblog.de\/index.php?rest_route=\/wp\/v2\/media\/5441"}],"wp:attachment":[{"href":"https:\/\/www.nollendorfblog.de\/index.php?rest_route=%2Fwp%2Fv2%2Fmedia&parent=5426"}],"wp:term":[{"taxonomy":"category","embeddable":true,"href":"https:\/\/www.nollendorfblog.de\/index.php?rest_route=%2Fwp%2Fv2%2Fcategories&post=5426"},{"taxonomy":"post_tag","embeddable":true,"href":"https:\/\/www.nollendorfblog.de\/index.php?rest_route=%2Fwp%2Fv2%2Ftags&post=5426"}],"curies":[{"name":"wp","href":"https:\/\/api.w.org\/{rel}","templated":true}]}}