{"id":5942,"date":"2016-05-01T16:56:40","date_gmt":"2016-05-01T14:56:40","guid":{"rendered":"http:\/\/www.nollendorfblog.de\/?p=5942"},"modified":"2019-03-02T11:52:59","modified_gmt":"2019-03-02T09:52:59","slug":"lieber-die-afd-im-bundestag-alle-alle-im-bundestag-vertetenen-parteien-auf-afd-kurs","status":"publish","type":"post","link":"https:\/\/www.nollendorfblog.de\/?p=5942","title":{"rendered":"Lieber die AfD im Bundestag als alle im Bundestag vertetenen Parteien auf AfD-Kurs"},"content":{"rendered":"<p>Ohne Horst Seehofer h\u00e4tten wir keine Fl\u00fcchtlingskrise, sondern Fl\u00fcchtlinge.<\/p>\n<p>Wenn die CSU die Ressentiments ihrer Hardliner gegen Homosexuelle <em>Ressentiments<\/em> nennen w\u00fcrde und nicht <em>konservative Werte<\/em>, wenn sie ihnen erkl\u00e4ren w\u00fcrde, dass ihre \u00c4ngste vor einer <em>Ehe f\u00fcr Alle<\/em> unbegr\u00fcndet sind, statt diese \u00c4ngste zu sch\u00fcren, dann d\u00fcrfte auch in Deutschland schon l\u00e4ngst jeder den heiraten, den er liebt.<\/p>\n<p>Es hei\u00dft, rechts neben der Union soll es keine demokratisch legitimierte Kraft in Deutschland geben. Es hei\u00dft, oberstes Ziel aller Demokraten m\u00fcsse es sein, dass die Rechten nicht in die Parlamente kommen. Beides finde ich falsch. Beide Dogmen haben die AfD nicht verhindert, sondern stark gemacht.<\/p>\n<p>Mir ist eine AfD im Bundestag lieber, als dass alle im Bundestag vertetenen Parteien inklusive der Linken aus Angst vor ihr ihr hinterherlaufen. Und als dass viele Journalisten weiterhin das Mantra der besorgten B\u00fcrger nachplappern, dass die Union Schuld ist, weil sie die &#8222;konservativen W\u00e4hler&#8220; alleine l\u00e4sst.<\/p>\n<p>So wie Giovanni die Lorenzo <a href=\"http:\/\/www.zdf.de\/ZDFmediathek\/beitrag\/video\/2691822\/maybrit-illner-spezial---13.-Maerz?setTime=1630.8629999999998#\/beitrag\/video\/2691822\/maybrit-illner-spezial---13.-Maerz\">nach den letzten Landtagswahlen<\/a>:<\/p>\n<blockquote><p>&#8222;Ich glaube, auch die CDU muss sich die Frage stellen, ob es richtig ist, den konservativen Teil der W\u00e4hler heimatlos zu machen. Traditionell geh\u00f6ren die ja zu ihnen&#8220;.<\/p><\/blockquote>\n<p>Nun ist &#8222;konservativ&#8220; nicht nur genau die Chiffre, mit der die AfD-Politiker auf ihrem Programmparteitag ihre Menschenabwertungspolitik bespr\u00fchen. Es gibt auch keinen CSU-Politiker, der die Notwendigkeit, den &#8222;konservativen Markenkern&#8220; seiner Partei zu erhalten, begr\u00fcnden kann, ohne daf\u00fcr die Homos als Gefahr f\u00fcr Heimat und Famile anzuf\u00fchren und gegen ihre Gleichstellung zu polemisieren.<\/p>\n<p>Di Lorenzo m\u00fcsste das eigentlich wissen. Was also bedeutet seine Forderung konkret?<\/p>\n<p>Wenn wir schon von\u00a0 der &#8222;Schuld&#8220;\u00a0 daf\u00fcr sprechen, dass die AfD jetzt so gro\u00df geworden ist, dann k\u00f6nnen wir doch nicht ernsthaft fordern, dass die CSU noch &#8222;konservativer&#8220; wird, was ja bedeuten w\u00fcrde: noch minderheitenfeindlicher, noch reaktion\u00e4rer &#8211; als sie eh schon ist.<\/p>\n<p>Nein, ich m\u00f6chte nicht die <em>Ehe f\u00fcr Alle<\/em> und anderes daf\u00fcr abschreiben, dass die AfD nicht im n\u00e4chsten Bundestag sitzt. Ich hab ihre Vertreter lieber dort im Blick als unter der Oberfl\u00e4che als unsichtbares unheimliches Monster, das Deutschland davon abh\u00e4lt, sich weiterhin als freiheitliches Land zu entwickeln.\u00a0 Ich will dass die das, was sie treiben, im Bundestag treiben. Ich will, dass sie nicht l\u00e4nger als die Opfer dastehen, sondern sich als die T\u00e4ter zeigen k\u00f6nnen, die sie sind.<\/p>\n<p>Die AfD ist nicht das Versagen von Angela Merkel oder einer angeblich nicht konserativen Union. Sie ist \u00fcberhaupt kein Versagen, sondern das Abbild eines Teiles unserer Bev\u00f6lkerung. Es macht keinen Sinn, so zu tun, als ob es diese Leute nicht g\u00e4be. Es macht aber auch keinen Sinn, ihnen das Feld zu \u00fcberlassen. Die AfD ist so lange kein Problem, wie die Union ausschlie\u00dft, mit ihr zu koalieren. Und wenn sie es nicht mehr ausschlie\u00dft, dann gibt es eben seit langer Zeit mal wieder einen Bundestagswahlkampf, bei dem es wirklich um was geht. \u2666<\/p>\n<p>&#8212;<\/p>\n<p><em>Wichtiger und lesenswerter Hintergrund: <\/em><\/p>\n<p><em><a href=\"http:\/\/www.queer.de\/detail.php?article_id=26045\">&#8222;Homophobie f\u00fcr alle: Die AfD beschlie\u00dft ihr Grundsatzprogramm&#8220; (Norbert Blech auf queer.de)<\/a><\/em><\/p>\n<p>&#8212;<\/p>\n<p><em>Weiterf\u00fchrende Beitr\u00e4ge in diesem Blog zum Thema:<\/em><\/p>\n<p><em><a title=\"Permanentlink zu \u201eKonstruierte Provokation\u201c: Die WELT erkl\u00e4rt die Bedeutung der Diffamierung von Homosexuellen f\u00fcr den CSU-Wahlkampf\" href=\"https:\/\/www.nollendorfblog.de\/?p=2519\" rel=\"bookmark\">\u201eKonstruierte Provokation\u201c: Die WELT erkl\u00e4rt die Bedeutung der Diffamierung von Homosexuellen f\u00fcr den CSU-Wahlkampf<\/a><\/em><\/p>\n<p><em><a title=\"Permanentlink zu Die Homophobie der \u201eKonservativen\u201c gleicht der Logik des Antisemitismus\" href=\"https:\/\/www.nollendorfblog.de\/?p=1088\" rel=\"bookmark\">Die Homophobie der \u201eKonservativen\u201c gleicht der Logik des Antisemitismus<\/a><\/em><\/p>\n<p><em><a title=\"Permanentlink zu Sch\u00e4me Dich, Deutschland!\" href=\"https:\/\/www.nollendorfblog.de\/?p=4488\" rel=\"bookmark\">Sch\u00e4me Dich, Deutschland!<\/a><\/em><\/p>\n","protected":false},"excerpt":{"rendered":"<p>Nein, ich m\u00f6chte nicht die &#8222;Ehe f\u00fcr alle&#8220; und anderes daf\u00fcr abschreiben, damit die AfD nicht im n\u00e4chsten Bundestag sitzt. Ich hab ihre Vertreter lieber dort im Blick als unter der Oberfl\u00e4che als unsichtbares unheimliches Monster, das Deutschland davon abh\u00e4lt, sich weiterhin als freiheitliches Land zu entwickeln.<\/p>\n","protected":false},"author":1,"featured_media":5954,"comment_status":"open","ping_status":"open","sticky":false,"template":"","format":"standard","meta":{"footnotes":""},"categories":[162,79,74,1],"tags":[99,106,87],"class_list":["post-5942","post","type-post","status-publish","format-standard","has-post-thumbnail","hentry","category-162","category-die-neue-homophobie","category-medien","category-politik","tag-afd","tag-besorgte-buerger","tag-cdu-csu"],"_links":{"self":[{"href":"https:\/\/www.nollendorfblog.de\/index.php?rest_route=\/wp\/v2\/posts\/5942","targetHints":{"allow":["GET"]}}],"collection":[{"href":"https:\/\/www.nollendorfblog.de\/index.php?rest_route=\/wp\/v2\/posts"}],"about":[{"href":"https:\/\/www.nollendorfblog.de\/index.php?rest_route=\/wp\/v2\/types\/post"}],"author":[{"embeddable":true,"href":"https:\/\/www.nollendorfblog.de\/index.php?rest_route=\/wp\/v2\/users\/1"}],"replies":[{"embeddable":true,"href":"https:\/\/www.nollendorfblog.de\/index.php?rest_route=%2Fwp%2Fv2%2Fcomments&post=5942"}],"version-history":[{"count":26,"href":"https:\/\/www.nollendorfblog.de\/index.php?rest_route=\/wp\/v2\/posts\/5942\/revisions"}],"predecessor-version":[{"id":10597,"href":"https:\/\/www.nollendorfblog.de\/index.php?rest_route=\/wp\/v2\/posts\/5942\/revisions\/10597"}],"wp:featuredmedia":[{"embeddable":true,"href":"https:\/\/www.nollendorfblog.de\/index.php?rest_route=\/wp\/v2\/media\/5954"}],"wp:attachment":[{"href":"https:\/\/www.nollendorfblog.de\/index.php?rest_route=%2Fwp%2Fv2%2Fmedia&parent=5942"}],"wp:term":[{"taxonomy":"category","embeddable":true,"href":"https:\/\/www.nollendorfblog.de\/index.php?rest_route=%2Fwp%2Fv2%2Fcategories&post=5942"},{"taxonomy":"post_tag","embeddable":true,"href":"https:\/\/www.nollendorfblog.de\/index.php?rest_route=%2Fwp%2Fv2%2Ftags&post=5942"}],"curies":[{"name":"wp","href":"https:\/\/api.w.org\/{rel}","templated":true}]}}