{"id":6098,"date":"2016-05-10T21:17:57","date_gmt":"2016-05-10T19:17:57","guid":{"rendered":"http:\/\/www.nollendorfblog.de\/?p=6098"},"modified":"2019-03-02T11:52:59","modified_gmt":"2019-03-02T09:52:59","slug":"70-sieben-jahre-nollendorfblog-was-ist-eigentlich-passiert","status":"publish","type":"post","link":"https:\/\/www.nollendorfblog.de\/?p=6098","title":{"rendered":"Anl\u00e4\u00dflich von sieben Jahren Nollendorfblog: Sieben schwule Blogger schreiben \u00fcber die letzten sieben Jahre schwule \/ homosexuelle Emanzipationsbewegung. Wo standen wir damals, wo stehen wir heute?"},"content":{"rendered":"<p><img loading=\"lazy\" decoding=\"async\" class=\"alignleft wp-image-6147\" src=\"https:\/\/www.nollendorfblog.de\/wp-content\/uploads\/2016\/05\/Attachment-1-300x300.jpeg\" alt=\"Attachment-1\" width=\"205\" height=\"205\" srcset=\"https:\/\/www.nollendorfblog.de\/wp-content\/uploads\/2016\/05\/Attachment-1-300x300.jpeg 300w, https:\/\/www.nollendorfblog.de\/wp-content\/uploads\/2016\/05\/Attachment-1-150x150.jpeg 150w, https:\/\/www.nollendorfblog.de\/wp-content\/uploads\/2016\/05\/Attachment-1-768x768.jpeg 768w, https:\/\/www.nollendorfblog.de\/wp-content\/uploads\/2016\/05\/Attachment-1-1024x1024.jpeg 1024w, https:\/\/www.nollendorfblog.de\/wp-content\/uploads\/2016\/05\/Attachment-1-140x140.jpeg 140w, https:\/\/www.nollendorfblog.de\/wp-content\/uploads\/2016\/05\/Attachment-1.jpeg 2048w\" sizes=\"auto, (max-width: 205px) 100vw, 205px\" \/><\/p>\n<p>Heute vor sieben Jahren habe ich hier meinen ersten Blogbeitrag ver\u00f6ffentlicht. Nein, ich werde nicht dar\u00fcber schreiben, wie alles angefangen hat, was die gro\u00dfen Themen waren.\u00a0 Denn das Sch\u00f6ne an einem Blog ist ja, dass man das alles nachlesen kann.<\/p>\n<p>Aber ich m\u00f6chte trotzdem einen R\u00fcckblick wagen auf diese sieben verflixten Jahre, die die Szene so durchgewirbelt und uns mit neuen Feinden und alten Reflexen konfrontiert haben. Was ist da eingentlich passiert?<\/p>\n<p>Ja, es gibt einen R\u00fcckblick, aber nicht von mir. Denn zum Bloggeburtstag habe ich mir (und ich w\u00fcrde mich freuen, wenn auch Euch) ein ganz besonderes Geschenk gemacht:<\/p>\n<p>Mir ist es gelungen, sieben meiner schwulen Lieblingsblogger (sieben Blogger, die sonst im Wesentlichen ihr eigenes Ding machen) dazu zu bringen, sich erstmals &#8211; zumindest virtuell &#8211; an einem gemeinsamen Ort zu versammeln. Es ist ein Experiment:<\/p>\n<p>Das Nollendorfblog wird sieben Tage lang von den Kollegen &#8222;\u00fcbernommen&#8220;.\u00a0 Jeden Tag wird ein anderer schwuler Blogger, ein anderer &#8222;digitaler&#8220; Meinungsschreiber seine ganz eigene Sicht auf die letzen sieben Jahre werfen:<\/p>\n<p>W<span class=\"_5yl5\">as bedeuten diese Jahre f\u00fcr die homosexuelle Emanzipationsbewegung, was f\u00fcr das schwule* Leben in Deutschland? Was hat sich ver\u00e4ndert, wo standen wir damals, wo stehen wir heute?<\/span><\/p>\n<p>Also, ich hoffe wir sehen uns ab morgen zur schwulen Bloggerwoche. Lasst Euch das nicht entgehen!<\/p>\n<p>Und ja: An alle, die die letzten sieben Jahre (oder einen Teil davon) dabei waren: Danke! Danke! Danke! \u2666<\/p>\n<p>&#8212;<\/p>\n<p><strong><em>Nachtrag: Hier das Archiv der schwulen Bloggerwoche &#8222;7 Jahre&#8220; zum Nachlesen:<\/em><\/strong><\/p>\n<p>[table id=2 \/]<\/p>\n<div id=\"main\">\n<section id=\"primary\">\n<div id=\"content\">\n<article><em>&#8212;<\/em><\/article>\n<article><em>* Ich wei\u00df, dass schwul und homosexuell nicht das Gleiche ist, aber es ist nun mal ein schwules Blog und somit auch ein homosexuelles. J.K.<\/em><\/article>\n<article>\n<header><em>&#8212;<\/em><\/header>\n<header><em>Grafik<span style=\"color: #000000;\">: <a style=\"color: #000000;\" href=\"http:\/\/von-klettenberg.net\/\">Thomas von Klettenberg<\/a><\/span><\/em><\/header>\n<\/article>\n<\/div>\n<\/section>\n<\/div>\n<p>&nbsp;<\/p>\n","protected":false},"excerpt":{"rendered":"<p>Zum Siebenj\u00e4hrigen wurde das Nollendorfblog sieben Tage lang von den Kollegen \u201e\u00fcbernommen\u201c. Jeden Tag schrieb ein anderer schwuler Blogger, ein anderer \u201edigitaler\u201c Meinungsschreiber seine ganz eigene Sicht auf die letzen sieben Jahre werfen. Hier das Archiv zum Nachlesen.<\/p>\n","protected":false},"author":1,"featured_media":6147,"comment_status":"open","ping_status":"open","sticky":false,"template":"","format":"standard","meta":{"footnotes":""},"categories":[162,1],"tags":[],"class_list":["post-6098","post","type-post","status-publish","format-standard","has-post-thumbnail","hentry","category-162","category-politik"],"_links":{"self":[{"href":"https:\/\/www.nollendorfblog.de\/index.php?rest_route=\/wp\/v2\/posts\/6098","targetHints":{"allow":["GET"]}}],"collection":[{"href":"https:\/\/www.nollendorfblog.de\/index.php?rest_route=\/wp\/v2\/posts"}],"about":[{"href":"https:\/\/www.nollendorfblog.de\/index.php?rest_route=\/wp\/v2\/types\/post"}],"author":[{"embeddable":true,"href":"https:\/\/www.nollendorfblog.de\/index.php?rest_route=\/wp\/v2\/users\/1"}],"replies":[{"embeddable":true,"href":"https:\/\/www.nollendorfblog.de\/index.php?rest_route=%2Fwp%2Fv2%2Fcomments&post=6098"}],"version-history":[{"count":30,"href":"https:\/\/www.nollendorfblog.de\/index.php?rest_route=\/wp\/v2\/posts\/6098\/revisions"}],"predecessor-version":[{"id":6322,"href":"https:\/\/www.nollendorfblog.de\/index.php?rest_route=\/wp\/v2\/posts\/6098\/revisions\/6322"}],"wp:featuredmedia":[{"embeddable":true,"href":"https:\/\/www.nollendorfblog.de\/index.php?rest_route=\/wp\/v2\/media\/6147"}],"wp:attachment":[{"href":"https:\/\/www.nollendorfblog.de\/index.php?rest_route=%2Fwp%2Fv2%2Fmedia&parent=6098"}],"wp:term":[{"taxonomy":"category","embeddable":true,"href":"https:\/\/www.nollendorfblog.de\/index.php?rest_route=%2Fwp%2Fv2%2Fcategories&post=6098"},{"taxonomy":"post_tag","embeddable":true,"href":"https:\/\/www.nollendorfblog.de\/index.php?rest_route=%2Fwp%2Fv2%2Ftags&post=6098"}],"curies":[{"name":"wp","href":"https:\/\/api.w.org\/{rel}","templated":true}]}}